{"id":16764,"date":"2019-03-22T21:50:15","date_gmt":"2019-03-22T21:50:15","guid":{"rendered":"http:\/\/centralmedia.rs\/?p=16764"},"modified":"2019-03-28T01:20:17","modified_gmt":"2019-03-28T01:20:17","slug":"odgovor-sase-zivkovica-na-prijavu-policiji-nikole-radosavljevica-pitao-sam-gde-vam-je-direktor-u-14-sati","status":"publish","type":"post","link":"https:\/\/centralmedia.rs\/index.php\/2019\/03\/22\/odgovor-sase-zivkovica-na-prijavu-policiji-nikole-radosavljevica-pitao-sam-gde-vam-je-direktor-u-14-sati\/","title":{"rendered":"ODGOVOR SA\u0160E \u017dIVKOVI\u0106A NA PRIJAVU POLICIJI NIKOLE RADOSAVLJEVI\u0106A &#8211; ,,PITAO SAM GDE VAM JE DIREKTOR U 14 SATI&#8221;"},"content":{"rendered":"<p>JAGODINA- Predsednik jagodinskog SNS Nikola Radosavljevi\u0107 prijavio je policiji zbog uvreda i pretnji jednog od organizatora jagodinskog Protesta 1od5miliona Sa\u0161u \u017divkovi\u0107a. Ve\u010deras se i on oglasio izjavom o pomenutom doga\u0111aju.<\/p>\n<p>&#8211; \u00a0Danas sam oko 14 sati oti\u0161ao u RFZO u Jagodini da predam dokumentaciju za putne tro\u0161kove i to sam uradio. Na stepenicama sam se susreo se sa radnikom Postekspresa. Pitao sam ga da li ide prema po\u0161ti. Rekao je da ide i da ima jedan paket da spusti dole. Pomogao sam mu i pritom sam rekao gde vam je direktor u 14 sati, a njemu svetlo uga\u0161eno u kancelariji. Radnici su po\u010deli da se smeju. I pritom sam pitao, jel ima jo\u0161 neko iz SNS da se zaposlio. I oti\u0161li smo uz osmeh. Oko 15.20 tra\u017eila me je policija. Bio sam po hranu. Kolege su mi prenele. Uredno sam pozvao policiju i dobio detaljne instrukcije. Odmah sam se uputio i dao izjavu. Kamere postoje. \u0160kolovan sam za poslove obezbe\u0111enja i nije mi diploma ,,SNS&#8221; da takve stvari radim sa nekim nasiljem. Doti\u010dni gospodin je na sve spreman. I smatram za moj ugovor o radu ne\u0107e biti produ\u017een zbog njegovog delovanja. Nikad nisam osu\u0111ivan i ka\u017enjavan, ni moj otac i \u00a0deda. Politika mi nije dala posao, kao njemu i njegovoj supruzi, stoji u pisanoj izjavi \u017divkovi\u0107a kao odgovor na prijavu Radosavljevi\u0107a.<\/p>\n","protected":false},"excerpt":{"rendered":"<p>JAGODINA- Predsednik jagodinskog SNS Nikola Radosavljevi\u0107 prijavio je policiji zbog uvreda i pretnji jednog od organizatora jagodinskog Protesta 1od5miliona Sa\u0161u \u017divkovi\u0107a. Ve\u010deras se i on &hellip; <\/p>\n","protected":false},"author":2,"featured_media":16765,"comment_status":"open","ping_status":"open","sticky":false,"template":"","format":"standard","meta":{"footnotes":""},"categories":[1524,2,1514,13,12],"tags":[58,3572,3571],"_links":{"self":[{"href":"https:\/\/centralmedia.rs\/index.php\/wp-json\/wp\/v2\/posts\/16764"}],"collection":[{"href":"https:\/\/centralmedia.rs\/index.php\/wp-json\/wp\/v2\/posts"}],"about":[{"href":"https:\/\/centralmedia.rs\/index.php\/wp-json\/wp\/v2\/types\/post"}],"author":[{"embeddable":true,"href":"https:\/\/centralmedia.rs\/index.php\/wp-json\/wp\/v2\/users\/2"}],"replies":[{"embeddable":true,"href":"https:\/\/centralmedia.rs\/index.php\/wp-json\/wp\/v2\/comments?post=16764"}],"version-history":[{"count":1,"href":"https:\/\/centralmedia.rs\/index.php\/wp-json\/wp\/v2\/posts\/16764\/revisions"}],"predecessor-version":[{"id":16766,"href":"https:\/\/centralmedia.rs\/index.php\/wp-json\/wp\/v2\/posts\/16764\/revisions\/16766"}],"wp:featuredmedia":[{"embeddable":true,"href":"https:\/\/centralmedia.rs\/index.php\/wp-json\/wp\/v2\/media\/16765"}],"wp:attachment":[{"href":"https:\/\/centralmedia.rs\/index.php\/wp-json\/wp\/v2\/media?parent=16764"}],"wp:term":[{"taxonomy":"category","embeddable":true,"href":"https:\/\/centralmedia.rs\/index.php\/wp-json\/wp\/v2\/categories?post=16764"},{"taxonomy":"post_tag","embeddable":true,"href":"https:\/\/centralmedia.rs\/index.php\/wp-json\/wp\/v2\/tags?post=16764"}],"curies":[{"name":"wp","href":"https:\/\/api.w.org\/{rel}","templated":true}]}}