{"id":16786,"date":"2019-03-24T13:08:44","date_gmt":"2019-03-24T13:08:44","guid":{"rendered":"http:\/\/centralmedia.rs\/?p=16786"},"modified":"2019-03-28T01:21:09","modified_gmt":"2019-03-28T01:21:09","slug":"nismo-zaboravili-24-mart-1999-godine","status":"publish","type":"post","link":"https:\/\/centralmedia.rs\/index.php\/2019\/03\/24\/nismo-zaboravili-24-mart-1999-godine\/","title":{"rendered":"NISMO ZABORAVILI 24. MART 1999. GODINE"},"content":{"rendered":"<p>.<\/p>\n<p>PARA\u0106IN- Polaganjem venaca na spomenik Palim borcima od 1990. do 1999. godine u parku kod srednjo\u0161kolskog centra u Para\u0107inu u znak se\u0107anja na sugra\u0111ane stradale u ratnim dejstvima obele\u017eena je godi\u0161njica po\u010detka Nato bombardovanja Srbije 1999. godine. Obele\u017eavanju su prisustvovali su predstavnici op\u0161tine, vojske i udru\u017eenja ratnika. Zavi\u010dajni muzej priredio je izlo\u017ebu &#8220;Nismo zaboravili 24.mart 1999.&#8221; na platou u centru grada, koja \u0107e biti otvorena do kraja aprila.<\/p>\n<div id='gallery-1' class='gallery galleryid-16786 gallery-columns-5 gallery-size-thumbnail'><figure class='gallery-item'>\n\t\t\t<div class='gallery-icon landscape'>\n\t\t\t\t<a href='https:\/\/centralmedia.rs\/index.php\/2019\/03\/24\/nismo-zaboravili-24-mart-1999-godine\/paracin-1-5\/'><img loading=\"lazy\" decoding=\"async\" width=\"150\" height=\"150\" src=\"https:\/\/centralmedia.rs\/wp-content\/uploads\/2019\/03\/paracin-1-150x150.jpg\" class=\"attachment-thumbnail size-thumbnail\" alt=\"\" \/><\/a>\n\t\t\t<\/div><\/figure><figure class='gallery-item'>\n\t\t\t<div class='gallery-icon portrait'>\n\t\t\t\t<a href='https:\/\/centralmedia.rs\/index.php\/2019\/03\/24\/nismo-zaboravili-24-mart-1999-godine\/muzej-4\/'><img loading=\"lazy\" decoding=\"async\" width=\"150\" height=\"150\" src=\"https:\/\/centralmedia.rs\/wp-content\/uploads\/2019\/03\/muzej-150x150.jpg\" class=\"attachment-thumbnail size-thumbnail\" alt=\"\" \/><\/a>\n\t\t\t<\/div><\/figure><figure class='gallery-item'>\n\t\t\t<div class='gallery-icon landscape'>\n\t\t\t\t<a href='https:\/\/centralmedia.rs\/index.php\/2019\/03\/24\/nismo-zaboravili-24-mart-1999-godine\/paracin-2-2\/'><img loading=\"lazy\" decoding=\"async\" width=\"150\" height=\"150\" src=\"https:\/\/centralmedia.rs\/wp-content\/uploads\/2019\/03\/paracin-2-150x150.jpg\" class=\"attachment-thumbnail size-thumbnail\" alt=\"\" \/><\/a>\n\t\t\t<\/div><\/figure><figure class='gallery-item'>\n\t\t\t<div class='gallery-icon landscape'>\n\t\t\t\t<a href='https:\/\/centralmedia.rs\/index.php\/2019\/03\/24\/nismo-zaboravili-24-mart-1999-godine\/paracin-3-2\/'><img loading=\"lazy\" decoding=\"async\" width=\"150\" height=\"150\" src=\"https:\/\/centralmedia.rs\/wp-content\/uploads\/2019\/03\/paracin-3-150x150.jpg\" class=\"attachment-thumbnail size-thumbnail\" alt=\"\" \/><\/a>\n\t\t\t<\/div><\/figure><figure class='gallery-item'>\n\t\t\t<div class='gallery-icon portrait'>\n\t\t\t\t<a href='https:\/\/centralmedia.rs\/index.php\/2019\/03\/24\/nismo-zaboravili-24-mart-1999-godine\/paracin-17\/'><img loading=\"lazy\" decoding=\"async\" width=\"150\" height=\"150\" src=\"https:\/\/centralmedia.rs\/wp-content\/uploads\/2019\/03\/paracin-150x150.jpg\" class=\"attachment-thumbnail size-thumbnail\" alt=\"\" \/><\/a>\n\t\t\t<\/div><\/figure>\n\t\t<\/div>\n\n","protected":false},"excerpt":{"rendered":"<p>. PARA\u0106IN- Polaganjem venaca na spomenik Palim borcima od 1990. do 1999. godine u parku kod srednjo\u0161kolskog centra u Para\u0107inu u znak se\u0107anja na sugra\u0111ane &hellip; <\/p>\n","protected":false},"author":2,"featured_media":16787,"comment_status":"open","ping_status":"open","sticky":false,"template":"","format":"standard","meta":{"footnotes":""},"categories":[14,1524,2,1516,12],"tags":[649,2703,156,3579],"_links":{"self":[{"href":"https:\/\/centralmedia.rs\/index.php\/wp-json\/wp\/v2\/posts\/16786"}],"collection":[{"href":"https:\/\/centralmedia.rs\/index.php\/wp-json\/wp\/v2\/posts"}],"about":[{"href":"https:\/\/centralmedia.rs\/index.php\/wp-json\/wp\/v2\/types\/post"}],"author":[{"embeddable":true,"href":"https:\/\/centralmedia.rs\/index.php\/wp-json\/wp\/v2\/users\/2"}],"replies":[{"embeddable":true,"href":"https:\/\/centralmedia.rs\/index.php\/wp-json\/wp\/v2\/comments?post=16786"}],"version-history":[{"count":1,"href":"https:\/\/centralmedia.rs\/index.php\/wp-json\/wp\/v2\/posts\/16786\/revisions"}],"predecessor-version":[{"id":16792,"href":"https:\/\/centralmedia.rs\/index.php\/wp-json\/wp\/v2\/posts\/16786\/revisions\/16792"}],"wp:featuredmedia":[{"embeddable":true,"href":"https:\/\/centralmedia.rs\/index.php\/wp-json\/wp\/v2\/media\/16787"}],"wp:attachment":[{"href":"https:\/\/centralmedia.rs\/index.php\/wp-json\/wp\/v2\/media?parent=16786"}],"wp:term":[{"taxonomy":"category","embeddable":true,"href":"https:\/\/centralmedia.rs\/index.php\/wp-json\/wp\/v2\/categories?post=16786"},{"taxonomy":"post_tag","embeddable":true,"href":"https:\/\/centralmedia.rs\/index.php\/wp-json\/wp\/v2\/tags?post=16786"}],"curies":[{"name":"wp","href":"https:\/\/api.w.org\/{rel}","templated":true}]}}