{"id":1680,"date":"2015-12-26T18:39:11","date_gmt":"2015-12-26T18:39:11","guid":{"rendered":"http:\/\/centralmedia.rs\/?p=1680"},"modified":"2015-12-26T18:39:11","modified_gmt":"2015-12-26T18:39:11","slug":"sld-podruznica-pomoravlje","status":"publish","type":"post","link":"https:\/\/centralmedia.rs\/index.php\/2015\/12\/26\/sld-podruznica-pomoravlje\/","title":{"rendered":"SLD-PODRU\u017dNICA POMORAVLJE"},"content":{"rendered":"<p>U orgranizaciji SLD-Pomoravlje u Op\u0161toj bonici u \u0106upriji odr\u017eana je sve\u010dana sednica Predsedni\u0161tva, kojoj su prisustvovali i diretori zdravstvenih ustanova u tom okrugu.Predsednica podru\u017enice dr Sne\u017eana Mileti\u0107 predlo\u017eila je program rada za 2016 godinu koji je usvojen uz konstataciju da je ambiciozan,ostvariv i prihvatljiv.<br \/>\n<a href=\"https:\/\/centralmedia.rs\/wp-content\/uploads\/2015\/12\/sld.jpg\" rel=\"attachment wp-att-1682\"><img loading=\"lazy\" decoding=\"async\" src=\"https:\/\/centralmedia.rs\/wp-content\/uploads\/2015\/12\/sld-218x300.jpg\" alt=\"sld\" width=\"218\" height=\"300\" class=\"alignnone size-medium wp-image-1682\" srcset=\"https:\/\/centralmedia.rs\/wp-content\/uploads\/2015\/12\/sld-218x300.jpg 218w, https:\/\/centralmedia.rs\/wp-content\/uploads\/2015\/12\/sld.jpg 655w\" sizes=\"(max-width: 218px) 100vw, 218px\" \/><\/a><br \/>\n-Plan predstavlja znatno ve\u0107e anga\u017eovanje na programu KME, organizaciju rada zdravstevnih ustanova, me\u0111usobnu saradnju i ve\u0107i uticaj SLD kao strukovne organizacije i donono\u0161enje odluka u Ministarstvu zdravlja u cilju efikasnijeg, kvalitetnijeg rada i planiranja stru\u010dnog kadra u nardnom periodu, ocenili su \u010dlanovi Predsedni\u0161tva.<br \/>\n<a href=\"https:\/\/centralmedia.rs\/wp-content\/uploads\/2015\/12\/sld-2.jpg\" rel=\"attachment wp-att-1683\"><img loading=\"lazy\" decoding=\"async\" src=\"https:\/\/centralmedia.rs\/wp-content\/uploads\/2015\/12\/sld-2-300x186.jpg\" alt=\"sld (2)\" width=\"300\" height=\"186\" class=\"alignnone size-medium wp-image-1683\" srcset=\"https:\/\/centralmedia.rs\/wp-content\/uploads\/2015\/12\/sld-2-300x186.jpg 300w, https:\/\/centralmedia.rs\/wp-content\/uploads\/2015\/12\/sld-2-356x220.jpg 356w, https:\/\/centralmedia.rs\/wp-content\/uploads\/2015\/12\/sld-2.jpg 708w\" sizes=\"(max-width: 300px) 100vw, 300px\" \/><\/a><br \/>\nOni su zaklju\u010dili da posle du\u017eeg vremena SLD Pomoravlje po\u010dinje da zauzima mesto u orgranizaciji, radu i planiranju rada zdravstvenih ustanova u tom delu Srbije.<br \/>\n<a href=\"https:\/\/centralmedia.rs\/wp-content\/uploads\/2015\/12\/sld-3.jpg\" rel=\"attachment wp-att-1684\"><img loading=\"lazy\" decoding=\"async\" src=\"https:\/\/centralmedia.rs\/wp-content\/uploads\/2015\/12\/sld-3-300x164.jpg\" alt=\"sld (3)\" width=\"300\" height=\"164\" class=\"alignnone size-medium wp-image-1684\" srcset=\"https:\/\/centralmedia.rs\/wp-content\/uploads\/2015\/12\/sld-3-300x164.jpg 300w, https:\/\/centralmedia.rs\/wp-content\/uploads\/2015\/12\/sld-3.jpg 640w\" sizes=\"(max-width: 300px) 100vw, 300px\" \/><\/a><\/p>\n","protected":false},"excerpt":{"rendered":"<p>U orgranizaciji SLD-Pomoravlje u Op\u0161toj bonici u \u0106upriji odr\u017eana je sve\u010dana sednica Predsedni\u0161tva, kojoj su prisustvovali i diretori zdravstvenih ustanova u tom okrugu.Predsednica podru\u017enice dr &hellip; <\/p>\n","protected":false},"author":4,"featured_media":1681,"comment_status":"open","ping_status":"open","sticky":false,"template":"","format":"standard","meta":{"footnotes":""},"categories":[28],"tags":[44,403,402],"_links":{"self":[{"href":"https:\/\/centralmedia.rs\/index.php\/wp-json\/wp\/v2\/posts\/1680"}],"collection":[{"href":"https:\/\/centralmedia.rs\/index.php\/wp-json\/wp\/v2\/posts"}],"about":[{"href":"https:\/\/centralmedia.rs\/index.php\/wp-json\/wp\/v2\/types\/post"}],"author":[{"embeddable":true,"href":"https:\/\/centralmedia.rs\/index.php\/wp-json\/wp\/v2\/users\/4"}],"replies":[{"embeddable":true,"href":"https:\/\/centralmedia.rs\/index.php\/wp-json\/wp\/v2\/comments?post=1680"}],"version-history":[{"count":0,"href":"https:\/\/centralmedia.rs\/index.php\/wp-json\/wp\/v2\/posts\/1680\/revisions"}],"wp:featuredmedia":[{"embeddable":true,"href":"https:\/\/centralmedia.rs\/index.php\/wp-json\/wp\/v2\/media\/1681"}],"wp:attachment":[{"href":"https:\/\/centralmedia.rs\/index.php\/wp-json\/wp\/v2\/media?parent=1680"}],"wp:term":[{"taxonomy":"category","embeddable":true,"href":"https:\/\/centralmedia.rs\/index.php\/wp-json\/wp\/v2\/categories?post=1680"},{"taxonomy":"post_tag","embeddable":true,"href":"https:\/\/centralmedia.rs\/index.php\/wp-json\/wp\/v2\/tags?post=1680"}],"curies":[{"name":"wp","href":"https:\/\/api.w.org\/{rel}","templated":true}]}}