{"id":16802,"date":"2019-03-26T15:07:27","date_gmt":"2019-03-26T15:07:27","guid":{"rendered":"http:\/\/centralmedia.rs\/?p=16802"},"modified":"2019-04-04T14:32:39","modified_gmt":"2019-04-04T14:32:39","slug":"posle-20-godina-od-nato-agresije-otklanjaju-se-posledice-cuprijska-gradska-kuca-u-bivsem-22-decembru","status":"publish","type":"post","link":"https:\/\/centralmedia.rs\/index.php\/2019\/03\/26\/posle-20-godina-od-nato-agresije-otklanjaju-se-posledice-cuprijska-gradska-kuca-u-bivsem-22-decembru\/","title":{"rendered":"POSLE 20 GODINA OD NATO AGRESIJE OTKLANJAJU SE POSLEDICE &#8211;  \u0106UPRIJSKA GRADSKA KU\u0106A U BIV\u0160EM ,,22. DECEMBRU&#8221;"},"content":{"rendered":"<p><strong>\u0106<\/strong>UPRIJA- Posle 20 godina od Nato bombardovanja objekata u centru \u0106uprije zapo\u010dinje otklanjanje posledica tog stravi\u010dnog \u010dina sa karja 20. veka. Dr\u017eava Srbija danas je prenela u svojinu op\u0161tine \u0106uprija u objekat nekada\u0161nje kragujeva\u010dke Modne ku\u0107e \u201e22. decembar\u201c povr\u0161ine 940 kvadrata, vredan po procenici Poreske uprave milion\u00a0 evra. Objekat \u0107e biti rekonstruisan i tu \u0107e biti Gradska ku\u0107a \u0106uprije kao reprezentativno zdanje. Lokalna samouprava je bez naknade postala vlasnik zgrade u samom centru \u0106uprije, objekta koji je od bombardovanja predstavljao ruglo i lo\u0161u sliku \u0106uprije. Ugovor o prenosu svojine potpisal\u010di su Jovan Vorkapi\u0107, direktor Republi\u010dke direkcije za imovinu i Ninoslav Eri\u0107, predsednik op\u0161tine \u0106uprija.<\/p>\n<div id='gallery-1' class='gallery galleryid-16802 gallery-columns-9 gallery-size-thumbnail'><figure class='gallery-item'>\n\t\t\t<div class='gallery-icon landscape'>\n\t\t\t\t<a href='https:\/\/centralmedia.rs\/index.php\/2019\/03\/26\/posle-20-godina-od-nato-agresije-otklanjaju-se-posledice-cuprijska-gradska-kuca-u-bivsem-22-decembru\/22-decembar-7\/'><img loading=\"lazy\" decoding=\"async\" width=\"150\" height=\"150\" src=\"https:\/\/centralmedia.rs\/wp-content\/uploads\/2019\/03\/22-decembar-7-150x150.jpg\" class=\"attachment-thumbnail size-thumbnail\" alt=\"\" \/><\/a>\n\t\t\t<\/div><\/figure><figure class='gallery-item'>\n\t\t\t<div class='gallery-icon landscape'>\n\t\t\t\t<a href='https:\/\/centralmedia.rs\/index.php\/2019\/03\/26\/posle-20-godina-od-nato-agresije-otklanjaju-se-posledice-cuprijska-gradska-kuca-u-bivsem-22-decembru\/22-decembar-8\/'><img loading=\"lazy\" decoding=\"async\" width=\"150\" height=\"150\" src=\"https:\/\/centralmedia.rs\/wp-content\/uploads\/2019\/03\/22-decembar-8-150x150.jpg\" class=\"attachment-thumbnail size-thumbnail\" alt=\"\" \/><\/a>\n\t\t\t<\/div><\/figure><figure class='gallery-item'>\n\t\t\t<div class='gallery-icon landscape'>\n\t\t\t\t<a href='https:\/\/centralmedia.rs\/index.php\/2019\/03\/26\/posle-20-godina-od-nato-agresije-otklanjaju-se-posledice-cuprijska-gradska-kuca-u-bivsem-22-decembru\/22-decembar-1\/'><img loading=\"lazy\" decoding=\"async\" width=\"150\" height=\"150\" src=\"https:\/\/centralmedia.rs\/wp-content\/uploads\/2019\/03\/22-decembar-1-150x150.jpg\" class=\"attachment-thumbnail size-thumbnail\" alt=\"\" \/><\/a>\n\t\t\t<\/div><\/figure><figure class='gallery-item'>\n\t\t\t<div class='gallery-icon landscape'>\n\t\t\t\t<a href='https:\/\/centralmedia.rs\/index.php\/2019\/03\/26\/posle-20-godina-od-nato-agresije-otklanjaju-se-posledice-cuprijska-gradska-kuca-u-bivsem-22-decembru\/22-decembar-2\/'><img loading=\"lazy\" decoding=\"async\" width=\"150\" height=\"150\" src=\"https:\/\/centralmedia.rs\/wp-content\/uploads\/2019\/03\/22-decembar-2-150x150.jpg\" class=\"attachment-thumbnail size-thumbnail\" alt=\"\" \/><\/a>\n\t\t\t<\/div><\/figure><figure class='gallery-item'>\n\t\t\t<div class='gallery-icon landscape'>\n\t\t\t\t<a href='https:\/\/centralmedia.rs\/index.php\/2019\/03\/26\/posle-20-godina-od-nato-agresije-otklanjaju-se-posledice-cuprijska-gradska-kuca-u-bivsem-22-decembru\/22-decembar-3\/'><img loading=\"lazy\" decoding=\"async\" width=\"150\" height=\"150\" src=\"https:\/\/centralmedia.rs\/wp-content\/uploads\/2019\/03\/22-decembar-3-150x150.jpg\" class=\"attachment-thumbnail size-thumbnail\" alt=\"\" \/><\/a>\n\t\t\t<\/div><\/figure><figure class='gallery-item'>\n\t\t\t<div class='gallery-icon landscape'>\n\t\t\t\t<a href='https:\/\/centralmedia.rs\/index.php\/2019\/03\/26\/posle-20-godina-od-nato-agresije-otklanjaju-se-posledice-cuprijska-gradska-kuca-u-bivsem-22-decembru\/22-decembar-4\/'><img loading=\"lazy\" decoding=\"async\" width=\"150\" height=\"150\" src=\"https:\/\/centralmedia.rs\/wp-content\/uploads\/2019\/03\/22-decembar-4-150x150.jpg\" class=\"attachment-thumbnail size-thumbnail\" alt=\"\" \/><\/a>\n\t\t\t<\/div><\/figure><figure class='gallery-item'>\n\t\t\t<div class='gallery-icon landscape'>\n\t\t\t\t<a href='https:\/\/centralmedia.rs\/index.php\/2019\/03\/26\/posle-20-godina-od-nato-agresije-otklanjaju-se-posledice-cuprijska-gradska-kuca-u-bivsem-22-decembru\/22-decembar-5\/'><img loading=\"lazy\" decoding=\"async\" width=\"150\" height=\"150\" src=\"https:\/\/centralmedia.rs\/wp-content\/uploads\/2019\/03\/22-decembar-5-150x150.jpg\" class=\"attachment-thumbnail size-thumbnail\" alt=\"\" \/><\/a>\n\t\t\t<\/div><\/figure><figure class='gallery-item'>\n\t\t\t<div class='gallery-icon landscape'>\n\t\t\t\t<a href='https:\/\/centralmedia.rs\/index.php\/2019\/03\/26\/posle-20-godina-od-nato-agresije-otklanjaju-se-posledice-cuprijska-gradska-kuca-u-bivsem-22-decembru\/22-decembar-6\/'><img loading=\"lazy\" decoding=\"async\" width=\"150\" height=\"150\" src=\"https:\/\/centralmedia.rs\/wp-content\/uploads\/2019\/03\/22-decembar-6-150x150.jpg\" class=\"attachment-thumbnail size-thumbnail\" alt=\"\" \/><\/a>\n\t\t\t<\/div><\/figure><figure class='gallery-item'>\n\t\t\t<div class='gallery-icon landscape'>\n\t\t\t\t<a href='https:\/\/centralmedia.rs\/index.php\/2019\/03\/26\/posle-20-godina-od-nato-agresije-otklanjaju-se-posledice-cuprijska-gradska-kuca-u-bivsem-22-decembru\/22-decembar\/'><img loading=\"lazy\" decoding=\"async\" width=\"150\" height=\"150\" src=\"https:\/\/centralmedia.rs\/wp-content\/uploads\/2019\/03\/22-decembar-150x150.jpg\" class=\"attachment-thumbnail size-thumbnail\" alt=\"\" \/><\/a>\n\t\t\t<\/div><\/figure>\n\t\t<\/div>\n\n<p>Vorkapi\u0107 je konstatovao da je ,,dana\u0161nji dan kruna jednog velikog posla u \u010dijem sredi\u0161tu je bio prvi \u010dovek \u0107uprijske lokalne samouprave&#8221;.<\/p>\n<p>&#8211; Kona\u010dno, posle velikog zalaganja pre svega predsednika Op\u0161tine \u0106uprija Ninoslava Eri\u0107a, mi danas prenosimo ovu zgradu, koja se nalazi u samom centru grada i koja je kao stvorena za Gradsku ku\u0107u, u svojinu lokalne samouprave. Ovo je, da podsetim, tre\u0107i put da dolazimo u op\u0161tinu \u0106uprija ovakvim povodom, bili smo ovde da atletskoj \u0106upriji prenesemo stadion na kome se sada gradi Atletski centar Srbije, a pre toga i da prenesemo zemlji\u0161te za potrebe izgradnje industrijske zone, gde \u0107e u aprilu do\u0107i i turski investitor da krene sa izgradnjom fabrike FEKA, rekao je Vorkapi\u0107 i izrazio zadovoljstvo \u0161to je vlasnik objekta biv\u0161eg \u201e22. decembra\u201c sada \u201eneko ko zna da se stara o imovini\u201c.<\/p>\n<p>I predsednik Eri\u0107 nije krio zadovoljstvo potpisivanjem ugovora kojim se, napokon, sti\u010du uslovi da jo\u0161 jedna \u201ecrna ta\u010dka\u201c \u0106uprije bude pretvorena u funkcionalno koristan i estetski lep marker grada na Moravi. Ipak, svoje izlaganje pred novinarima Eri\u0107 je po\u010deo zahvalom \u010doveku koji je nesumnjivo uveliko zaslu\u017ean \u0161to je dvadesetogodi\u0161njem putu propadanja \u201e22. decembra\u201c kona\u010dno do\u0161ao kraj.<\/p>\n<blockquote><p>rekonstrukcija trotoara I SPOMENIK SE\u0106ANJA<\/p>\n<p><span style=\"font-weight: inherit; font-style: inherit;\">Odgovaraju\u0107i na pitanja novinara, predsednik Eri\u0107 je potvrdio da je u petak, 22. marta, u Ministarstvu privrede potpisao ugovor o rekonstrukciji trotoara u Ulici kneza Milo\u0161a u iznosu od 58 miliona dinara. Radovi uskoro kre\u0107u, a prvi \u010dovek \u0107uprijske lokalne samouprave danas je obelodanio i da je zemlji\u0161te koje sada slu\u017ei kao parking, na mestu gde se nekada nalazila kafana \u201eKasina\u201c, preneto u svojinu Op\u0161tine \u0106uprija. Kako je rekao Eri\u0107, po\u0161to je tu pao jedan od projektila tokom NATO agresije, uskoro \u0107e ovaj prostor biti pretvoren u trg na kome \u0107e biti podignut spomenik se\u0107anja na NATO agresiju.<\/span><\/p><\/blockquote>\n<p>&#8211; Prvenstveno, zahvaljujem se Jovanu Vorkapi\u0107u, direktoru Republi\u010dke direkcije za imovinu, koji je ovde i doma\u0107in jer je dobio \u201eklju\u010deve grada\u201c kada je Republika Srbija prenela u vlasni\u0161tvo 16 hektara industrijske zone. Danas smo opet tu jer dr\u017eava Srbija prenosi pravo javne svojine na lokalnu samoupravu i nad ovim objektom. Svi gra\u0111ani \u0106uprije znaju da je veliki problem imati u samom centru zgradu koja je ruina, iz koje je \u010dak i drve\u0107e po\u010delo da raste\u201c, rekao je predsednik Op\u0161tine \u0106uprija, osvrnuv\u0161i se potom i na probleme koji su pratili proces prenosa prava svojine nad objektom nekada\u0161nje Modne ku\u0107e \u201e22. decembar\u201c.<\/p>\n<p>&#8211; Verujte, ja sam svaki put kad sam i\u0161ao u Beograd pri\u010dao i o ovom nasle\u0111enom problemu i uop\u0161te nije bilo lako da do\u0111emo do dana\u0161njeg dana i potpisivanja ugovora o prenosu prava svojine. Poreska uprava, koja je bila korisnik objekta, sve ove godine je \u017eelela da zadr\u017ei zgradu Modne ku\u0107e \u201e22. decembar\u201c. Poslednjih godinu dana posebno smo intenzivirali na\u0161e razgovore sa ljudima iz Poreske uprave i, eto, uspeli smo u naumu da pribavimo objekat u javnu svojinu. U tome nam je bezrezervno pomogao direktor Vorkapi\u0107, jer je znao \u2013 i zna \u2013 da se Op\u0161tina \u0106uprija doma\u0107inski odnosi stara o svojoj imovini i prema imovini koju je dobila od Republike, rekao je Eri\u0107.<\/p>\n<p>On je podsetio i na brojne nasle\u0111ene probleme sa kojima su se on i njegov tim susretali od kraja juna 2013. godine, kada su i preuzeli odgovornost u lokalnoj samoupravi. Kako je moglo da se \u010duje, lako bi bilo da je samo trebalo re\u0161iti problem sa zgradom \u201e22. decembra\u201c.<\/p>\n<p>&#8211; Mi smo za ovih pet godina uradili veliki broj stvari koje su vrlo bitne za lokalnu samoupravu. Niko nije mario za svojinu lokalne samouprave u poslednje dve decenije, a slikovit primer je i zgrada \u201e22. decembra\u201c, to \u0161to niko nije uradio za 13 godina, mi smo uradili. Vrlo je va\u017eno da istaknem da svaku stvar koju radimo, radimo u korist na\u0161ih sugra\u0111ana. I nije, naravno, problem bio samo sa ovim objektom. Mi smo zatekli potpuno devastiranu \u0106upriju, sa lo\u0161om infrastrukturom, bez industrijske zone, sa teretom lo\u0161e privatizacije\u2026 Moj tim i ja smo do sada uspeli da o\u017eivimo skoro sve braunfild lokacije: \u201eMladost\u201c, \u201eCari\u010din grad\u201c, \u201eKompresor\u201c, \u201eVelmortrans\u201c, \u201eKomponenentu\u201c, Poljoprivredno dobro \u201eDobri\u010devo\u201c\u2026 Ispravili smo 80 procenata svih lo\u0161ih stvari koje smo zatekli, i ja vam poru\u010dujem da \u0107emo sa istom energijom i voljom da zavr\u0161imo i preostalih 20 odsto, poentirao je predsednik Eri\u0107.<\/p>\n<p>Ina\u010de, prema re\u010dima prvog \u010doveka \u0107uprijske lokalne samouprave, ve\u0107 se sada zna i namena objekta \u201e22. decembra\u201c posle rekonstrukcije \u2013 bi\u0107e to zdanje Op\u0161tinske uprave op\u0161tine \u0106uprija.<\/p>\n<p>&#8211; \u0160to se ti\u010de samog \u201e22. decembra\u201c, Planom detaljne regulacije predvideli smo da zgrada bude u funkciji Op\u0161tine, odnosno \u2013 Op\u0161tinske uprave. Ve\u0107 od danas kre\u0107emo u izradu projektno-tehni\u010dke dokumentacije, a ja o\u010dekujem da do kraja godine po\u010dnemo i sa rekonstrukcijom fasade, odnosno spolja\u0161njeg dela objekta, a dogodine i unutra\u0161njeg dela zgrade, koja na tri eta\u017ee ima ukupno 948 kvadrata i \u010dija je vrednost, prema proceni Poreske uprave, oko milion evra, isti\u010de Eri\u0107.<\/p>\n<p>Po zavr\u0161etku konferencije za novinare, Vorkapi\u0107 i Eri\u0107 sa svojim saradnicima obi\u0161li su objekat u kome se nekada nalazila Modna ku\u0107a \u201e22. decembar\u201c<\/p>\n","protected":false},"excerpt":{"rendered":"<p>\u0106UPRIJA- Posle 20 godina od Nato bombardovanja objekata u centru \u0106uprije zapo\u010dinje otklanjanje posledica tog stravi\u010dnog \u010dina sa karja 20. veka. Dr\u017eava Srbija danas je &hellip; <\/p>\n","protected":false},"author":2,"featured_media":16804,"comment_status":"open","ping_status":"open","sticky":false,"template":"","format":"standard","meta":{"footnotes":""},"categories":[1515,14,1524,2,12],"tags":[44,3582,3581],"_links":{"self":[{"href":"https:\/\/centralmedia.rs\/index.php\/wp-json\/wp\/v2\/posts\/16802"}],"collection":[{"href":"https:\/\/centralmedia.rs\/index.php\/wp-json\/wp\/v2\/posts"}],"about":[{"href":"https:\/\/centralmedia.rs\/index.php\/wp-json\/wp\/v2\/types\/post"}],"author":[{"embeddable":true,"href":"https:\/\/centralmedia.rs\/index.php\/wp-json\/wp\/v2\/users\/2"}],"replies":[{"embeddable":true,"href":"https:\/\/centralmedia.rs\/index.php\/wp-json\/wp\/v2\/comments?post=16802"}],"version-history":[{"count":1,"href":"https:\/\/centralmedia.rs\/index.php\/wp-json\/wp\/v2\/posts\/16802\/revisions"}],"predecessor-version":[{"id":16812,"href":"https:\/\/centralmedia.rs\/index.php\/wp-json\/wp\/v2\/posts\/16802\/revisions\/16812"}],"wp:featuredmedia":[{"embeddable":true,"href":"https:\/\/centralmedia.rs\/index.php\/wp-json\/wp\/v2\/media\/16804"}],"wp:attachment":[{"href":"https:\/\/centralmedia.rs\/index.php\/wp-json\/wp\/v2\/media?parent=16802"}],"wp:term":[{"taxonomy":"category","embeddable":true,"href":"https:\/\/centralmedia.rs\/index.php\/wp-json\/wp\/v2\/categories?post=16802"},{"taxonomy":"post_tag","embeddable":true,"href":"https:\/\/centralmedia.rs\/index.php\/wp-json\/wp\/v2\/tags?post=16802"}],"curies":[{"name":"wp","href":"https:\/\/api.w.org\/{rel}","templated":true}]}}