{"id":16813,"date":"2019-03-26T16:53:47","date_gmt":"2019-03-26T16:53:47","guid":{"rendered":"http:\/\/centralmedia.rs\/?p=16813"},"modified":"2019-04-04T14:32:28","modified_gmt":"2019-04-04T14:32:28","slug":"svecanom-sednicom-pocelo-obelezavanje-velikog-jubileja-vek-i-po-jagodinske-gimnazije","status":"publish","type":"post","link":"https:\/\/centralmedia.rs\/index.php\/2019\/03\/26\/svecanom-sednicom-pocelo-obelezavanje-velikog-jubileja-vek-i-po-jagodinske-gimnazije\/","title":{"rendered":"SVE\u010cANOM SEDNICOM PO\u010cELO OBELE\u017dAVANJE VELIKOG JUBILEJA &#8211; VEK I PO JAGODINSKE GIMNAZIJE"},"content":{"rendered":"<p>JAGODINA- Sve\u010danom sednicom i dodelom zahvalnica penzionisanim pofesorima i donatorima po\u010delo obele\u017eavanje 150 godina postojanja jagodinske Gimnazije. Sve\u010dana akademija bi\u0107e odr\u017eana 19. aprila u Kulturnim centru.<\/p>\n<div id='gallery-1' class='gallery galleryid-16813 gallery-columns-8 gallery-size-thumbnail'><figure class='gallery-item'>\n\t\t\t<div class='gallery-icon portrait'>\n\t\t\t\t<a href='https:\/\/centralmedia.rs\/index.php\/2019\/03\/26\/svecanom-sednicom-pocelo-obelezavanje-velikog-jubileja-vek-i-po-jagodinske-gimnazije\/jubilej-2\/'><img loading=\"lazy\" decoding=\"async\" width=\"150\" height=\"150\" src=\"https:\/\/centralmedia.rs\/wp-content\/uploads\/2019\/03\/jubilej-150x150.jpg\" class=\"attachment-thumbnail size-thumbnail\" alt=\"\" \/><\/a>\n\t\t\t<\/div><\/figure><figure class='gallery-item'>\n\t\t\t<div class='gallery-icon portrait'>\n\t\t\t\t<a href='https:\/\/centralmedia.rs\/index.php\/2019\/03\/26\/svecanom-sednicom-pocelo-obelezavanje-velikog-jubileja-vek-i-po-jagodinske-gimnazije\/gimnazija-2\/'><img loading=\"lazy\" decoding=\"async\" width=\"150\" height=\"150\" src=\"https:\/\/centralmedia.rs\/wp-content\/uploads\/2019\/03\/gimnazija-150x150.jpg\" class=\"attachment-thumbnail size-thumbnail\" alt=\"\" \/><\/a>\n\t\t\t<\/div><\/figure><figure class='gallery-item'>\n\t\t\t<div class='gallery-icon portrait'>\n\t\t\t\t<a href='https:\/\/centralmedia.rs\/index.php\/2019\/03\/26\/svecanom-sednicom-pocelo-obelezavanje-velikog-jubileja-vek-i-po-jagodinske-gimnazije\/gimanzija-3\/'><img loading=\"lazy\" decoding=\"async\" width=\"150\" height=\"150\" src=\"https:\/\/centralmedia.rs\/wp-content\/uploads\/2019\/03\/gimanzija-3-150x150.jpg\" class=\"attachment-thumbnail size-thumbnail\" alt=\"\" \/><\/a>\n\t\t\t<\/div><\/figure><figure class='gallery-item'>\n\t\t\t<div class='gallery-icon portrait'>\n\t\t\t\t<a href='https:\/\/centralmedia.rs\/index.php\/2019\/03\/26\/svecanom-sednicom-pocelo-obelezavanje-velikog-jubileja-vek-i-po-jagodinske-gimnazije\/gimnazija-1\/'><img loading=\"lazy\" decoding=\"async\" width=\"150\" height=\"150\" src=\"https:\/\/centralmedia.rs\/wp-content\/uploads\/2019\/03\/gimnazija-1-150x150.jpg\" class=\"attachment-thumbnail size-thumbnail\" alt=\"\" \/><\/a>\n\t\t\t<\/div><\/figure><figure class='gallery-item'>\n\t\t\t<div class='gallery-icon portrait'>\n\t\t\t\t<a href='https:\/\/centralmedia.rs\/index.php\/2019\/03\/26\/svecanom-sednicom-pocelo-obelezavanje-velikog-jubileja-vek-i-po-jagodinske-gimnazije\/gimnaziaj-4\/'><img loading=\"lazy\" decoding=\"async\" width=\"150\" height=\"150\" src=\"https:\/\/centralmedia.rs\/wp-content\/uploads\/2019\/03\/gimnaziaj-4-150x150.jpg\" class=\"attachment-thumbnail size-thumbnail\" alt=\"\" \/><\/a>\n\t\t\t<\/div><\/figure><figure class='gallery-item'>\n\t\t\t<div class='gallery-icon portrait'>\n\t\t\t\t<a href='https:\/\/centralmedia.rs\/index.php\/2019\/03\/26\/svecanom-sednicom-pocelo-obelezavanje-velikog-jubileja-vek-i-po-jagodinske-gimnazije\/gimanzija-4\/'><img loading=\"lazy\" decoding=\"async\" width=\"150\" height=\"150\" src=\"https:\/\/centralmedia.rs\/wp-content\/uploads\/2019\/03\/gimanzija-4-150x150.jpg\" class=\"attachment-thumbnail size-thumbnail\" alt=\"\" \/><\/a>\n\t\t\t<\/div><\/figure><figure class='gallery-item'>\n\t\t\t<div class='gallery-icon portrait'>\n\t\t\t\t<a href='https:\/\/centralmedia.rs\/index.php\/2019\/03\/26\/svecanom-sednicom-pocelo-obelezavanje-velikog-jubileja-vek-i-po-jagodinske-gimnazije\/gimanzija-2\/'><img loading=\"lazy\" decoding=\"async\" width=\"150\" height=\"150\" src=\"https:\/\/centralmedia.rs\/wp-content\/uploads\/2019\/03\/gimanzija-2-150x150.jpg\" class=\"attachment-thumbnail size-thumbnail\" alt=\"\" \/><\/a>\n\t\t\t<\/div><\/figure><figure class='gallery-item'>\n\t\t\t<div class='gallery-icon landscape'>\n\t\t\t\t<a href='https:\/\/centralmedia.rs\/index.php\/2019\/03\/26\/svecanom-sednicom-pocelo-obelezavanje-velikog-jubileja-vek-i-po-jagodinske-gimnazije\/gimnazija-5\/'><img loading=\"lazy\" decoding=\"async\" width=\"150\" height=\"150\" src=\"https:\/\/centralmedia.rs\/wp-content\/uploads\/2019\/03\/gimnazija-5-150x150.jpg\" class=\"attachment-thumbnail size-thumbnail\" alt=\"\" \/><\/a>\n\t\t\t<\/div><\/figure>\n\t\t<\/div>\n\n<p>&#8211; Danas je dan \u0161kole, datum kada su preneti ostaci Svetozara Markovi\u0107a u Jagodinu. \u0160kola je osnovana 26. novembra 1869 godine pod nazivom ,,Gimnazijska realka&#8221; i me\u0111u najstarijim je gimnazijma u Srbiji, rekao je direktor Mi\u0107a Veljkovi\u0107.<\/p>\n<p>Zahvalnice su uru\u010dene profesorima Slobodanki Slavkovi\u0107, Anici Jovanovi\u0107, Mirjani Jevremovi\u0107, Bogdani Vu\u010dkovi\u0107, Mihailu Vuki\u010devi\u0107u, Milanu Danilovi\u0107u, Mirjani Veljkovi\u0107, Mariji Markovi\u0107, \u0110or\u0111u Mileti\u0107u&#8230;<\/p>\n","protected":false},"excerpt":{"rendered":"<p>JAGODINA- Sve\u010danom sednicom i dodelom zahvalnica penzionisanim pofesorima i donatorima po\u010delo obele\u017eavanje 150 godina postojanja jagodinske Gimnazije. Sve\u010dana akademija bi\u0107e odr\u017eana 19. aprila u Kulturnim &hellip; <\/p>\n","protected":false},"author":2,"featured_media":16814,"comment_status":"open","ping_status":"open","sticky":false,"template":"","format":"standard","meta":{"footnotes":""},"categories":[14,1524,2,1514,12],"tags":[224,58,713,3381],"_links":{"self":[{"href":"https:\/\/centralmedia.rs\/index.php\/wp-json\/wp\/v2\/posts\/16813"}],"collection":[{"href":"https:\/\/centralmedia.rs\/index.php\/wp-json\/wp\/v2\/posts"}],"about":[{"href":"https:\/\/centralmedia.rs\/index.php\/wp-json\/wp\/v2\/types\/post"}],"author":[{"embeddable":true,"href":"https:\/\/centralmedia.rs\/index.php\/wp-json\/wp\/v2\/users\/2"}],"replies":[{"embeddable":true,"href":"https:\/\/centralmedia.rs\/index.php\/wp-json\/wp\/v2\/comments?post=16813"}],"version-history":[{"count":1,"href":"https:\/\/centralmedia.rs\/index.php\/wp-json\/wp\/v2\/posts\/16813\/revisions"}],"predecessor-version":[{"id":16822,"href":"https:\/\/centralmedia.rs\/index.php\/wp-json\/wp\/v2\/posts\/16813\/revisions\/16822"}],"wp:featuredmedia":[{"embeddable":true,"href":"https:\/\/centralmedia.rs\/index.php\/wp-json\/wp\/v2\/media\/16814"}],"wp:attachment":[{"href":"https:\/\/centralmedia.rs\/index.php\/wp-json\/wp\/v2\/media?parent=16813"}],"wp:term":[{"taxonomy":"category","embeddable":true,"href":"https:\/\/centralmedia.rs\/index.php\/wp-json\/wp\/v2\/categories?post=16813"},{"taxonomy":"post_tag","embeddable":true,"href":"https:\/\/centralmedia.rs\/index.php\/wp-json\/wp\/v2\/tags?post=16813"}],"curies":[{"name":"wp","href":"https:\/\/api.w.org\/{rel}","templated":true}]}}