{"id":16826,"date":"2019-03-28T01:10:04","date_gmt":"2019-03-28T01:10:04","guid":{"rendered":"http:\/\/centralmedia.rs\/?p=16826"},"modified":"2019-04-04T14:32:17","modified_gmt":"2019-04-04T14:32:17","slug":"centar-za-brigu-o-porodici-obelezio-godinu-dana-rada","status":"publish","type":"post","link":"https:\/\/centralmedia.rs\/index.php\/2019\/03\/28\/centar-za-brigu-o-porodici-obelezio-godinu-dana-rada\/","title":{"rendered":"CENTAR ZA BRIGU O PORODICI OBELE\u017dIO GODINU DANA RADA"},"content":{"rendered":"<p>SVILAJNAC- Nizom aktivnosti pod nazivom \u201eDani otvornih vrata\u201c, koji \u0107e biti realizovani do 29. marta, Centar za brigu o porodici \u201eSvilajnac\u201c proslavi\u0107e prvi ro\u0111endan. Centar je ugostio mame, koje su ve\u017ebale tokom trudno\u0107e, kao i budu\u0107e mame koje trenutno ve\u017ebaju. Odr\u017eano predavanje na temu \u201ePrevencija elektronskog nasilja\u201c.\u00a0Cilj predavanja je bio pru\u017eanje podr\u0161ke \u0111acima osnovno\u0161kolskog uzrasta u uo\u010davanju i prevenciji \u201ezamki\u201c koje nosi elektronsko nasilje.<br \/>\nRealizovana je radionica, koju su pripremili master defektolog-logoped Dragana Gruji\u0107 i specijalista strukovni fizioterapeut Jelena Radovanovi\u0107, logopedskih tretmana i tretmana koji se svakodnevno realizuju sa fizioterapeutom u Centru.<\/p>\n<p>&#8211; Centar za brigu o porodici \u201eSvilajnac\u201c je ta\u010dno pre godinu dana realizovao svoju prvu aktivnost. Od 24.marta 2018. godine do dana\u0161njeg dana broj aktivnosti se pove\u0107avao i svojim anga\u017eovanjem smo se trudili da obuhvatimo sve kategorije stanovni\u0161tva, od najmla\u0111ih do najstarijih. Hvala lokalnoj samoupravi \u0161to prepoznaje na\u0161e potencijale, hvala svim saradnicima \u0161to nam omogu\u0107avaju da iz dana u dan \u201erastemo\u201c nude\u0107i nam ruku podr\u0161ke i hvala na\u0161im Svilajn\u010danima na ukazanom poverenju, zbog Vas se trudimo da budemo bolji, humaniji i inovativniji, saop\u0161teno je iz Centra.<\/p>\n<div id='gallery-1' class='gallery galleryid-16826 gallery-columns-8 gallery-size-thumbnail'><figure class='gallery-item'>\n\t\t\t<div class='gallery-icon landscape'>\n\t\t\t\t<a href='https:\/\/centralmedia.rs\/index.php\/2019\/03\/28\/centar-za-brigu-o-porodici-obelezio-godinu-dana-rada\/centar-2\/'><img loading=\"lazy\" decoding=\"async\" width=\"150\" height=\"150\" src=\"https:\/\/centralmedia.rs\/wp-content\/uploads\/2019\/03\/centar-150x150.jpg\" class=\"attachment-thumbnail size-thumbnail\" alt=\"\" \/><\/a>\n\t\t\t<\/div><\/figure><figure class='gallery-item'>\n\t\t\t<div class='gallery-icon landscape'>\n\t\t\t\t<a href='https:\/\/centralmedia.rs\/index.php\/2019\/03\/28\/centar-za-brigu-o-porodici-obelezio-godinu-dana-rada\/centar-5\/'><img loading=\"lazy\" decoding=\"async\" width=\"150\" height=\"150\" src=\"https:\/\/centralmedia.rs\/wp-content\/uploads\/2019\/03\/centar-5-150x150.jpg\" class=\"attachment-thumbnail size-thumbnail\" alt=\"\" \/><\/a>\n\t\t\t<\/div><\/figure><figure class='gallery-item'>\n\t\t\t<div class='gallery-icon landscape'>\n\t\t\t\t<a href='https:\/\/centralmedia.rs\/index.php\/2019\/03\/28\/centar-za-brigu-o-porodici-obelezio-godinu-dana-rada\/centar-6\/'><img loading=\"lazy\" decoding=\"async\" width=\"150\" height=\"150\" src=\"https:\/\/centralmedia.rs\/wp-content\/uploads\/2019\/03\/centar-6-150x150.jpg\" class=\"attachment-thumbnail size-thumbnail\" alt=\"\" \/><\/a>\n\t\t\t<\/div><\/figure><figure class='gallery-item'>\n\t\t\t<div class='gallery-icon landscape'>\n\t\t\t\t<a href='https:\/\/centralmedia.rs\/index.php\/2019\/03\/28\/centar-za-brigu-o-porodici-obelezio-godinu-dana-rada\/centar-7\/'><img loading=\"lazy\" decoding=\"async\" width=\"150\" height=\"150\" src=\"https:\/\/centralmedia.rs\/wp-content\/uploads\/2019\/03\/centar-7-150x150.jpg\" class=\"attachment-thumbnail size-thumbnail\" alt=\"\" \/><\/a>\n\t\t\t<\/div><\/figure><figure class='gallery-item'>\n\t\t\t<div class='gallery-icon portrait'>\n\t\t\t\t<a href='https:\/\/centralmedia.rs\/index.php\/2019\/03\/28\/centar-za-brigu-o-porodici-obelezio-godinu-dana-rada\/centar1\/'><img loading=\"lazy\" decoding=\"async\" width=\"150\" height=\"150\" src=\"https:\/\/centralmedia.rs\/wp-content\/uploads\/2019\/03\/centar1-150x150.jpg\" class=\"attachment-thumbnail size-thumbnail\" alt=\"\" \/><\/a>\n\t\t\t<\/div><\/figure><figure class='gallery-item'>\n\t\t\t<div class='gallery-icon portrait'>\n\t\t\t\t<a href='https:\/\/centralmedia.rs\/index.php\/2019\/03\/28\/centar-za-brigu-o-porodici-obelezio-godinu-dana-rada\/centar2\/'><img loading=\"lazy\" decoding=\"async\" width=\"150\" height=\"150\" src=\"https:\/\/centralmedia.rs\/wp-content\/uploads\/2019\/03\/centar2-150x150.jpg\" class=\"attachment-thumbnail size-thumbnail\" alt=\"\" \/><\/a>\n\t\t\t<\/div><\/figure><figure class='gallery-item'>\n\t\t\t<div class='gallery-icon portrait'>\n\t\t\t\t<a href='https:\/\/centralmedia.rs\/index.php\/2019\/03\/28\/centar-za-brigu-o-porodici-obelezio-godinu-dana-rada\/centar3\/'><img loading=\"lazy\" decoding=\"async\" width=\"150\" height=\"150\" src=\"https:\/\/centralmedia.rs\/wp-content\/uploads\/2019\/03\/centar3-150x150.jpg\" class=\"attachment-thumbnail size-thumbnail\" alt=\"\" \/><\/a>\n\t\t\t<\/div><\/figure><figure class='gallery-item'>\n\t\t\t<div class='gallery-icon landscape'>\n\t\t\t\t<a href='https:\/\/centralmedia.rs\/index.php\/2019\/03\/28\/centar-za-brigu-o-porodici-obelezio-godinu-dana-rada\/centar4\/'><img loading=\"lazy\" decoding=\"async\" width=\"150\" height=\"150\" src=\"https:\/\/centralmedia.rs\/wp-content\/uploads\/2019\/03\/centar4-150x150.jpg\" class=\"attachment-thumbnail size-thumbnail\" alt=\"\" \/><\/a>\n\t\t\t<\/div><\/figure>\n\t\t<\/div>\n\n","protected":false},"excerpt":{"rendered":"<p>SVILAJNAC- Nizom aktivnosti pod nazivom \u201eDani otvornih vrata\u201c, koji \u0107e biti realizovani do 29. marta, Centar za brigu o porodici \u201eSvilajnac\u201c proslavi\u0107e prvi ro\u0111endan. Centar &hellip; <\/p>\n","protected":false},"author":2,"featured_media":16827,"comment_status":"open","ping_status":"open","sticky":false,"template":"","format":"standard","meta":{"footnotes":""},"categories":[14,1524,2,12,1517],"tags":[3461,38],"_links":{"self":[{"href":"https:\/\/centralmedia.rs\/index.php\/wp-json\/wp\/v2\/posts\/16826"}],"collection":[{"href":"https:\/\/centralmedia.rs\/index.php\/wp-json\/wp\/v2\/posts"}],"about":[{"href":"https:\/\/centralmedia.rs\/index.php\/wp-json\/wp\/v2\/types\/post"}],"author":[{"embeddable":true,"href":"https:\/\/centralmedia.rs\/index.php\/wp-json\/wp\/v2\/users\/2"}],"replies":[{"embeddable":true,"href":"https:\/\/centralmedia.rs\/index.php\/wp-json\/wp\/v2\/comments?post=16826"}],"version-history":[{"count":1,"href":"https:\/\/centralmedia.rs\/index.php\/wp-json\/wp\/v2\/posts\/16826\/revisions"}],"predecessor-version":[{"id":16835,"href":"https:\/\/centralmedia.rs\/index.php\/wp-json\/wp\/v2\/posts\/16826\/revisions\/16835"}],"wp:featuredmedia":[{"embeddable":true,"href":"https:\/\/centralmedia.rs\/index.php\/wp-json\/wp\/v2\/media\/16827"}],"wp:attachment":[{"href":"https:\/\/centralmedia.rs\/index.php\/wp-json\/wp\/v2\/media?parent=16826"}],"wp:term":[{"taxonomy":"category","embeddable":true,"href":"https:\/\/centralmedia.rs\/index.php\/wp-json\/wp\/v2\/categories?post=16826"},{"taxonomy":"post_tag","embeddable":true,"href":"https:\/\/centralmedia.rs\/index.php\/wp-json\/wp\/v2\/tags?post=16826"}],"curies":[{"name":"wp","href":"https:\/\/api.w.org\/{rel}","templated":true}]}}