{"id":16836,"date":"2019-03-28T01:15:00","date_gmt":"2019-03-28T01:15:00","guid":{"rendered":"http:\/\/centralmedia.rs\/?p=16836"},"modified":"2019-03-29T15:31:40","modified_gmt":"2019-03-29T15:31:40","slug":"otvaranje-izlozbe-zivotinje-afrike","status":"publish","type":"post","link":"https:\/\/centralmedia.rs\/index.php\/2019\/03\/28\/otvaranje-izlozbe-zivotinje-afrike\/","title":{"rendered":"OTVARANJE IZLO\u017dBE \u017dIVOTINJE AFRIKE"},"content":{"rendered":"<p>SVILAJNAC- \u00a0Veliko otvaranje nove izlo\u017ebe\u00a0&#8220;\u017divotinje Afrike&#8221; i renviranog Prirodnja\u010dkog centra Srbije u Svilajncu bi\u0107e odr\u017eano u petak 29. marta u 12 \u010dasova. Specijalni gost na otvaranju bi\u0107e Nenad Popovi\u0107, ministar bez portfelja zadu\u017een za inovacije i tehnolo\u0161ki\u00a0razvoj. Stalnim ulaganjem u inovativnost i atraktivnost sadr\u017eaja Prirodnja\u010dki centar Srbije u Svilajncu je uvek aktuelan za posetioce svih uzasta, a<br \/>\nsli\u010dna ustanova muzejskog i turisti\u010dkog tipa ne postoji u regionu.<\/p>\n","protected":false},"excerpt":{"rendered":"<p>SVILAJNAC- \u00a0Veliko otvaranje nove izlo\u017ebe\u00a0&#8220;\u017divotinje Afrike&#8221; i renviranog Prirodnja\u010dkog centra Srbije u Svilajncu bi\u0107e odr\u017eano u petak 29. marta u 12 \u010dasova. Specijalni gost na &hellip; <\/p>\n","protected":false},"author":2,"featured_media":16837,"comment_status":"open","ping_status":"open","sticky":false,"template":"","format":"standard","meta":{"footnotes":""},"categories":[14,1524,2,887,12,1517],"tags":[288,38],"_links":{"self":[{"href":"https:\/\/centralmedia.rs\/index.php\/wp-json\/wp\/v2\/posts\/16836"}],"collection":[{"href":"https:\/\/centralmedia.rs\/index.php\/wp-json\/wp\/v2\/posts"}],"about":[{"href":"https:\/\/centralmedia.rs\/index.php\/wp-json\/wp\/v2\/types\/post"}],"author":[{"embeddable":true,"href":"https:\/\/centralmedia.rs\/index.php\/wp-json\/wp\/v2\/users\/2"}],"replies":[{"embeddable":true,"href":"https:\/\/centralmedia.rs\/index.php\/wp-json\/wp\/v2\/comments?post=16836"}],"version-history":[{"count":1,"href":"https:\/\/centralmedia.rs\/index.php\/wp-json\/wp\/v2\/posts\/16836\/revisions"}],"predecessor-version":[{"id":16838,"href":"https:\/\/centralmedia.rs\/index.php\/wp-json\/wp\/v2\/posts\/16836\/revisions\/16838"}],"wp:featuredmedia":[{"embeddable":true,"href":"https:\/\/centralmedia.rs\/index.php\/wp-json\/wp\/v2\/media\/16837"}],"wp:attachment":[{"href":"https:\/\/centralmedia.rs\/index.php\/wp-json\/wp\/v2\/media?parent=16836"}],"wp:term":[{"taxonomy":"category","embeddable":true,"href":"https:\/\/centralmedia.rs\/index.php\/wp-json\/wp\/v2\/categories?post=16836"},{"taxonomy":"post_tag","embeddable":true,"href":"https:\/\/centralmedia.rs\/index.php\/wp-json\/wp\/v2\/tags?post=16836"}],"curies":[{"name":"wp","href":"https:\/\/api.w.org\/{rel}","templated":true}]}}