{"id":16843,"date":"2019-03-28T12:39:52","date_gmt":"2019-03-28T12:39:52","guid":{"rendered":"http:\/\/centralmedia.rs\/?p=16843"},"modified":"2019-04-04T14:31:56","modified_gmt":"2019-04-04T14:31:56","slug":"posle-pocetka-realizacije-uppr-u-fabrici-kablova-mediji-prodaje-se-pogon-u-rekovcu","status":"publish","type":"post","link":"https:\/\/centralmedia.rs\/index.php\/2019\/03\/28\/posle-pocetka-realizacije-uppr-u-fabrici-kablova-mediji-prodaje-se-pogon-u-rekovcu\/","title":{"rendered":"POSLE PO\u010cETKA REALIZACIJE UPPR U FABRICI KABLOVA &#8211; MEDIJI: Prodaje se pogon u Rekovcu"},"content":{"rendered":"<p>JAGODINA-\u00a0 Posle pravosna\u017enosti i po\u010detka realizacije UPPR u Fabrici kablova iz Jagodine, kako objavljuju srpski, na prodaju \u00a0je ponu\u0111ena fabrika provodnika u Rekovcu po po\u010detnoj ceni od 679 hiljada evra, otvaranje ponuda je 2. aprila. Rok za podno\u0161enje ponuda je 1. aprila, depozit iznosi pet odsto od po\u010detne cene. U tom preduze\u0107u navode da je prodaja ogla\u0161ena na osnovu odluke Izvr\u0161nog i Nadzornog odbora u saglasnosti sa UPPR i Komisijom Ministarstva privrede. Fabrika provodnika u Rekovcu ne radi vi\u0161e od deset godina i bila je nekoliko puta na licitaciji ali nije bilo kupaca.<\/p>\n<p>Predhodno je Fabriku za proizvodnju mikroprovodnika, kablova i elektromehani\u010dkih proizvoda &#8220;Elmos&#8221; u Jagodini i Fabriku kablovskog pribora i in\u017eenjering u \u0106upriji, koje rade u sastavu Fabrike kablova u Jagodini, preuzela je dr\u017eava. &#8220;Elmos&#8221; i Fabrika kablovskog probora u \u0106upriji proizvode za namensku industriju Srbije.<\/p>\n<p>Po\u010detkom 2017. godine despotova\u010dki pogon za proizvodnju kablovskog pribora i konektora te fabrike \u00a0zedjedno sa zemljom predat je op\u0161tini Despotovac.<\/p>\n<p>Re\u010d je o hali velikih dimenzija, sa prate\u0107im objektima, trpezarijom i kotlarnicom, na placu od 7,5 hektara, sa kompletnom infrastrukturom. ,,Kablovka&#8221; je na dobroj lokaciji \u0161to je preduslov za formiranje industrijske zone u Despotovcu. Predaja ,,Kablovke&#8221; op\u0161tini Desptovac je veoma zna\u010dajna, budu\u0107i da ta op\u0161tina do sada nije raspolagala lokacijom koju bi mogao urediti u Indusrijsku zonu i ponuditi je potencijalnim investitorima.<\/p>\n","protected":false},"excerpt":{"rendered":"<p>JAGODINA-\u00a0 Posle pravosna\u017enosti i po\u010detka realizacije UPPR u Fabrici kablova iz Jagodine, kako objavljuju srpski, na prodaju \u00a0je ponu\u0111ena fabrika provodnika u Rekovcu po po\u010detnoj &hellip; <\/p>\n","protected":false},"author":2,"featured_media":3151,"comment_status":"open","ping_status":"open","sticky":false,"template":"","format":"standard","meta":{"footnotes":""},"categories":[22,1524,2,1519,12],"tags":[368,1749,441],"_links":{"self":[{"href":"https:\/\/centralmedia.rs\/index.php\/wp-json\/wp\/v2\/posts\/16843"}],"collection":[{"href":"https:\/\/centralmedia.rs\/index.php\/wp-json\/wp\/v2\/posts"}],"about":[{"href":"https:\/\/centralmedia.rs\/index.php\/wp-json\/wp\/v2\/types\/post"}],"author":[{"embeddable":true,"href":"https:\/\/centralmedia.rs\/index.php\/wp-json\/wp\/v2\/users\/2"}],"replies":[{"embeddable":true,"href":"https:\/\/centralmedia.rs\/index.php\/wp-json\/wp\/v2\/comments?post=16843"}],"version-history":[{"count":1,"href":"https:\/\/centralmedia.rs\/index.php\/wp-json\/wp\/v2\/posts\/16843\/revisions"}],"predecessor-version":[{"id":16844,"href":"https:\/\/centralmedia.rs\/index.php\/wp-json\/wp\/v2\/posts\/16843\/revisions\/16844"}],"wp:featuredmedia":[{"embeddable":true,"href":"https:\/\/centralmedia.rs\/index.php\/wp-json\/wp\/v2\/media\/3151"}],"wp:attachment":[{"href":"https:\/\/centralmedia.rs\/index.php\/wp-json\/wp\/v2\/media?parent=16843"}],"wp:term":[{"taxonomy":"category","embeddable":true,"href":"https:\/\/centralmedia.rs\/index.php\/wp-json\/wp\/v2\/categories?post=16843"},{"taxonomy":"post_tag","embeddable":true,"href":"https:\/\/centralmedia.rs\/index.php\/wp-json\/wp\/v2\/tags?post=16843"}],"curies":[{"name":"wp","href":"https:\/\/api.w.org\/{rel}","templated":true}]}}