{"id":16845,"date":"2019-03-29T15:27:03","date_gmt":"2019-03-29T15:27:03","guid":{"rendered":"http:\/\/centralmedia.rs\/?p=16845"},"modified":"2019-04-04T14:08:43","modified_gmt":"2019-04-04T14:08:43","slug":"ministar-nenad-popovic-u-svilajncu-otvorio-novu-izlozbu-prirodnjackog-centra-zivotinje-afrike-svilajnacki-centar-u-ravni-sa-pariskim-i-londonskim","status":"publish","type":"post","link":"https:\/\/centralmedia.rs\/index.php\/2019\/03\/29\/ministar-nenad-popovic-u-svilajncu-otvorio-novu-izlozbu-prirodnjackog-centra-zivotinje-afrike-svilajnacki-centar-u-ravni-sa-pariskim-i-londonskim\/","title":{"rendered":"MILANOVI\u0106 I POPOVI\u0106 U SVILAJNCU OTVORILI NOVU IZLO\u017dBU PRIRODNJA\u010cKOG CENTRA \u201c\u017dIVOTINJE AFRIKE\u201d &#8211; ,,SVILAJNA\u010cKI CENTAR U RAVNI SA PARISKIM I LONDONSKIM&#8221;"},"content":{"rendered":"<p>SVILAJNAC- Nenad Popovi\u0107, ministar bez portfelja zadu\u017een za inovacije i tehnolo\u0161ki razvoj posetio je danas op\u0161tinu Svilajnac, gde je sa Predragom Milanovi\u0107em, predsednikom op\u0161tine Svilajnac, razgovarao o budu\u0107im projektima op\u0161tine uz podr\u0161ku ovog ministarstva. Njih dvojica su i zvani\u010dno otvorili novu ekskluzivnu izlo\u017ebu \u201c\u017divotinje Afrike\u201d, koja je od danas nova stalna postavka Prirodnja\u010dkog centra Srbije u Svilajncu.<br \/>\nPrirodnja\u010dki centar nedavno je digitalizovan, a novim sadr\u017eajima i modernim pristupom postoje\u0107a ponuda se oboga\u0107uje, privla\u010de novi posetioci i \u010dini da Centar bude u kontinuitetu atraktivan.<br \/>\n&#8211; Nova postavka rezultat je rada na\u0161ih stru\u010dnih kadrova, realizovana je uz podr\u0161ku op\u0161tine Svilajnac i pokazuje da imamo kapacitete da uvek idemo korak dalje. S obzirom da je ovim op\u0161tina Svilajnac pokazala da je spremna za nove tehnologije, predmet dana\u0161nje posete ministra Popovi\u0107a bili su i neki drugi projekti koje op\u0161tina Svilajnac planira da radi u saradnji sa ovim ministarstvom, izjavio je predsednik op\u0161tine Svilajnac Predrag Milanovi\u0107.<\/p>\n<div id='gallery-1' class='gallery galleryid-16845 gallery-columns-7 gallery-size-thumbnail'><figure class='gallery-item'>\n\t\t\t<div class='gallery-icon landscape'>\n\t\t\t\t<a href='https:\/\/centralmedia.rs\/index.php\/2019\/03\/29\/ministar-nenad-popovic-u-svilajncu-otvorio-novu-izlozbu-prirodnjackog-centra-zivotinje-afrike-svilajnacki-centar-u-ravni-sa-pariskim-i-londonskim\/izlozba-3-4\/'><img loading=\"lazy\" decoding=\"async\" width=\"150\" height=\"150\" src=\"https:\/\/centralmedia.rs\/wp-content\/uploads\/2019\/03\/izlozba-3-150x150.jpg\" class=\"attachment-thumbnail size-thumbnail\" alt=\"\" \/><\/a>\n\t\t\t<\/div><\/figure><figure class='gallery-item'>\n\t\t\t<div class='gallery-icon landscape'>\n\t\t\t\t<a href='https:\/\/centralmedia.rs\/index.php\/2019\/03\/29\/ministar-nenad-popovic-u-svilajncu-otvorio-novu-izlozbu-prirodnjackog-centra-zivotinje-afrike-svilajnacki-centar-u-ravni-sa-pariskim-i-londonskim\/izlozba-5-3\/'><img loading=\"lazy\" decoding=\"async\" width=\"150\" height=\"150\" src=\"https:\/\/centralmedia.rs\/wp-content\/uploads\/2019\/03\/izlozba-5-150x150.jpg\" class=\"attachment-thumbnail size-thumbnail\" alt=\"\" \/><\/a>\n\t\t\t<\/div><\/figure><figure class='gallery-item'>\n\t\t\t<div class='gallery-icon landscape'>\n\t\t\t\t<a href='https:\/\/centralmedia.rs\/index.php\/2019\/03\/29\/ministar-nenad-popovic-u-svilajncu-otvorio-novu-izlozbu-prirodnjackog-centra-zivotinje-afrike-svilajnacki-centar-u-ravni-sa-pariskim-i-londonskim\/izlozba-8-2\/'><img loading=\"lazy\" decoding=\"async\" width=\"150\" height=\"150\" src=\"https:\/\/centralmedia.rs\/wp-content\/uploads\/2019\/03\/izlozba-8-150x150.jpg\" class=\"attachment-thumbnail size-thumbnail\" alt=\"\" \/><\/a>\n\t\t\t<\/div><\/figure><figure class='gallery-item'>\n\t\t\t<div class='gallery-icon landscape'>\n\t\t\t\t<a href='https:\/\/centralmedia.rs\/index.php\/2019\/03\/29\/ministar-nenad-popovic-u-svilajncu-otvorio-novu-izlozbu-prirodnjackog-centra-zivotinje-afrike-svilajnacki-centar-u-ravni-sa-pariskim-i-londonskim\/izlozba-9-2\/'><img loading=\"lazy\" decoding=\"async\" width=\"150\" height=\"150\" src=\"https:\/\/centralmedia.rs\/wp-content\/uploads\/2019\/03\/izlozba-9-150x150.jpg\" class=\"attachment-thumbnail size-thumbnail\" alt=\"\" \/><\/a>\n\t\t\t<\/div><\/figure><figure class='gallery-item'>\n\t\t\t<div class='gallery-icon landscape'>\n\t\t\t\t<a href='https:\/\/centralmedia.rs\/index.php\/2019\/03\/29\/ministar-nenad-popovic-u-svilajncu-otvorio-novu-izlozbu-prirodnjackog-centra-zivotinje-afrike-svilajnacki-centar-u-ravni-sa-pariskim-i-londonskim\/izlozba-10\/'><img loading=\"lazy\" decoding=\"async\" width=\"150\" height=\"150\" src=\"https:\/\/centralmedia.rs\/wp-content\/uploads\/2019\/03\/izlozba-10-150x150.jpg\" class=\"attachment-thumbnail size-thumbnail\" alt=\"\" \/><\/a>\n\t\t\t<\/div><\/figure><figure class='gallery-item'>\n\t\t\t<div class='gallery-icon landscape'>\n\t\t\t\t<a href='https:\/\/centralmedia.rs\/index.php\/2019\/03\/29\/ministar-nenad-popovic-u-svilajncu-otvorio-novu-izlozbu-prirodnjackog-centra-zivotinje-afrike-svilajnacki-centar-u-ravni-sa-pariskim-i-londonskim\/izlozba-11\/'><img loading=\"lazy\" decoding=\"async\" width=\"150\" height=\"150\" src=\"https:\/\/centralmedia.rs\/wp-content\/uploads\/2019\/03\/izlozba-150x150.jpg\" class=\"attachment-thumbnail size-thumbnail\" alt=\"\" \/><\/a>\n\t\t\t<\/div><\/figure><figure class='gallery-item'>\n\t\t\t<div class='gallery-icon landscape'>\n\t\t\t\t<a href='https:\/\/centralmedia.rs\/index.php\/2019\/03\/29\/ministar-nenad-popovic-u-svilajncu-otvorio-novu-izlozbu-prirodnjackog-centra-zivotinje-afrike-svilajnacki-centar-u-ravni-sa-pariskim-i-londonskim\/izlozba1-2\/'><img loading=\"lazy\" decoding=\"async\" width=\"150\" height=\"150\" src=\"https:\/\/centralmedia.rs\/wp-content\/uploads\/2019\/03\/izlozba1-150x150.jpg\" class=\"attachment-thumbnail size-thumbnail\" alt=\"\" \/><\/a>\n\t\t\t<\/div><\/figure>\n\t\t<\/div>\n\n<p>Ministar Popovi\u0107 izjavio je da Svilajnac ima izvanredan potencijal za razvoj, \u0161to dokazuje i Prirodnja\u010dki centar Srbije koji je na nivou sli\u010dnih centara u Evropi i svetu.<br \/>\n&#8211; Najva\u017enija stvar je da je Prirodnja\u010dki centar inovativan, da prepoznaje digitalizaciju i nove tehnologije kao svoju razvojnu \u0161ansu i da \u0107e narednih godina raditi na unapre\u0111enju ovih kapaciteta. Nova izlo\u017eba je impozantna, kao i ostale izlo\u017ebe i sadr\u017eaji, i zbog toga je veliki razvojni, nau\u010dni i turisti\u010dki potencijal na\u0161e zemlje. Pozivam sve gra\u0111ane i u\u010denike da posete Prirodnja\u010dki centar Srbije, jer je u ravni sa pariskim i londonskim, sigurno najbolji na Balkanu, rekao je on i dodao da je prepoznao i veliki ekonomski napredak Svilajnca, jer jedan svetski gigant kao \u0161to je Panasonik nije slu\u010dajno do\u0161ao u Svilajnac odakle izvozi proizvode za ceo svet.<\/p>\n<div id='gallery-2' class='gallery galleryid-16845 gallery-columns-7 gallery-size-thumbnail'><figure class='gallery-item'>\n\t\t\t<div class='gallery-icon landscape'>\n\t\t\t\t<a href='https:\/\/centralmedia.rs\/index.php\/2019\/03\/29\/ministar-nenad-popovic-u-svilajncu-otvorio-novu-izlozbu-prirodnjackog-centra-zivotinje-afrike-svilajnacki-centar-u-ravni-sa-pariskim-i-londonskim\/izlozba2\/'><img loading=\"lazy\" decoding=\"async\" width=\"150\" height=\"150\" src=\"https:\/\/centralmedia.rs\/wp-content\/uploads\/2019\/03\/izlozba2-150x150.jpg\" class=\"attachment-thumbnail size-thumbnail\" alt=\"\" \/><\/a>\n\t\t\t<\/div><\/figure><figure class='gallery-item'>\n\t\t\t<div class='gallery-icon landscape'>\n\t\t\t\t<a href='https:\/\/centralmedia.rs\/index.php\/2019\/03\/29\/ministar-nenad-popovic-u-svilajncu-otvorio-novu-izlozbu-prirodnjackog-centra-zivotinje-afrike-svilajnacki-centar-u-ravni-sa-pariskim-i-londonskim\/izlozba4\/'><img loading=\"lazy\" decoding=\"async\" width=\"150\" height=\"150\" src=\"https:\/\/centralmedia.rs\/wp-content\/uploads\/2019\/03\/izlozba4-150x150.jpg\" class=\"attachment-thumbnail size-thumbnail\" alt=\"\" \/><\/a>\n\t\t\t<\/div><\/figure><figure class='gallery-item'>\n\t\t\t<div class='gallery-icon landscape'>\n\t\t\t\t<a href='https:\/\/centralmedia.rs\/index.php\/2019\/03\/29\/ministar-nenad-popovic-u-svilajncu-otvorio-novu-izlozbu-prirodnjackog-centra-zivotinje-afrike-svilajnacki-centar-u-ravni-sa-pariskim-i-londonskim\/izlozba6\/'><img loading=\"lazy\" decoding=\"async\" width=\"150\" height=\"150\" src=\"https:\/\/centralmedia.rs\/wp-content\/uploads\/2019\/03\/izlozba6-150x150.jpg\" class=\"attachment-thumbnail size-thumbnail\" alt=\"\" \/><\/a>\n\t\t\t<\/div><\/figure><figure class='gallery-item'>\n\t\t\t<div class='gallery-icon landscape'>\n\t\t\t\t<a href='https:\/\/centralmedia.rs\/index.php\/2019\/03\/29\/ministar-nenad-popovic-u-svilajncu-otvorio-novu-izlozbu-prirodnjackog-centra-zivotinje-afrike-svilajnacki-centar-u-ravni-sa-pariskim-i-londonskim\/izlozba7\/'><img loading=\"lazy\" decoding=\"async\" width=\"150\" height=\"150\" src=\"https:\/\/centralmedia.rs\/wp-content\/uploads\/2019\/03\/izlozba7-150x150.jpg\" class=\"attachment-thumbnail size-thumbnail\" alt=\"\" \/><\/a>\n\t\t\t<\/div><\/figure><figure class='gallery-item'>\n\t\t\t<div class='gallery-icon landscape'>\n\t\t\t\t<a href='https:\/\/centralmedia.rs\/index.php\/2019\/03\/29\/ministar-nenad-popovic-u-svilajncu-otvorio-novu-izlozbu-prirodnjackog-centra-zivotinje-afrike-svilajnacki-centar-u-ravni-sa-pariskim-i-londonskim\/izozba-11\/'><img loading=\"lazy\" decoding=\"async\" width=\"150\" height=\"150\" src=\"https:\/\/centralmedia.rs\/wp-content\/uploads\/2019\/03\/izozba-11-150x150.jpg\" class=\"attachment-thumbnail size-thumbnail\" alt=\"\" \/><\/a>\n\t\t\t<\/div><\/figure><figure class='gallery-item'>\n\t\t\t<div class='gallery-icon landscape'>\n\t\t\t\t<a href='https:\/\/centralmedia.rs\/index.php\/2019\/03\/29\/ministar-nenad-popovic-u-svilajncu-otvorio-novu-izlozbu-prirodnjackog-centra-zivotinje-afrike-svilajnacki-centar-u-ravni-sa-pariskim-i-londonskim\/milanovic-6\/'><img loading=\"lazy\" decoding=\"async\" width=\"150\" height=\"150\" src=\"https:\/\/centralmedia.rs\/wp-content\/uploads\/2019\/03\/milanovic-150x150.jpg\" class=\"attachment-thumbnail size-thumbnail\" alt=\"\" \/><\/a>\n\t\t\t<\/div><\/figure><figure class='gallery-item'>\n\t\t\t<div class='gallery-icon landscape'>\n\t\t\t\t<a href='https:\/\/centralmedia.rs\/index.php\/2019\/03\/29\/ministar-nenad-popovic-u-svilajncu-otvorio-novu-izlozbu-prirodnjackog-centra-zivotinje-afrike-svilajnacki-centar-u-ravni-sa-pariskim-i-londonskim\/popovic\/'><img loading=\"lazy\" decoding=\"async\" width=\"150\" height=\"150\" src=\"https:\/\/centralmedia.rs\/wp-content\/uploads\/2019\/03\/popovic-150x150.jpg\" class=\"attachment-thumbnail size-thumbnail\" alt=\"\" \/><\/a>\n\t\t\t<\/div><\/figure>\n\t\t<\/div>\n\n<p>Izlo\u017eba \u201c\u017divotinje Afrike\u201d Prirodnja\u010dkog centra Srbije od danas je otvorena za sve posetioce, koji mogu videti ekskluzivne eksponate i atraktivne primerke \u017eivotinja najegzoti\u010dnijeg kontinenta na svetu.<br \/>\n&#8211; Prirodnja\u010dki centar Srbije predstavlja spoj nauke, obrazovanja, turizma, kulture i umetnosti na jednom mestu, a modernim pristupom i kori\u0161\u0107enjem savremenih tehnologija postajemo jedinstveni centar ovog tipa u regionu. Bogatom ponudom sadr\u017eaja i interaktivnim pristupom podjednako smo atraktivni svim uzrastima, kazala je Jasminka Lukovi\u0107 Jagli\u010di\u0107 v.d. direktora Prirodnja\u010dkog centra Srbije u Svilajncu.<\/p>\n<p>U postavci je izlo\u017eeno 20 eksponata, dva su od ve\u0161ta\u010dkih materijala, jer su za\u0161ti\u0107ene vrste. O\u010dekuje se jo\u0161 10 eksponata koji \u0107e upotpuniti izlo\u017ebu. Pored toga, ugovori o radu uru\u010deni 13. mladih stru\u010dnjaka.<\/p>\n","protected":false},"excerpt":{"rendered":"<p>SVILAJNAC- Nenad Popovi\u0107, ministar bez portfelja zadu\u017een za inovacije i tehnolo\u0161ki razvoj posetio je danas op\u0161tinu Svilajnac, gde je sa Predragom Milanovi\u0107em, predsednikom op\u0161tine Svilajnac, &hellip; <\/p>\n","protected":false},"author":2,"featured_media":16846,"comment_status":"open","ping_status":"open","sticky":false,"template":"","format":"standard","meta":{"footnotes":""},"categories":[14,1524,2,887,12,1517],"tags":[1127,563,3422],"_links":{"self":[{"href":"https:\/\/centralmedia.rs\/index.php\/wp-json\/wp\/v2\/posts\/16845"}],"collection":[{"href":"https:\/\/centralmedia.rs\/index.php\/wp-json\/wp\/v2\/posts"}],"about":[{"href":"https:\/\/centralmedia.rs\/index.php\/wp-json\/wp\/v2\/types\/post"}],"author":[{"embeddable":true,"href":"https:\/\/centralmedia.rs\/index.php\/wp-json\/wp\/v2\/users\/2"}],"replies":[{"embeddable":true,"href":"https:\/\/centralmedia.rs\/index.php\/wp-json\/wp\/v2\/comments?post=16845"}],"version-history":[{"count":2,"href":"https:\/\/centralmedia.rs\/index.php\/wp-json\/wp\/v2\/posts\/16845\/revisions"}],"predecessor-version":[{"id":16862,"href":"https:\/\/centralmedia.rs\/index.php\/wp-json\/wp\/v2\/posts\/16845\/revisions\/16862"}],"wp:featuredmedia":[{"embeddable":true,"href":"https:\/\/centralmedia.rs\/index.php\/wp-json\/wp\/v2\/media\/16846"}],"wp:attachment":[{"href":"https:\/\/centralmedia.rs\/index.php\/wp-json\/wp\/v2\/media?parent=16845"}],"wp:term":[{"taxonomy":"category","embeddable":true,"href":"https:\/\/centralmedia.rs\/index.php\/wp-json\/wp\/v2\/categories?post=16845"},{"taxonomy":"post_tag","embeddable":true,"href":"https:\/\/centralmedia.rs\/index.php\/wp-json\/wp\/v2\/tags?post=16845"}],"curies":[{"name":"wp","href":"https:\/\/api.w.org\/{rel}","templated":true}]}}