{"id":16872,"date":"2019-03-31T12:26:50","date_gmt":"2019-03-31T12:26:50","guid":{"rendered":"http:\/\/centralmedia.rs\/?p=16872"},"modified":"2019-04-04T14:09:06","modified_gmt":"2019-04-04T14:09:06","slug":"3-jagodinski-maraton-zajedno-malim-koracima-do-velikih-snova","status":"publish","type":"post","link":"https:\/\/centralmedia.rs\/index.php\/2019\/03\/31\/3-jagodinski-maraton-zajedno-malim-koracima-do-velikih-snova\/","title":{"rendered":"3. JAGODINSKI MARATON &#8211; ZAJEDNO, MALIM KORACIMA DO VELIKIH SNOVA"},"content":{"rendered":"<p>JAGODINA- Poslednji martovski dan, i tre\u0107i po redu, Jagodinski maraton, ukrasili su u\u010denici odeljenja 6\/4, O\u0160 &#8220;17. oktobar&#8221;. Sa istim sloganom na majicama &#8221; Zajedno, malim koracima do velikih snova&#8221;, zajedno sa razrednom, Majom Aleksi\u0107, predstavljali su svoju \u0161kolu i odeljenje na dana\u0161njoj Trci zadovoljstva i ovaj veli\u010danstveni doga\u0111aj obogatili duhom radosti, mladosti i prijateljstva. Pored toga \u0161to su izvanredni \u0111aci, dokazali su da izrastaju u divne, plemenite ljude kojima su zajedni\u0161tvo, vedrina i sloga na prvom mestu. Obe\u0107avaju da \u0107e Trka zadovoljstva postati tradicija za njihovo odeljenje i da \u0107e, kao i danas, i narednih godina, u\u010destvovati svi, zajedno. Oni su dokaz da se i najve\u0107i snovi ostvaruju i veliki su ponos svoje razredne i O\u0160 &#8220;17. oktobar&#8221;.<\/p>\n<div id='gallery-1' class='gallery galleryid-16872 gallery-columns-5 gallery-size-thumbnail'><figure class='gallery-item'>\n\t\t\t<div class='gallery-icon landscape'>\n\t\t\t\t<a href='https:\/\/centralmedia.rs\/index.php\/2019\/03\/31\/3-jagodinski-maraton-zajedno-malim-koracima-do-velikih-snova\/attachment\/172\/'><img loading=\"lazy\" decoding=\"async\" width=\"150\" height=\"150\" src=\"https:\/\/centralmedia.rs\/wp-content\/uploads\/2019\/03\/172-150x150.jpg\" class=\"attachment-thumbnail size-thumbnail\" alt=\"\" \/><\/a>\n\t\t\t<\/div><\/figure><figure class='gallery-item'>\n\t\t\t<div class='gallery-icon landscape'>\n\t\t\t\t<a href='https:\/\/centralmedia.rs\/index.php\/2019\/03\/31\/3-jagodinski-maraton-zajedno-malim-koracima-do-velikih-snova\/attachment\/741\/'><img loading=\"lazy\" decoding=\"async\" width=\"150\" height=\"150\" src=\"https:\/\/centralmedia.rs\/wp-content\/uploads\/2019\/03\/741-150x150.jpg\" class=\"attachment-thumbnail size-thumbnail\" alt=\"\" \/><\/a>\n\t\t\t<\/div><\/figure><figure class='gallery-item'>\n\t\t\t<div class='gallery-icon landscape'>\n\t\t\t\t<a href='https:\/\/centralmedia.rs\/index.php\/2019\/03\/31\/3-jagodinski-maraton-zajedno-malim-koracima-do-velikih-snova\/attachment\/173\/'><img loading=\"lazy\" decoding=\"async\" width=\"150\" height=\"150\" src=\"https:\/\/centralmedia.rs\/wp-content\/uploads\/2019\/03\/173-150x150.jpg\" class=\"attachment-thumbnail size-thumbnail\" alt=\"\" \/><\/a>\n\t\t\t<\/div><\/figure><figure class='gallery-item'>\n\t\t\t<div class='gallery-icon landscape'>\n\t\t\t\t<a href='https:\/\/centralmedia.rs\/index.php\/2019\/03\/31\/3-jagodinski-maraton-zajedno-malim-koracima-do-velikih-snova\/attachment\/175\/'><img loading=\"lazy\" decoding=\"async\" width=\"150\" height=\"150\" src=\"https:\/\/centralmedia.rs\/wp-content\/uploads\/2019\/03\/175-150x150.jpg\" class=\"attachment-thumbnail size-thumbnail\" alt=\"\" \/><\/a>\n\t\t\t<\/div><\/figure><figure class='gallery-item'>\n\t\t\t<div class='gallery-icon landscape'>\n\t\t\t\t<a href='https:\/\/centralmedia.rs\/index.php\/2019\/03\/31\/3-jagodinski-maraton-zajedno-malim-koracima-do-velikih-snova\/attachment\/171\/'><img loading=\"lazy\" decoding=\"async\" width=\"150\" height=\"150\" src=\"https:\/\/centralmedia.rs\/wp-content\/uploads\/2019\/03\/171-150x150.jpg\" class=\"attachment-thumbnail size-thumbnail\" alt=\"\" \/><\/a>\n\t\t\t<\/div><\/figure>\n\t\t<\/div>\n\n","protected":false},"excerpt":{"rendered":"<p>JAGODINA- Poslednji martovski dan, i tre\u0107i po redu, Jagodinski maraton, ukrasili su u\u010denici odeljenja 6\/4, O\u0160 &#8220;17. oktobar&#8221;. Sa istim sloganom na majicama &#8221; Zajedno, &hellip; <\/p>\n","protected":false},"author":2,"featured_media":16873,"comment_status":"open","ping_status":"open","sticky":false,"template":"","format":"standard","meta":{"footnotes":""},"categories":[1524,2,1514,21,12],"tags":[139,58,3586,196],"_links":{"self":[{"href":"https:\/\/centralmedia.rs\/index.php\/wp-json\/wp\/v2\/posts\/16872"}],"collection":[{"href":"https:\/\/centralmedia.rs\/index.php\/wp-json\/wp\/v2\/posts"}],"about":[{"href":"https:\/\/centralmedia.rs\/index.php\/wp-json\/wp\/v2\/types\/post"}],"author":[{"embeddable":true,"href":"https:\/\/centralmedia.rs\/index.php\/wp-json\/wp\/v2\/users\/2"}],"replies":[{"embeddable":true,"href":"https:\/\/centralmedia.rs\/index.php\/wp-json\/wp\/v2\/comments?post=16872"}],"version-history":[{"count":1,"href":"https:\/\/centralmedia.rs\/index.php\/wp-json\/wp\/v2\/posts\/16872\/revisions"}],"predecessor-version":[{"id":16879,"href":"https:\/\/centralmedia.rs\/index.php\/wp-json\/wp\/v2\/posts\/16872\/revisions\/16879"}],"wp:featuredmedia":[{"embeddable":true,"href":"https:\/\/centralmedia.rs\/index.php\/wp-json\/wp\/v2\/media\/16873"}],"wp:attachment":[{"href":"https:\/\/centralmedia.rs\/index.php\/wp-json\/wp\/v2\/media?parent=16872"}],"wp:term":[{"taxonomy":"category","embeddable":true,"href":"https:\/\/centralmedia.rs\/index.php\/wp-json\/wp\/v2\/categories?post=16872"},{"taxonomy":"post_tag","embeddable":true,"href":"https:\/\/centralmedia.rs\/index.php\/wp-json\/wp\/v2\/tags?post=16872"}],"curies":[{"name":"wp","href":"https:\/\/api.w.org\/{rel}","templated":true}]}}