{"id":16885,"date":"2019-04-01T13:56:34","date_gmt":"2019-04-01T13:56:34","guid":{"rendered":"http:\/\/centralmedia.rs\/?p=16885"},"modified":"2019-04-04T14:09:29","modified_gmt":"2019-04-04T14:09:29","slug":"dodatnih-8-miliona-za-centar-za-kulturu","status":"publish","type":"post","link":"https:\/\/centralmedia.rs\/index.php\/2019\/04\/01\/dodatnih-8-miliona-za-centar-za-kulturu\/","title":{"rendered":"DODATNIH 8 MILIONA ZA CENTAR ZA KULTURU"},"content":{"rendered":"<p>DESPOTOVAC- Op\u0161tina Despotovac je na Konkursu Ministarstva kulture i informisanja \u201eGradovi u fokusu 2019\u201c dobila dodatna sredstva za 3. fazu realizacije projekta rekonstrukcije multifunkcionalne sale Centra za kulturu.<\/p>\n<p>Sve\u010danosti progla\u0161enja prihva\u0107enih projekata lokalnih samouprava, odr\u017eanog ju\u010de u zgradi Ministarstva, prisustvovao je predsednik op\u0161tine Despotovac Nikola Nikoli\u0107 sa svojim pomo\u0107nicima Goranom Milojkovi\u0107em i Nikolom Milo\u0161evi\u0107em.<\/p>\n<p>Ministar Vladan Vukosavljevi\u0107 istakao je da je ovaj konkurs pokazao da princip decentralizacije kulture, finansiranjem kulture u \u0161irem smislu, mo\u017ee uspe\u0161no da funkcioni\u0161e. Da je saradnja izme\u0111u Ministarstva i lokalnih samouprava plodonosna, ministar Vukosavljevi\u0107 dokazuje podatkom da je u protekle 4 godine, uklju\u010duju\u0107i i ovaj konkurs, Ministarstvo kulture i informisanja opredelilo oko 600 miliona dinara za investicione i druge projekte u brojnim gradovima i op\u0161tinama \u0161irom Srbije.<\/p>\n<p>Na konkurs \u201eGradovi u fokusu 2019\u201c prijavilo se 58 projekata, a ukupan iznos od 133 miliona namenjenih sredstava raspodeljen je na 11 op\u0161tina \u010diji su projekti prihva\u0107eni. Op\u0161tini Despotovac dodeljeno je 8 miliona dinara za nastavak radova na rekonstrukciji multifunkcionalne sale Centra za kulturu \u201eSveti Stefan, despot srpski\u201c.<\/p>\n<p>&nbsp;<\/p>\n","protected":false},"excerpt":{"rendered":"<p>DESPOTOVAC- Op\u0161tina Despotovac je na Konkursu Ministarstva kulture i informisanja \u201eGradovi u fokusu 2019\u201c dobila dodatna sredstva za 3. fazu realizacije projekta rekonstrukcije multifunkcionalne sale &hellip; <\/p>\n","protected":false},"author":2,"featured_media":16886,"comment_status":"open","ping_status":"open","sticky":false,"template":"","format":"standard","meta":{"footnotes":""},"categories":[14,1524,2,12],"tags":[2767,51],"_links":{"self":[{"href":"https:\/\/centralmedia.rs\/index.php\/wp-json\/wp\/v2\/posts\/16885"}],"collection":[{"href":"https:\/\/centralmedia.rs\/index.php\/wp-json\/wp\/v2\/posts"}],"about":[{"href":"https:\/\/centralmedia.rs\/index.php\/wp-json\/wp\/v2\/types\/post"}],"author":[{"embeddable":true,"href":"https:\/\/centralmedia.rs\/index.php\/wp-json\/wp\/v2\/users\/2"}],"replies":[{"embeddable":true,"href":"https:\/\/centralmedia.rs\/index.php\/wp-json\/wp\/v2\/comments?post=16885"}],"version-history":[{"count":1,"href":"https:\/\/centralmedia.rs\/index.php\/wp-json\/wp\/v2\/posts\/16885\/revisions"}],"predecessor-version":[{"id":16887,"href":"https:\/\/centralmedia.rs\/index.php\/wp-json\/wp\/v2\/posts\/16885\/revisions\/16887"}],"wp:featuredmedia":[{"embeddable":true,"href":"https:\/\/centralmedia.rs\/index.php\/wp-json\/wp\/v2\/media\/16886"}],"wp:attachment":[{"href":"https:\/\/centralmedia.rs\/index.php\/wp-json\/wp\/v2\/media?parent=16885"}],"wp:term":[{"taxonomy":"category","embeddable":true,"href":"https:\/\/centralmedia.rs\/index.php\/wp-json\/wp\/v2\/categories?post=16885"},{"taxonomy":"post_tag","embeddable":true,"href":"https:\/\/centralmedia.rs\/index.php\/wp-json\/wp\/v2\/tags?post=16885"}],"curies":[{"name":"wp","href":"https:\/\/api.w.org\/{rel}","templated":true}]}}