{"id":16892,"date":"2019-04-02T07:49:46","date_gmt":"2019-04-02T07:49:46","guid":{"rendered":"http:\/\/centralmedia.rs\/?p=16892"},"modified":"2019-04-04T14:09:47","modified_gmt":"2019-04-04T14:09:47","slug":"premijera-moravista","status":"publish","type":"post","link":"https:\/\/centralmedia.rs\/index.php\/2019\/04\/02\/premijera-moravista\/","title":{"rendered":"USPE\u0160NA PREMIJERA ,,MORAVI\u0160TA&#8221;"},"content":{"rendered":"<p>\u0106UPRIJA- Premijera predstave &#8220;Jelisavetini ljubavni jadi zbog molera&#8221;, Gradskog pozori\u0161ta ,,Moravi\u0161te&#8221;, odu\u0161evili su publiku u \u0106upriji. Puna sala \u0160OMO &#8220;Du\u0161an Skovran&#8221; i dugotrajan aplauz, pra\u0107en ovacijama, nagrada su glumcima za uspe\u0161no izvedenu predstavu. Komedija naravi Milana Jeli\u0107a tera na razmi\u0161ljanje. Iako napisan 1971. godine, tekst o ljubavi bra\u010dnog para koji ne mo\u017ee da ima dece i zbog toga biva osu\u0111en od rodbine, prijatelja i kom\u0161ija, ne gubi ni danas na aktuelnosti. U centru pa\u017enje je Jelisaveta koja pod uticajem Milovanove majke podnosi teret krivice i napu\u0161ta porodi\u010dni dom. On polazi za svojom suprugom, a da li je i sustigao, nikada ne\u0107mo saznati. Reditelj Vladimir Milojevi\u0107 i glumci Danijela Jankovi\u0107, Jelena Mileti\u0107, Aleksandar Mileusni\u0107, Nata\u0161a Terzi\u0107, Vladan Cvetkovi\u0107, Maja Velimirovi\u0107, Tanja Mileusni\u0107, Marko Bo\u0161kovi\u0107, Marko D\u017eelatovi\u0107 i Zorica Tanaskovi\u0107 ostavili su to pitanje otvorenim i ponudili publici da sama ,,izma\u0161ta&#8221; svoj kraj predstave.<\/p>\n<div id='gallery-1' class='gallery galleryid-16892 gallery-columns-5 gallery-size-thumbnail'><figure class='gallery-item'>\n\t\t\t<div class='gallery-icon portrait'>\n\t\t\t\t<a href='https:\/\/centralmedia.rs\/index.php\/2019\/04\/02\/premijera-moravista\/premijera\/'><img loading=\"lazy\" decoding=\"async\" width=\"150\" height=\"150\" src=\"https:\/\/centralmedia.rs\/wp-content\/uploads\/2019\/04\/premijera-150x150.jpg\" class=\"attachment-thumbnail size-thumbnail\" alt=\"\" \/><\/a>\n\t\t\t<\/div><\/figure><figure class='gallery-item'>\n\t\t\t<div class='gallery-icon portrait'>\n\t\t\t\t<a href='https:\/\/centralmedia.rs\/index.php\/2019\/04\/02\/premijera-moravista\/premijera1\/'><img loading=\"lazy\" decoding=\"async\" width=\"150\" height=\"150\" src=\"https:\/\/centralmedia.rs\/wp-content\/uploads\/2019\/04\/premijera1-150x150.jpg\" class=\"attachment-thumbnail size-thumbnail\" alt=\"\" \/><\/a>\n\t\t\t<\/div><\/figure><figure class='gallery-item'>\n\t\t\t<div class='gallery-icon portrait'>\n\t\t\t\t<a href='https:\/\/centralmedia.rs\/index.php\/2019\/04\/02\/premijera-moravista\/premijera2\/'><img loading=\"lazy\" decoding=\"async\" width=\"150\" height=\"150\" src=\"https:\/\/centralmedia.rs\/wp-content\/uploads\/2019\/04\/premijera2-150x150.jpg\" class=\"attachment-thumbnail size-thumbnail\" alt=\"\" \/><\/a>\n\t\t\t<\/div><\/figure><figure class='gallery-item'>\n\t\t\t<div class='gallery-icon portrait'>\n\t\t\t\t<a href='https:\/\/centralmedia.rs\/index.php\/2019\/04\/02\/premijera-moravista\/premijera3\/'><img loading=\"lazy\" decoding=\"async\" width=\"150\" height=\"150\" src=\"https:\/\/centralmedia.rs\/wp-content\/uploads\/2019\/04\/premijera3-150x150.jpg\" class=\"attachment-thumbnail size-thumbnail\" alt=\"\" \/><\/a>\n\t\t\t<\/div><\/figure><figure class='gallery-item'>\n\t\t\t<div class='gallery-icon landscape'>\n\t\t\t\t<a href='https:\/\/centralmedia.rs\/index.php\/2019\/04\/02\/premijera-moravista\/premijera4\/'><img loading=\"lazy\" decoding=\"async\" width=\"150\" height=\"150\" src=\"https:\/\/centralmedia.rs\/wp-content\/uploads\/2019\/04\/premijera4-150x150.jpg\" class=\"attachment-thumbnail size-thumbnail\" alt=\"\" \/><\/a>\n\t\t\t<\/div><\/figure>\n\t\t<\/div>\n\n","protected":false},"excerpt":{"rendered":"<p>\u0106UPRIJA- Premijera predstave &#8220;Jelisavetini ljubavni jadi zbog molera&#8221;, Gradskog pozori\u0161ta ,,Moravi\u0161te&#8221;, odu\u0161evili su publiku u \u0106upriji. Puna sala \u0160OMO &#8220;Du\u0161an Skovran&#8221; i dugotrajan aplauz, pra\u0107en &hellip; <\/p>\n","protected":false},"author":2,"featured_media":16893,"comment_status":"open","ping_status":"open","sticky":false,"template":"","format":"standard","meta":{"footnotes":""},"categories":[1515,1524,2,15,12],"tags":[44,2844,2843],"_links":{"self":[{"href":"https:\/\/centralmedia.rs\/index.php\/wp-json\/wp\/v2\/posts\/16892"}],"collection":[{"href":"https:\/\/centralmedia.rs\/index.php\/wp-json\/wp\/v2\/posts"}],"about":[{"href":"https:\/\/centralmedia.rs\/index.php\/wp-json\/wp\/v2\/types\/post"}],"author":[{"embeddable":true,"href":"https:\/\/centralmedia.rs\/index.php\/wp-json\/wp\/v2\/users\/2"}],"replies":[{"embeddable":true,"href":"https:\/\/centralmedia.rs\/index.php\/wp-json\/wp\/v2\/comments?post=16892"}],"version-history":[{"count":2,"href":"https:\/\/centralmedia.rs\/index.php\/wp-json\/wp\/v2\/posts\/16892\/revisions"}],"predecessor-version":[{"id":16900,"href":"https:\/\/centralmedia.rs\/index.php\/wp-json\/wp\/v2\/posts\/16892\/revisions\/16900"}],"wp:featuredmedia":[{"embeddable":true,"href":"https:\/\/centralmedia.rs\/index.php\/wp-json\/wp\/v2\/media\/16893"}],"wp:attachment":[{"href":"https:\/\/centralmedia.rs\/index.php\/wp-json\/wp\/v2\/media?parent=16892"}],"wp:term":[{"taxonomy":"category","embeddable":true,"href":"https:\/\/centralmedia.rs\/index.php\/wp-json\/wp\/v2\/categories?post=16892"},{"taxonomy":"post_tag","embeddable":true,"href":"https:\/\/centralmedia.rs\/index.php\/wp-json\/wp\/v2\/tags?post=16892"}],"curies":[{"name":"wp","href":"https:\/\/api.w.org\/{rel}","templated":true}]}}