{"id":16901,"date":"2019-04-02T12:19:11","date_gmt":"2019-04-02T12:19:11","guid":{"rendered":"http:\/\/centralmedia.rs\/?p=16901"},"modified":"2019-04-04T14:09:55","modified_gmt":"2019-04-04T14:09:55","slug":"lidl-stize-u-paracin-11-aprila","status":"publish","type":"post","link":"https:\/\/centralmedia.rs\/index.php\/2019\/04\/02\/lidl-stize-u-paracin-11-aprila\/","title":{"rendered":"LIDL STI\u017dE U PARA\u0106IN 11. APRILA"},"content":{"rendered":"<p style=\"font-weight: 400;\">KOMPANIJA LIDL SRBIJA NASTAVLJA \u0160IRENJE MRE\u017dE OTVARANJEM JO\u0160 DVE PRODAVNICE \u2013 U VRBASU I U PARA\u0106INU, \u010cIME \u0106E BROJ LIDL PRODAVNICA U SRBIJI PORASTI NA 27.<\/p>\n<p style=\"font-weight: 400;\"><strong>\u00a0<\/strong>Tokom proteklih pola godine, stanovnici 19 gradova \u0161irom Srbije imali su priliku da se uvere u jedinstveno iskustvo i brzu kupovinu koje im Lidl nudi, a sa radom \u0107e, 11. aprila u 8 \u010dasova ujutru, po\u010deti i prodavnica u Para\u0107inu, na adresi Carice Milice 4.\u00a0Lidl je za posetioce spremio i posebne, slavljeni\u010dke cene, kao i zanimljivu aktivaciju ispred prodavnice, koja \u0107e zainteresovanim potro\u0161a\u010dima omogu\u0107iti da provere svoje znanje o Lidlu i dobiju zanimljive poklone.<\/p>\n<p style=\"font-weight: 400;\"><strong>\u00a0<\/strong>Iako su sve Lidl prodavnice u Srbiji gra\u0111ene po savremenom konceptu i samim tim identi\u010dne, Lidl u Para\u0107inu je jedinstven po tome \u0161to \u010duva deo istorije. Naime, pred po\u010detak izgradnje ove prodavnice, na lokaciji je otkriveno arheolo\u0161ko nalazi\u0161te koje je dalo uvid u delove pro\u0161losti koje je Lidl, u saradnji sa Zavi\u010dajnim muzejom Para\u0107in, odlu\u010dio da sa\u010duva od zaborava i podeli sa gra\u0111anima ovog grada i ostatka Srbije.<\/p>\n<p style=\"font-weight: 400;\">Kompanija Lidl Srbija finansirala je za\u0161titna arheolo\u0161ka istra\u017eivanja, tokom kojih su na lokaciji otkriveni razli\u010diti predmeti iz svakodnevne upotrebe koji poti\u010du iz I veka na\u0161e ere, poput delova nakita, tegova i raznovrsnih alata koji su napravljeni od kosti i kamena, dok najve\u0107i broj tih nalaza \u010dine delovi grn\u010darije. Zahvaljuju\u0107i saradnji sa Zavi\u010dajnim muzejom, posetioci Lidla \u0107e mo\u0107i da se upoznaju sa odabranim replikama prona\u0111enih predmeta koji govore o postojanju naselja u kome su tokom I i II veka na\u0161e ere zajedno \u017eiveli\u00a0 Kelti i Da\u010dani, ali i Rimljani.<\/p>\n<p style=\"font-weight: 400;\">\u201e<em>Svako novo otvaranje prodavnice za nas je posebno iskustvo, a radost i uzbu\u0111enje su svaki put sve ve\u0107i, jer sada imamo obavezu vi\u0161e \u2013 da opravdamo poverenje koje su nam poklonili stanovnici 19 gradova u proteklih \u0161est meseci. Prodavnica u Para\u0107inu je, zbog arheolo\u0161kog nalazi\u0161ta koje imamo na njenoj lokaciji, za nas posebna, i izuzetna nam je \u010dast i zadovoljstvo \u0161to mo\u017eemo da pomognemo da se, u saradnji sa arheolozima, istorija ovog prostora sa\u010duva od zaborava\u201c,\u00a0<\/em>izjavila je rukovodilac korporativnih komunikacija u kompaniji Lidl Srbija Martina Petrovi\u0107, zahvaliv\u0161i se arheolozima koji su radili na pomenutim istra\u017eivanjima.<\/p>\n<p style=\"font-weight: 400;\">Jedinstveno iskustvo kupovine, koje ovaj trgovinski lanac nudi, potro\u0161a\u010dima omogu\u0107ava da kupuju proizvode sa najboljim odnosom cene i kvaliteta uz u\u0161tedu vremena. Tome doprinosi pa\u017eljivo odabran asortiman od 1.500 proizvoda, zatim \u010dinjenica da je prilikom opremanja svake prodavnice vo\u0111eno ra\u010duna o jasnom rasporedu polica kako bi se potro\u0161a\u010di \u0161to lak\u0161e sna\u0161li, i svakako, brz prolazak kroz kase, bez \u010dekanja u redovima. Sve to omogu\u0107ava potro\u0161a\u010dima da kupovinu zavr\u0161e veoma brzo i jednostavno, a ispred prodavnice nalazi se i veliki parking, \u010dije je kori\u0161\u0107enje za potro\u0161a\u010de besplatno.<\/p>\n<p style=\"font-weight: 400;\">Nakon otvaranja, Lidl prodavnica u Para\u0107inu nastavi\u0107e sa radom tokom svakog dana u nedelji, od 8 do 22 \u010dasa.<\/p>\n","protected":false},"excerpt":{"rendered":"<p>KOMPANIJA LIDL SRBIJA NASTAVLJA \u0160IRENJE MRE\u017dE OTVARANJEM JO\u0160 DVE PRODAVNICE \u2013 U VRBASU I U PARA\u0106INU, \u010cIME \u0106E BROJ LIDL PRODAVNICA U SRBIJI PORASTI NA &hellip; <\/p>\n","protected":false},"author":2,"featured_media":16902,"comment_status":"open","ping_status":"open","sticky":false,"template":"","format":"standard","meta":{"footnotes":""},"categories":[22,1524,2,1516,12],"tags":[3189,1209,156],"_links":{"self":[{"href":"https:\/\/centralmedia.rs\/index.php\/wp-json\/wp\/v2\/posts\/16901"}],"collection":[{"href":"https:\/\/centralmedia.rs\/index.php\/wp-json\/wp\/v2\/posts"}],"about":[{"href":"https:\/\/centralmedia.rs\/index.php\/wp-json\/wp\/v2\/types\/post"}],"author":[{"embeddable":true,"href":"https:\/\/centralmedia.rs\/index.php\/wp-json\/wp\/v2\/users\/2"}],"replies":[{"embeddable":true,"href":"https:\/\/centralmedia.rs\/index.php\/wp-json\/wp\/v2\/comments?post=16901"}],"version-history":[{"count":1,"href":"https:\/\/centralmedia.rs\/index.php\/wp-json\/wp\/v2\/posts\/16901\/revisions"}],"predecessor-version":[{"id":16903,"href":"https:\/\/centralmedia.rs\/index.php\/wp-json\/wp\/v2\/posts\/16901\/revisions\/16903"}],"wp:featuredmedia":[{"embeddable":true,"href":"https:\/\/centralmedia.rs\/index.php\/wp-json\/wp\/v2\/media\/16902"}],"wp:attachment":[{"href":"https:\/\/centralmedia.rs\/index.php\/wp-json\/wp\/v2\/media?parent=16901"}],"wp:term":[{"taxonomy":"category","embeddable":true,"href":"https:\/\/centralmedia.rs\/index.php\/wp-json\/wp\/v2\/categories?post=16901"},{"taxonomy":"post_tag","embeddable":true,"href":"https:\/\/centralmedia.rs\/index.php\/wp-json\/wp\/v2\/tags?post=16901"}],"curies":[{"name":"wp","href":"https:\/\/api.w.org\/{rel}","templated":true}]}}