{"id":16936,"date":"2019-04-04T21:27:25","date_gmt":"2019-04-04T21:27:25","guid":{"rendered":"http:\/\/centralmedia.rs\/?p=16936"},"modified":"2019-04-08T11:59:13","modified_gmt":"2019-04-08T11:59:13","slug":"20-godina-od-nato-bombardovanja-cuprije","status":"publish","type":"post","link":"https:\/\/centralmedia.rs\/index.php\/2019\/04\/04\/20-godina-od-nato-bombardovanja-cuprije\/","title":{"rendered":"20 godina od Nato bombardovanja \u0106UPRIJE"},"content":{"rendered":"<p>JAGODINA- Nato agresija na Srbiju i prvo bombardovanje \u0106uprije, 20 godina posle &#8211; ,,Da se ne zaboravi&#8221;. Akademija \u0107e biti odr\u017eana u nedelju 7. aprila u sali \u0160OMO ,,Du\u0161an Skovran&#8221; u 18 \u010dasova. U ponedeljak 8. aprila u 18 sati, na sam dan prvog bombardovanja \u0106uprije, u Domu omladine ,,Sin\u0111eli\u0107&#8221; bi\u0107e otvorena dokumentarna izlo\u017eba. Organizator je op\u0161tina \u0106uprija.<\/p>\n<div id='gallery-1' class='gallery galleryid-16936 gallery-columns-3 gallery-size-full'><figure class='gallery-item'>\n\t\t\t<div class='gallery-icon landscape'>\n\t\t\t\t<a href='https:\/\/centralmedia.rs\/index.php\/2018\/03\/25\/nato-bombardovanje-pomoravlja-cuprje-radijacija-posle-bombardovanja\/most-3\/'><img loading=\"lazy\" decoding=\"async\" width=\"837\" height=\"638\" src=\"https:\/\/centralmedia.rs\/wp-content\/uploads\/2018\/03\/most.jpg\" class=\"attachment-full size-full\" alt=\"\" srcset=\"https:\/\/centralmedia.rs\/wp-content\/uploads\/2018\/03\/most.jpg 837w, https:\/\/centralmedia.rs\/wp-content\/uploads\/2018\/03\/most-300x229.jpg 300w, https:\/\/centralmedia.rs\/wp-content\/uploads\/2018\/03\/most-768x585.jpg 768w, https:\/\/centralmedia.rs\/wp-content\/uploads\/2018\/03\/most-80x60.jpg 80w\" sizes=\"(max-width: 837px) 100vw, 837px\" \/><\/a>\n\t\t\t<\/div><\/figure><figure class='gallery-item'>\n\t\t\t<div class='gallery-icon portrait'>\n\t\t\t\t<a href='https:\/\/centralmedia.rs\/index.php\/2018\/03\/25\/nato-bombardovanje-pomoravlja-cuprje-radijacija-posle-bombardovanja\/most-2\/'><img loading=\"lazy\" decoding=\"async\" width=\"683\" height=\"960\" src=\"https:\/\/centralmedia.rs\/wp-content\/uploads\/2018\/03\/most-2.jpg\" class=\"attachment-full size-full\" alt=\"\" srcset=\"https:\/\/centralmedia.rs\/wp-content\/uploads\/2018\/03\/most-2.jpg 683w, https:\/\/centralmedia.rs\/wp-content\/uploads\/2018\/03\/most-2-213x300.jpg 213w\" sizes=\"(max-width: 683px) 100vw, 683px\" \/><\/a>\n\t\t\t<\/div><\/figure><figure class='gallery-item'>\n\t\t\t<div class='gallery-icon landscape'>\n\t\t\t\t<a href='https:\/\/centralmedia.rs\/index.php\/2018\/03\/25\/nato-bombardovanje-pomoravlja-cuprje-radijacija-posle-bombardovanja\/most-1-2\/'><img loading=\"lazy\" decoding=\"async\" width=\"960\" height=\"647\" src=\"https:\/\/centralmedia.rs\/wp-content\/uploads\/2018\/03\/most-1.jpg\" class=\"attachment-full size-full\" alt=\"\" aria-describedby=\"gallery-1-11427\" srcset=\"https:\/\/centralmedia.rs\/wp-content\/uploads\/2018\/03\/most-1.jpg 960w, https:\/\/centralmedia.rs\/wp-content\/uploads\/2018\/03\/most-1-300x202.jpg 300w, https:\/\/centralmedia.rs\/wp-content\/uploads\/2018\/03\/most-1-768x518.jpg 768w\" sizes=\"(max-width: 960px) 100vw, 960px\" \/><\/a>\n\t\t\t<\/div>\n\t\t\t\t<figcaption class='wp-caption-text gallery-caption' id='gallery-1-11427'>\n\t\t\t\tMost na Velikoj Moravi\n\t\t\t\t<\/figcaption><\/figure>\n\t\t<\/div>\n\n","protected":false},"excerpt":{"rendered":"<p>JAGODINA- Nato agresija na Srbiju i prvo bombardovanje \u0106uprije, 20 godina posle &#8211; ,,Da se ne zaboravi&#8221;. Akademija \u0107e biti odr\u017eana u nedelju 7. aprila &hellip; <\/p>\n","protected":false},"author":2,"featured_media":11427,"comment_status":"open","ping_status":"open","sticky":false,"template":"","format":"standard","meta":{"footnotes":""},"categories":[1515,14,1524,2,12],"tags":[339,3577,44,649],"_links":{"self":[{"href":"https:\/\/centralmedia.rs\/index.php\/wp-json\/wp\/v2\/posts\/16936"}],"collection":[{"href":"https:\/\/centralmedia.rs\/index.php\/wp-json\/wp\/v2\/posts"}],"about":[{"href":"https:\/\/centralmedia.rs\/index.php\/wp-json\/wp\/v2\/types\/post"}],"author":[{"embeddable":true,"href":"https:\/\/centralmedia.rs\/index.php\/wp-json\/wp\/v2\/users\/2"}],"replies":[{"embeddable":true,"href":"https:\/\/centralmedia.rs\/index.php\/wp-json\/wp\/v2\/comments?post=16936"}],"version-history":[{"count":1,"href":"https:\/\/centralmedia.rs\/index.php\/wp-json\/wp\/v2\/posts\/16936\/revisions"}],"predecessor-version":[{"id":16937,"href":"https:\/\/centralmedia.rs\/index.php\/wp-json\/wp\/v2\/posts\/16936\/revisions\/16937"}],"wp:featuredmedia":[{"embeddable":true,"href":"https:\/\/centralmedia.rs\/index.php\/wp-json\/wp\/v2\/media\/11427"}],"wp:attachment":[{"href":"https:\/\/centralmedia.rs\/index.php\/wp-json\/wp\/v2\/media?parent=16936"}],"wp:term":[{"taxonomy":"category","embeddable":true,"href":"https:\/\/centralmedia.rs\/index.php\/wp-json\/wp\/v2\/categories?post=16936"},{"taxonomy":"post_tag","embeddable":true,"href":"https:\/\/centralmedia.rs\/index.php\/wp-json\/wp\/v2\/tags?post=16936"}],"curies":[{"name":"wp","href":"https:\/\/api.w.org\/{rel}","templated":true}]}}