{"id":1698,"date":"2015-12-28T14:26:00","date_gmt":"2015-12-28T14:26:00","guid":{"rendered":"http:\/\/centralmedia.rs\/?p=1698"},"modified":"2015-12-28T14:26:00","modified_gmt":"2015-12-28T14:26:00","slug":"umesto-studenata-u-klupama-najmladi","status":"publish","type":"post","link":"https:\/\/centralmedia.rs\/index.php\/2015\/12\/28\/umesto-studenata-u-klupama-najmladi\/","title":{"rendered":"UMESTO STUDENATA, U KLUPAMA NAJMLA\u0110I"},"content":{"rendered":"<p>JAGODINA-U klupama u\u010dionica, amfiteatra, \u010ditaonice i Centra za u\u010denje Fakulteta pedago\u0161kih nauka tokom decembra radili su i u\u010dili najmla\u0111i \u2013 u\u010denici mla\u0111ih razreda jagodinskih osnovnih \u0161kola i pred\u0161kolci.<br \/>\n\u0110aci prvaci Osnovne \u0161kole \u201e17. oktobar\u201c posetili su Fakultet sa svojim u\u010diteljem Ivicom Horvati\u0107em kako bi se upoznali sa delatno\u0161\u0107u kojom se njihov u\u010ditelj bavi, ali i sa \u0161kolom koju u\u010ditelji zavr\u0161avaju.U\u010denici su imali \u010das fizi\u010dkog vaspitanja, a najvi\u0161e su im se svideli amfiteatar, biblioteka i park.<br \/>\n<a href=\"https:\/\/centralmedia.rs\/wp-content\/uploads\/2015\/12\/fakultet-2.jpg\" rel=\"attachment wp-att-1700\"><img loading=\"lazy\" decoding=\"async\" src=\"https:\/\/centralmedia.rs\/wp-content\/uploads\/2015\/12\/fakultet-2-300x225.jpg\" alt=\"fakultet (2)\" width=\"300\" height=\"225\" class=\"alignnone size-medium wp-image-1700\" srcset=\"https:\/\/centralmedia.rs\/wp-content\/uploads\/2015\/12\/fakultet-2-300x225.jpg 300w, https:\/\/centralmedia.rs\/wp-content\/uploads\/2015\/12\/fakultet-2-768x576.jpg 768w, https:\/\/centralmedia.rs\/wp-content\/uploads\/2015\/12\/fakultet-2-80x60.jpg 80w, https:\/\/centralmedia.rs\/wp-content\/uploads\/2015\/12\/fakultet-2-265x198.jpg 265w, https:\/\/centralmedia.rs\/wp-content\/uploads\/2015\/12\/fakultet-2.jpg 900w\" sizes=\"(max-width: 300px) 100vw, 300px\" \/><\/a><br \/>\nTri grupe pred\u0161kolaca iz vrti\u0107a \u201ePionir\u201c na Fakultetu su provele jedan svoj radni dan. Deca su u\u017eivala u aktivnostima iz tri oblasti: studenti i profesori organizovali su \u010ditanje jedne pri\u010de, eksperimente za otkrivanje prirodnih pojava i matemati\u010dku igraonicu.<br \/>\nStudenti \u010detvrte godine u\u010diteljskog smera na izbornom predmetu \u201eKreativnost u nastavi matematike\u201c organizovali su \u010dasove projektne nastave sa u\u010denicimatre\u0107eg razreda Osnovne \u0161kole \u201eRada Miljkovi\u0107\u201c, pa je Fakultet i tre\u0107i put u decembru bio ispunjen osmesima najmla\u0111ih. Deca su, u pratnji svojih u\u010ditelja Ivana Milojevi\u0107a i Mirjane Korolija imala \u010dasove u specijalizovanim u\u010dionicama.<br \/>\n<a href=\"https:\/\/centralmedia.rs\/wp-content\/uploads\/2015\/12\/fakultet.jpg\" rel=\"attachment wp-att-1701\"><img loading=\"lazy\" decoding=\"async\" src=\"https:\/\/centralmedia.rs\/wp-content\/uploads\/2015\/12\/fakultet-300x168.jpg\" alt=\"fakultet\" width=\"300\" height=\"168\" class=\"alignnone size-medium wp-image-1701\" srcset=\"https:\/\/centralmedia.rs\/wp-content\/uploads\/2015\/12\/fakultet-300x168.jpg 300w, https:\/\/centralmedia.rs\/wp-content\/uploads\/2015\/12\/fakultet-768x431.jpg 768w, https:\/\/centralmedia.rs\/wp-content\/uploads\/2015\/12\/fakultet.jpg 960w\" sizes=\"(max-width: 300px) 100vw, 300px\" \/><\/a><br \/>\nTako je semestar imao nadasve zanimljivu i veselu zavr\u0161nicu. Na licima dece moglo se videti odu\u0161evljenje, a u\u010ditelji, vaspita\u010di, studenti i zaposleni puni su pozitivnih utisaka.<br \/>\n<a href=\"https:\/\/centralmedia.rs\/wp-content\/uploads\/2015\/12\/fakultet-1.jpg\" rel=\"attachment wp-att-1702\"><img loading=\"lazy\" decoding=\"async\" src=\"https:\/\/centralmedia.rs\/wp-content\/uploads\/2015\/12\/fakultet-1-300x225.jpg\" alt=\"fakultet (1)\" width=\"300\" height=\"225\" class=\"alignnone size-medium wp-image-1702\" srcset=\"https:\/\/centralmedia.rs\/wp-content\/uploads\/2015\/12\/fakultet-1-300x225.jpg 300w, https:\/\/centralmedia.rs\/wp-content\/uploads\/2015\/12\/fakultet-1-768x576.jpg 768w, https:\/\/centralmedia.rs\/wp-content\/uploads\/2015\/12\/fakultet-1-80x60.jpg 80w, https:\/\/centralmedia.rs\/wp-content\/uploads\/2015\/12\/fakultet-1-265x198.jpg 265w, https:\/\/centralmedia.rs\/wp-content\/uploads\/2015\/12\/fakultet-1.jpg 900w\" sizes=\"(max-width: 300px) 100vw, 300px\" \/><\/a><br \/>\nOtvaranje vrata Fakulteta najmla\u0111ima i u\u010de\u0161\u0107e u \u017eivotu grada postaje sve vidljivije. Tako su na Fakultetu samo u decembru odr\u017eane tri promocije knjiga poznatih jagodinskih autora \u2013 \u201eLov na Snarka\u201c Pe\u0111e Trajkovi\u0107a, \u201eUdvorica\u201c Borislava Radosavljevi\u0107a i \u201eNe\u0161to sasvim li\u010dno\u201c Slobodana \u017diki\u0107a.Pored svega toga, i u kreiranju ovogteksta u\u010destvovali su studenti tre\u0107e godine (smer U\u010ditelj) koji poha\u0111aju izborni modul Srpski jezik i knji\u017eevnost.<br \/>\nIlijana \u010cutura<\/p>\n","protected":false},"excerpt":{"rendered":"<p>JAGODINA-U klupama u\u010dionica, amfiteatra, \u010ditaonice i Centra za u\u010denje Fakulteta pedago\u0161kih nauka tokom decembra radili su i u\u010dili najmla\u0111i \u2013 u\u010denici mla\u0111ih razreda jagodinskih osnovnih &hellip; <\/p>\n","protected":false},"author":4,"featured_media":1699,"comment_status":"open","ping_status":"open","sticky":false,"template":"","format":"standard","meta":{"footnotes":""},"categories":[2,30],"tags":[171,269,58],"_links":{"self":[{"href":"https:\/\/centralmedia.rs\/index.php\/wp-json\/wp\/v2\/posts\/1698"}],"collection":[{"href":"https:\/\/centralmedia.rs\/index.php\/wp-json\/wp\/v2\/posts"}],"about":[{"href":"https:\/\/centralmedia.rs\/index.php\/wp-json\/wp\/v2\/types\/post"}],"author":[{"embeddable":true,"href":"https:\/\/centralmedia.rs\/index.php\/wp-json\/wp\/v2\/users\/4"}],"replies":[{"embeddable":true,"href":"https:\/\/centralmedia.rs\/index.php\/wp-json\/wp\/v2\/comments?post=1698"}],"version-history":[{"count":0,"href":"https:\/\/centralmedia.rs\/index.php\/wp-json\/wp\/v2\/posts\/1698\/revisions"}],"wp:featuredmedia":[{"embeddable":true,"href":"https:\/\/centralmedia.rs\/index.php\/wp-json\/wp\/v2\/media\/1699"}],"wp:attachment":[{"href":"https:\/\/centralmedia.rs\/index.php\/wp-json\/wp\/v2\/media?parent=1698"}],"wp:term":[{"taxonomy":"category","embeddable":true,"href":"https:\/\/centralmedia.rs\/index.php\/wp-json\/wp\/v2\/categories?post=1698"},{"taxonomy":"post_tag","embeddable":true,"href":"https:\/\/centralmedia.rs\/index.php\/wp-json\/wp\/v2\/tags?post=1698"}],"curies":[{"name":"wp","href":"https:\/\/api.w.org\/{rel}","templated":true}]}}