{"id":17001,"date":"2019-04-08T11:39:55","date_gmt":"2019-04-08T11:39:55","guid":{"rendered":"http:\/\/centralmedia.rs\/?p=17001"},"modified":"2019-04-19T21:06:13","modified_gmt":"2019-04-19T21:06:13","slug":"udruzenje-poverilaca-fabrike-kablova-primena-uppr-mimo-propisa-i-odredbi","status":"publish","type":"post","link":"https:\/\/centralmedia.rs\/index.php\/2019\/04\/08\/udruzenje-poverilaca-fabrike-kablova-primena-uppr-mimo-propisa-i-odredbi\/","title":{"rendered":"UDRU\u017dENJE POVERILACA FABRIKE KABLOVA &#8211; PRIMENA UPPR MIMO PROPISA I ODREDBI"},"content":{"rendered":"<p>JAGODINA- Predstavnik poverilaca Holding Kablova Nenad Lazarevi\u0107 isti\u010de da nije ispunjena obaveza iz Unapred pripremljenog programa reorganizacije (UPPR) da se klasa d1, odnosno radnici kojima su se dugovale tri zarade, \u00a0izmiri pre po\u010detka primene, te je je primena UPPR je po\u010dela mimo odredbi i propisa, jer je o\u010digledo da su radnici o\u0161te\u0107eni.<\/p>\n<div id='gallery-1' class='gallery galleryid-17001 gallery-columns-3 gallery-size-full'><figure class='gallery-item'>\n\t\t\t<div class='gallery-icon landscape'>\n\t\t\t\t<a href='https:\/\/centralmedia.rs\/index.php\/2019\/04\/08\/udruzenje-poverilaca-fabrike-kablova-primena-uppr-mimo-propisa-i-odredbi\/poverioci-fks\/'><img loading=\"lazy\" decoding=\"async\" width=\"1280\" height=\"622\" src=\"https:\/\/centralmedia.rs\/wp-content\/uploads\/2019\/04\/poverioci-fks.jpg\" class=\"attachment-full size-full\" alt=\"\" srcset=\"https:\/\/centralmedia.rs\/wp-content\/uploads\/2019\/04\/poverioci-fks.jpg 1280w, https:\/\/centralmedia.rs\/wp-content\/uploads\/2019\/04\/poverioci-fks-300x146.jpg 300w, https:\/\/centralmedia.rs\/wp-content\/uploads\/2019\/04\/poverioci-fks-768x373.jpg 768w, https:\/\/centralmedia.rs\/wp-content\/uploads\/2019\/04\/poverioci-fks-1024x498.jpg 1024w, https:\/\/centralmedia.rs\/wp-content\/uploads\/2019\/04\/poverioci-fks-864x420.jpg 864w, https:\/\/centralmedia.rs\/wp-content\/uploads\/2019\/04\/poverioci-fks-640x311.jpg 640w, https:\/\/centralmedia.rs\/wp-content\/uploads\/2019\/04\/poverioci-fks-681x331.jpg 681w\" sizes=\"(max-width: 1280px) 100vw, 1280px\" \/><\/a>\n\t\t\t<\/div><\/figure><figure class='gallery-item'>\n\t\t\t<div class='gallery-icon landscape'>\n\t\t\t\t<a href='https:\/\/centralmedia.rs\/index.php\/2019\/04\/08\/udruzenje-poverilaca-fabrike-kablova-primena-uppr-mimo-propisa-i-odredbi\/nenad-lazarevic\/'><img loading=\"lazy\" decoding=\"async\" width=\"1280\" height=\"622\" src=\"https:\/\/centralmedia.rs\/wp-content\/uploads\/2019\/04\/nenad-lazarevic.jpg\" class=\"attachment-full size-full\" alt=\"\" srcset=\"https:\/\/centralmedia.rs\/wp-content\/uploads\/2019\/04\/nenad-lazarevic.jpg 1280w, https:\/\/centralmedia.rs\/wp-content\/uploads\/2019\/04\/nenad-lazarevic-300x146.jpg 300w, https:\/\/centralmedia.rs\/wp-content\/uploads\/2019\/04\/nenad-lazarevic-768x373.jpg 768w, https:\/\/centralmedia.rs\/wp-content\/uploads\/2019\/04\/nenad-lazarevic-1024x498.jpg 1024w, https:\/\/centralmedia.rs\/wp-content\/uploads\/2019\/04\/nenad-lazarevic-864x420.jpg 864w, https:\/\/centralmedia.rs\/wp-content\/uploads\/2019\/04\/nenad-lazarevic-640x311.jpg 640w, https:\/\/centralmedia.rs\/wp-content\/uploads\/2019\/04\/nenad-lazarevic-681x331.jpg 681w\" sizes=\"(max-width: 1280px) 100vw, 1280px\" \/><\/a>\n\t\t\t<\/div><\/figure><figure class='gallery-item'>\n\t\t\t<div class='gallery-icon landscape'>\n\t\t\t\t<a href='https:\/\/centralmedia.rs\/index.php\/2019\/04\/08\/udruzenje-poverilaca-fabrike-kablova-primena-uppr-mimo-propisa-i-odredbi\/fks-3\/'><img loading=\"lazy\" decoding=\"async\" width=\"1280\" height=\"622\" src=\"https:\/\/centralmedia.rs\/wp-content\/uploads\/2019\/04\/fks.jpg\" class=\"attachment-full size-full\" alt=\"\" srcset=\"https:\/\/centralmedia.rs\/wp-content\/uploads\/2019\/04\/fks.jpg 1280w, https:\/\/centralmedia.rs\/wp-content\/uploads\/2019\/04\/fks-300x146.jpg 300w, https:\/\/centralmedia.rs\/wp-content\/uploads\/2019\/04\/fks-768x373.jpg 768w, https:\/\/centralmedia.rs\/wp-content\/uploads\/2019\/04\/fks-1024x498.jpg 1024w, https:\/\/centralmedia.rs\/wp-content\/uploads\/2019\/04\/fks-864x420.jpg 864w, https:\/\/centralmedia.rs\/wp-content\/uploads\/2019\/04\/fks-640x311.jpg 640w, https:\/\/centralmedia.rs\/wp-content\/uploads\/2019\/04\/fks-681x331.jpg 681w\" sizes=\"(max-width: 1280px) 100vw, 1280px\" \/><\/a>\n\t\t\t<\/div><\/figure>\n\t\t<\/div>\n\n<p>&#8211; Ratko Vu\u010durovi\u0107 i dalje isklju\u010divo samovoljno odlu\u010duje, bez ikakve odgovornosti, bez polaganja ra\u010duna bilo kome. Po\u010detak primene UPPR je 14 dana od dana pravnosna\u017enosti, a to je bilo 25. marta. To je rok u kome je Fabrika kablova morala da isplati sve poverioce iz klase d1, odnosno sada\u0161nje ili bi\u0161e radnike. Izgleda da su izmireni ranici van radnog odnosa u potpunosti, a oni koji su ostali u Fabrici su ostali uskra\u0107eni za tre\u0107u platu i kamatu, a neki \u010dak sve kamate. Kako je mogu\u0107e da zapo\u010dne primena UPPR, pita se Lazarevi\u0107 i dodaje da je pokrenutim postupcima spre\u010deno zastarevanje obaveze, kao i da je oko 80 radnika primilo jubilarne nagrade, mimo odredaba UPPR, \u0161to predstavlja krivi\u010dno delo zloupotrebe slu\u017ebenog polo\u017eaja, obja\u0161njava Lazrevi\u0107.<\/p>\n<p>U tom preduze\u0107u nije obavljeno \u00a0formiranje organa upavljanja, \u0161to je predvi\u0111eno UPPR, \u00a0pre svega izbor \u00a0Skup\u0161tine akcionara preduze\u0107a.<\/p>\n<p>&#8211; Skup\u0161tina je jedini ovla\u0161\u0107eni organ koji raspola\u017ee imovinom firme u kona\u010dnom stepenu, a ne neki Izvr\u0161ni ili Nadzrni odbori sastavljeni od penzionera koji imaju izme\u0111u 70 i 80 godina. Bruka i sramota dr\u017eave. U ovom trenutku dr\u017eavu ne interesuje Fabrika kablova, a pogotovu radnici. U UPPR stoji da su svi organi upravljanja i dalje na snazi, postoji i Skup\u0161tina, a ne samo Izvr\u0161ni i Nadzorni odbor. Skup\u0161tina nije formirana, potrebno je da urade kompletni izbori, a to traje. Ne mo\u017ee to na telefon ili na dva prsta. Skup\u0161tina donosi odluku o imovini firme, ne odbori. Skup\u0161tina nije odr\u017eana a doneta odluka o prodaji pogona u Rekovcu. Bez saglasnosti Ministarstva pivrede nema prodaje, ako su dali saglasnost na onakvu prodaju to zna\u010di da tamo rade nezainteresovani ljudi. Rekovac se prodaje za desetostruko ni\u017eu cenu od investirane, ko odgovara za to. To je dokaz samovolje i nestru\u010dnosti, navodi Lazarevi\u0107.<\/p>\n<p>Ina\u010de, imovina Fabrike kablova se meri milijardama, a kada su u pitanju potencijali to je vi\u0161estruko. Naprimer, energetska snaga sa kojom se pogon u Rekovcu pokre\u0107e u milionima evra mo\u017ee da se proda kao energetski kapacitet.<\/p>\n<p>&#8211; Kome se daju izve\u0161taji o UPPR nigde ne pi\u0161e, izuzev u jednoj re\u010denici da ovla\u0161\u0107eno slu\u017ebeno lice tromese\u010dno daje informacije o sprovo\u0111enju UPPR ili postavlja na sajt FKS. Jo\u0161 jedan vid kako zavarati poverioce, dodaje Lazarevi\u0107.<\/p>\n<p>&#8211; Pored dono\u0161enja nezakonite odluke o prodaji fabrike u Rekovcu, pre po\u010detka primene UPPR pogoni biv\u0161eg Elmosa u Jagodini i \u0106upriji morali su da budu ustupljeni Jugoimportu, nagla\u0161ava Lazarevi\u0107\u00a0 i ka\u017ee da \u0161to se ti\u010de fabrike u Despotovcu ona u UPPR stoji kao nedefinisana, odnosno samo je\u00a0 stvorena mogu\u0107nost da se ustupi nekoj od op\u0161tina na ime izimrenja obaveza prema lokalnoj samoupravi i za to postoji procedura.\u00a0 Despotovac je to tra\u017eio.<\/p>\n<p>Lazarevi\u0107 poja\u0161najva da je po programu UPPR predvi\u0111ena je prodaja samo lokacije u Dragocvetu, niti Rekovac, niti Despotovac, dok je za lokacije biv\u0161eg Elmosa u Jagodini i \u0106upriji predvi\u0111eno da se putem posebne odluke o zameni ispunjenja menja za obevaze prema Fondu za razvoj u iznosu oko 2 milijarde i ustupi Jugoimportu. Me\u0111utim, za sada to nije obavljeno.<\/p>\n","protected":false},"excerpt":{"rendered":"<p>JAGODINA- Predstavnik poverilaca Holding Kablova Nenad Lazarevi\u0107 isti\u010de da nije ispunjena obaveza iz Unapred pripremljenog programa reorganizacije (UPPR) da se klasa d1, odnosno radnici kojima &hellip; <\/p>\n","protected":false},"author":2,"featured_media":17002,"comment_status":"open","ping_status":"open","sticky":false,"template":"","format":"standard","meta":{"footnotes":""},"categories":[22,1524,2,1514,12],"tags":[1689,368,58,3598],"_links":{"self":[{"href":"https:\/\/centralmedia.rs\/index.php\/wp-json\/wp\/v2\/posts\/17001"}],"collection":[{"href":"https:\/\/centralmedia.rs\/index.php\/wp-json\/wp\/v2\/posts"}],"about":[{"href":"https:\/\/centralmedia.rs\/index.php\/wp-json\/wp\/v2\/types\/post"}],"author":[{"embeddable":true,"href":"https:\/\/centralmedia.rs\/index.php\/wp-json\/wp\/v2\/users\/2"}],"replies":[{"embeddable":true,"href":"https:\/\/centralmedia.rs\/index.php\/wp-json\/wp\/v2\/comments?post=17001"}],"version-history":[{"count":1,"href":"https:\/\/centralmedia.rs\/index.php\/wp-json\/wp\/v2\/posts\/17001\/revisions"}],"predecessor-version":[{"id":17006,"href":"https:\/\/centralmedia.rs\/index.php\/wp-json\/wp\/v2\/posts\/17001\/revisions\/17006"}],"wp:featuredmedia":[{"embeddable":true,"href":"https:\/\/centralmedia.rs\/index.php\/wp-json\/wp\/v2\/media\/17002"}],"wp:attachment":[{"href":"https:\/\/centralmedia.rs\/index.php\/wp-json\/wp\/v2\/media?parent=17001"}],"wp:term":[{"taxonomy":"category","embeddable":true,"href":"https:\/\/centralmedia.rs\/index.php\/wp-json\/wp\/v2\/categories?post=17001"},{"taxonomy":"post_tag","embeddable":true,"href":"https:\/\/centralmedia.rs\/index.php\/wp-json\/wp\/v2\/tags?post=17001"}],"curies":[{"name":"wp","href":"https:\/\/api.w.org\/{rel}","templated":true}]}}