{"id":17007,"date":"2019-04-08T11:54:36","date_gmt":"2019-04-08T11:54:36","guid":{"rendered":"http:\/\/centralmedia.rs\/?p=17007"},"modified":"2019-04-13T13:12:02","modified_gmt":"2019-04-13T13:12:02","slug":"osvecenje-obnovljenog-belog-konaka-u-manastiru-hilandar","status":"publish","type":"post","link":"https:\/\/centralmedia.rs\/index.php\/2019\/04\/08\/osvecenje-obnovljenog-belog-konaka-u-manastiru-hilandar\/","title":{"rendered":"Osve\u0107enje obnovljenog Belog konaka u manastiru Hilandar"},"content":{"rendered":"<p>SVETA GORA- U manastiru Hilandar osve\u0107en obnovljeni Beli konak koji poti\u010de iz vremena Sv. Kralja Milutina\u00a0(14. vek), a obnovljen je 1598. godine. Osve\u0107enju koje je izvr\u0161io iguman Manastira Hilandara arhimandrit Metodije prisustvovala je i delegacija KeDAK-a, nadle\u017ene gr\u010dke slu\u017ebe za za\u0161titu svetogorskog nasle\u0111a.<\/p>\n<p>Beli konak je pretrpeo najve\u0107a o\u0161te\u0107enja u velikom po\u017earu 2004 godine. Fasada je potpuno nestala budu\u0107i da je bila izra\u0111ena od drveta. Zidovi u gornjoj polovini su sru\u0161eni. Ostali su delovi u prizemlju. Ju\u017eni zid konaka je u celini sa\u010duvan. U konaku je potpuno uni\u0161ten paraklis Svetih \u010detrdeset mu\u010denika. Tako\u0111e su uni\u0161tene skoro sve mona\u0161ke kelije iz 16. veka koje su bile sa\u010duvane u izvornom obliku i predstavljale izuzetnu retkost na Svetoj Gori. To je, ako se mo\u017ee tako re\u0107i, i najve\u0107i gubitak u po\u017earu koji je zadesio Hilandar. Beli konak je pred izbijanje po\u017eara bio u zavr\u0161noj fazi generalne obnove.<\/p>\n<p>Nakon po\u017eara kao i na drugim objektima, izvr\u0161eno je ra\u0161\u010di\u0161\u0107avanje i osiguravanje preostalih delova.\u00a0 Obnova konaka je zvani\u010dno po\u010dela 2015.\u00a0To je bila \u010detvrta od izgorelih gra\u0111evina koja se obnavlja od posledica velikog po\u017eara iz 2004. godine. Pre njega obnovljeni su Konak iz 1814 (Sinodik), sve tri faze Velikog konaka iz 1816 \u2013 1821, i ulazna zona, sa paraklisom Svetog Nikole i delom Starog konaka.<\/p>\n<div id='gallery-1' class='gallery galleryid-17007 gallery-columns-5 gallery-size-thumbnail'><figure class='gallery-item'>\n\t\t\t<div class='gallery-icon landscape'>\n\t\t\t\t<a href='https:\/\/centralmedia.rs\/index.php\/2019\/04\/08\/osvecenje-obnovljenog-belog-konaka-u-manastiru-hilandar\/2019_03_31_beli_konak_7_w\/'><img loading=\"lazy\" decoding=\"async\" width=\"150\" height=\"150\" src=\"https:\/\/centralmedia.rs\/wp-content\/uploads\/2019\/04\/2019_03_31_Beli_konak_7_w-150x150.jpg\" class=\"attachment-thumbnail size-thumbnail\" alt=\"\" \/><\/a>\n\t\t\t<\/div><\/figure><figure class='gallery-item'>\n\t\t\t<div class='gallery-icon landscape'>\n\t\t\t\t<a href='https:\/\/centralmedia.rs\/index.php\/2019\/04\/08\/osvecenje-obnovljenog-belog-konaka-u-manastiru-hilandar\/2019_03_31_beli_konak_2_w\/'><img loading=\"lazy\" decoding=\"async\" width=\"150\" height=\"150\" src=\"https:\/\/centralmedia.rs\/wp-content\/uploads\/2019\/04\/2019_03_31_Beli_konak_2_w-150x150.jpg\" class=\"attachment-thumbnail size-thumbnail\" alt=\"\" \/><\/a>\n\t\t\t<\/div><\/figure><figure class='gallery-item'>\n\t\t\t<div class='gallery-icon landscape'>\n\t\t\t\t<a href='https:\/\/centralmedia.rs\/index.php\/2019\/04\/08\/osvecenje-obnovljenog-belog-konaka-u-manastiru-hilandar\/2019_03_31_beli_konak_3_w\/'><img loading=\"lazy\" decoding=\"async\" width=\"150\" height=\"150\" src=\"https:\/\/centralmedia.rs\/wp-content\/uploads\/2019\/04\/2019_03_31_Beli_konak_3_w-150x150.jpg\" class=\"attachment-thumbnail size-thumbnail\" alt=\"\" \/><\/a>\n\t\t\t<\/div><\/figure><figure class='gallery-item'>\n\t\t\t<div class='gallery-icon landscape'>\n\t\t\t\t<a href='https:\/\/centralmedia.rs\/index.php\/2019\/04\/08\/osvecenje-obnovljenog-belog-konaka-u-manastiru-hilandar\/2019-beli-konak\/'><img loading=\"lazy\" decoding=\"async\" width=\"150\" height=\"150\" src=\"https:\/\/centralmedia.rs\/wp-content\/uploads\/2019\/04\/2019-beli-konak-150x150.jpg\" class=\"attachment-thumbnail size-thumbnail\" alt=\"\" \/><\/a>\n\t\t\t<\/div><\/figure><figure class='gallery-item'>\n\t\t\t<div class='gallery-icon landscape'>\n\t\t\t\t<a href='https:\/\/centralmedia.rs\/index.php\/2019\/04\/08\/osvecenje-obnovljenog-belog-konaka-u-manastiru-hilandar\/f1000055_resize\/'><img loading=\"lazy\" decoding=\"async\" width=\"150\" height=\"150\" src=\"https:\/\/centralmedia.rs\/wp-content\/uploads\/2019\/04\/F1000055_resize-150x150.jpg\" class=\"attachment-thumbnail size-thumbnail\" alt=\"\" \/><\/a>\n\t\t\t<\/div><\/figure>\n\t\t<\/div>\n\n<p><strong>O Obnovi Belog honaka u Manastiru Hilandaru<\/strong><\/p>\n<p><strong>Osnovni podaci o objektu: bruto povr\u0161ina objekta \u00a01240 kvadrata, korisna povr\u0161ina 942 kvadrata, spratnost Su + Pr + 3<\/strong><\/p>\n<p>Posle ru\u0161enja u po\u017earu 2004. godine, ra\u0161\u010di\u0161\u0107avanja \u0161uta i uklanjanja opasnih delova, od objekta su ostali sa\u010duvani zidovi u donjim eta\u017eama. Bedemski zid o\u010duvan je do visine prvog sprata u severnom delu i do visine drugog sprata u ju\u017enom delu, a lukovi na zapadnoj fasadi o\u010duvani su samo u visini podruma. Nekoliko stubova koji se nalaze iznad lukova na zapadnoj fasadi tako\u0111e su o\u010duvani u ve\u0107em delu svoje prvobitne visine. Svi ovi originalni elementi su sa\u010duvani i prezentovani na odgovaraju\u0107i na\u010din, tako da se mo\u017ee napraviti razlika u odnosu na novoizgra\u0111ene delove objekta.<\/p>\n<p>Objektu je vra\u0107ena namena koju je imao pre po\u017eara, a to je stanovanje monaha i prostorije za ostave. Osnovni arhitektonski koncept objekta zasnovan je na stanju kakvo je bilo pre po\u017eara, u delu prema porti nalazi se hodnik, dok su u delu prema bedemskom zidu prostorije. Ovakav koncept je rezultirao rasporedom fasadnih otvora \u2013 prozora koji podse\u0107a na fasadu Belog konaka iz perioda pre po\u017eara.<\/p>\n<div id='gallery-2' class='gallery galleryid-17007 gallery-columns-5 gallery-size-thumbnail'><figure class='gallery-item'>\n\t\t\t<div class='gallery-icon landscape'>\n\t\t\t\t<a href='https:\/\/centralmedia.rs\/index.php\/2019\/04\/08\/osvecenje-obnovljenog-belog-konaka-u-manastiru-hilandar\/beli-konak-pre-pozara_resize\/'><img loading=\"lazy\" decoding=\"async\" width=\"150\" height=\"150\" src=\"https:\/\/centralmedia.rs\/wp-content\/uploads\/2019\/04\/beli-konak-pre-po\u017eara_resize-150x150.jpg\" class=\"attachment-thumbnail size-thumbnail\" alt=\"\" \/><\/a>\n\t\t\t<\/div><\/figure><figure class='gallery-item'>\n\t\t\t<div class='gallery-icon landscape'>\n\t\t\t\t<a href='https:\/\/centralmedia.rs\/index.php\/2019\/04\/08\/osvecenje-obnovljenog-belog-konaka-u-manastiru-hilandar\/beli-konak-pozar_resize\/'><img loading=\"lazy\" decoding=\"async\" width=\"150\" height=\"150\" src=\"https:\/\/centralmedia.rs\/wp-content\/uploads\/2019\/04\/beli-konak-pozar_resize-150x150.jpg\" class=\"attachment-thumbnail size-thumbnail\" alt=\"\" \/><\/a>\n\t\t\t<\/div><\/figure><figure class='gallery-item'>\n\t\t\t<div class='gallery-icon landscape'>\n\t\t\t\t<a href='https:\/\/centralmedia.rs\/index.php\/2019\/04\/08\/osvecenje-obnovljenog-belog-konaka-u-manastiru-hilandar\/beli-konak-posle-pozara_resize\/'><img loading=\"lazy\" decoding=\"async\" width=\"150\" height=\"150\" src=\"https:\/\/centralmedia.rs\/wp-content\/uploads\/2019\/04\/beli-konak-posle-po\u017eara_resize-150x150.jpg\" class=\"attachment-thumbnail size-thumbnail\" alt=\"\" \/><\/a>\n\t\t\t<\/div><\/figure><figure class='gallery-item'>\n\t\t\t<div class='gallery-icon landscape'>\n\t\t\t\t<a href='https:\/\/centralmedia.rs\/index.php\/2019\/04\/08\/osvecenje-obnovljenog-belog-konaka-u-manastiru-hilandar\/2019_03_31_beli_konak_1_w\/'><img loading=\"lazy\" decoding=\"async\" width=\"150\" height=\"150\" src=\"https:\/\/centralmedia.rs\/wp-content\/uploads\/2019\/04\/2019_03_31_Beli_konak_1_w-150x150.jpg\" class=\"attachment-thumbnail size-thumbnail\" alt=\"\" \/><\/a>\n\t\t\t<\/div><\/figure><figure class='gallery-item'>\n\t\t\t<div class='gallery-icon landscape'>\n\t\t\t\t<a href='https:\/\/centralmedia.rs\/index.php\/2019\/04\/08\/osvecenje-obnovljenog-belog-konaka-u-manastiru-hilandar\/2019-beli-konak-1\/'><img loading=\"lazy\" decoding=\"async\" width=\"150\" height=\"150\" src=\"https:\/\/centralmedia.rs\/wp-content\/uploads\/2019\/04\/2019-beli-konak-1-150x150.jpg\" class=\"attachment-thumbnail size-thumbnail\" alt=\"\" \/><\/a>\n\t\t\t<\/div><\/figure>\n\t\t<\/div>\n\n<p>Zapadna fasada \u2013 prema porti \u2013 izvedena je prema originalnoj fasadi objekta iz vremena izgradnje, pre nego \u0161to su na njoj izvr\u0161ene izmene zazi\u0111ivanjem. Dakle radi se o podra\u017eavanju drvene arhitravne konstrukcije, sa vertikalnim drvenim stubovima na kojima su karakteristi\u010dni profilisani jastuci. U stvarnosti je nose\u0107a konstrukcija fasade od \u010deli\u010dnih elemenata skrivenih u unutra\u0161njosti. Zbog potrebe za za\u0161titom od nepovoljnih vremenskih uslova, koja je u ranijem periodu bila razlog zazi\u0111ivanja originalne fasade, zapadna fasada zatvorena je prozorima sa drvenim parapetima na na\u010din da se preko odnosa providno-neprovidno asocira na originalne otvorene terase sa drvenim ogradama.<\/p>\n<p>Isto\u010dna fasada je u najve\u0107oj meri rekonstruisana u stanje pre po\u017eara, s tim \u0161to je jasno istaknut spoj originalnog dela bedemskog zida i dela koji je bio obru\u0161en. Kako bi se omogu\u0107io ve\u0107i komfor u unutra\u0161njosti kelija dodato je nekoliko prozora na ovoj fasadi, ali je variranjem njihovog rasporeda i veli\u010dine poku\u0161ano da se postigne efekat dinami\u010dnog izgleda koji je karakterisao originalnu fasadu pre po\u017eara, a koji je nastao tako \u0161to su stanovnici kelija na bedemskom zidu probijali otvore za prozore kako bi sebi obezbedili dovoljno svetlosti. Ponovljen je karakteristi\u010dan motiv sa dekorativno ozidanim delom fasade sa dva lu\u010dna prozora na severnom delu fasade.<\/p>\n<p>Podrum objekta zadr\u017eao je originalnu funkciju i raspored jer su u ovom delu zidovi skoro u potpunosti o\u010duvani. Na drugom nivou predvi\u0111ene su ostave kao i delimi\u010dno na tre\u0107em, a na ostalim nivoima kelije za stanovanje monaha, ukupno 14 kelija. Na tre\u0107em spratu, uz severni zid objekta, obnovljen je paraklis 40 mu\u010denika, koji je bio potpuno uni\u0161ten u po\u017earu.<\/p>\n<p>Bedemski zid, koji je posle po\u017eara bio u najlo\u0161ijem stanju, oja\u010dan je injektiranjem smese od kre\u010da, cementa i peska kao i postavljanjem preko 200 zatega od inoksa u popre\u010dnom pravcu, kojima je ostvarena veza izme\u0111u spoljnjeg i unutra\u0161njeg lica zida, kao i izme\u0111u zida i\u00a0 prizidanih stubaca. Isto\u010dni deo objekta, u kome su prostorije za \u017eivot i ostave, je masivnog zidanog konstruktivnog sklopa, dok su hodnici u zapadnom delu objekta, prema porti, oslonjeni na \u010deli\u010dnu skeletnu konstrukciju koja nosi i zapadnu fasadu. Krov je pokriven sivim plo\u010dastim kamenom \u201ekavala\u201c.<\/p>\n<p>Objekat je opremljen savremenim instalacijama \u2013 vodovod, kanalizacija, elektri\u010dna energija, centralno grejanje, telekomunikaciona i informaciona mre\u017ea, klimatizacija u pojedinim prostorijama, kao i automatska dojava po\u017eara.<\/p>\n<p>S obzirom na kori\u0161\u0107enje \u010delika kao nose\u0107e konstrukcije i \u0161iroku upotrebu drveta u enterijeru i eksterijeru objekta, posebna pa\u017enja je posve\u0107ena za\u0161titi od po\u017eara. Svi nose\u0107i elementi oblo\u017eeni su po\u017earnootpornim plo\u010dama i premazani protivpo\u017earnim premazima. Objekat je opremljen protivpo\u017earnim hidrantima na svakom spratu, kao i automatskom protivpo\u017earnom instalacijom na tavanu. Sva vrata ka susednom objektu su po\u017earnootporna u trajanju od 90 minuta. Sve prostorije opremljene su senzorima za dim povezanim na glavnu konzolu u kontrolnom centru. Ru\u010dni javlja\u010di po\u017eara postavljeni su na uo\u010dljivim i pristupa\u010dnim mestima, u komunikacijama i u blizini svih izlaza iz objekta.<\/p>\n<p>tekst i foto<\/p>\n<p>www. hilandar.org<\/p>\n","protected":false},"excerpt":{"rendered":"<p>SVETA GORA- U manastiru Hilandar osve\u0107en obnovljeni Beli konak koji poti\u010de iz vremena Sv. Kralja Milutina\u00a0(14. vek), a obnovljen je 1598. godine. Osve\u0107enju koje je &hellip; <\/p>\n","protected":false},"author":2,"featured_media":17008,"comment_status":"open","ping_status":"open","sticky":false,"template":"","format":"standard","meta":{"footnotes":""},"categories":[14,2,12],"tags":[3599,150,3526],"_links":{"self":[{"href":"https:\/\/centralmedia.rs\/index.php\/wp-json\/wp\/v2\/posts\/17007"}],"collection":[{"href":"https:\/\/centralmedia.rs\/index.php\/wp-json\/wp\/v2\/posts"}],"about":[{"href":"https:\/\/centralmedia.rs\/index.php\/wp-json\/wp\/v2\/types\/post"}],"author":[{"embeddable":true,"href":"https:\/\/centralmedia.rs\/index.php\/wp-json\/wp\/v2\/users\/2"}],"replies":[{"embeddable":true,"href":"https:\/\/centralmedia.rs\/index.php\/wp-json\/wp\/v2\/comments?post=17007"}],"version-history":[{"count":2,"href":"https:\/\/centralmedia.rs\/index.php\/wp-json\/wp\/v2\/posts\/17007\/revisions"}],"predecessor-version":[{"id":17020,"href":"https:\/\/centralmedia.rs\/index.php\/wp-json\/wp\/v2\/posts\/17007\/revisions\/17020"}],"wp:featuredmedia":[{"embeddable":true,"href":"https:\/\/centralmedia.rs\/index.php\/wp-json\/wp\/v2\/media\/17008"}],"wp:attachment":[{"href":"https:\/\/centralmedia.rs\/index.php\/wp-json\/wp\/v2\/media?parent=17007"}],"wp:term":[{"taxonomy":"category","embeddable":true,"href":"https:\/\/centralmedia.rs\/index.php\/wp-json\/wp\/v2\/categories?post=17007"},{"taxonomy":"post_tag","embeddable":true,"href":"https:\/\/centralmedia.rs\/index.php\/wp-json\/wp\/v2\/tags?post=17007"}],"curies":[{"name":"wp","href":"https:\/\/api.w.org\/{rel}","templated":true}]}}