{"id":17021,"date":"2019-04-08T12:12:03","date_gmt":"2019-04-08T12:12:03","guid":{"rendered":"http:\/\/centralmedia.rs\/?p=17021"},"modified":"2019-04-11T00:54:22","modified_gmt":"2019-04-11T00:54:22","slug":"dr-sci-med-hristos-aleksopulos-dobio-zahvalnicu-od-romske-zajednice","status":"publish","type":"post","link":"https:\/\/centralmedia.rs\/index.php\/2019\/04\/08\/dr-sci-med-hristos-aleksopulos-dobio-zahvalnicu-od-romske-zajednice\/","title":{"rendered":"Dr sci med Hristos Aleksopulos dobio zahvalnicu od Romske zajednice"},"content":{"rendered":"<p>\u0106UPRIJA- Na Visokoj medicinskoj \u0161koli u \u0106upriji obele\u017een je Me\u0111unarodni dan Roma Konferencijom pod nazivom\u00a0 \u201eJa\u010danje obrazovanja, zapo\u0161ljavanja, kulture i integriteta Romske zajednice u Srbiji \u2013 izazovi i re\u0161enja\u201c. Me\u0111u u\u010desnici panel diskusije bili su i Jelena Jovanovi\u0107, narodna poslanica u prlamentu\u00a0 AP Vojvodina, Dobrosav Mari\u0107, direktor NSZ Beograd, Milo\u0161 Nikoli\u0107, direktor Kancelarije za inkluziju Roma i Slavica Deni\u0107 iz tima za socijalno uklju\u010divanje i smanjenje siroma\u0161tva, a diskutovalo se o temama podsticaja integracije romske zajednice.<\/p>\n<p><img loading=\"lazy\" decoding=\"async\" class=\"alignnone wp-image-17023 size-large\" src=\"http:\/\/centralmedia.rs\/wp-content\/uploads\/2019\/04\/Slika-1-1-683x1024.jpg\" alt=\"\" width=\"640\" height=\"960\" srcset=\"https:\/\/centralmedia.rs\/wp-content\/uploads\/2019\/04\/Slika-1-1-683x1024.jpg 683w, https:\/\/centralmedia.rs\/wp-content\/uploads\/2019\/04\/Slika-1-1-200x300.jpg 200w, https:\/\/centralmedia.rs\/wp-content\/uploads\/2019\/04\/Slika-1-1-768x1152.jpg 768w, https:\/\/centralmedia.rs\/wp-content\/uploads\/2019\/04\/Slika-1-1-280x420.jpg 280w, https:\/\/centralmedia.rs\/wp-content\/uploads\/2019\/04\/Slika-1-1-640x960.jpg 640w, https:\/\/centralmedia.rs\/wp-content\/uploads\/2019\/04\/Slika-1-1-681x1022.jpg 681w\" sizes=\"(max-width: 640px) 100vw, 640px\" \/><\/p>\n<p>Udru\u017eenje Roma \u201eRomi sa Morave\u201c uru\u010dilo je zahvalnice za doprinos razvoju i podr\u0161ci u\u010desnicima diskusije kao i organizatoru i promoteru integracije roma, VM\u0160SS \u0106uprija.<\/p>\n<p>Direktor dr sci med Hristos Aleksopulos se zahvalio gostima iz udu\u017eenja \u201eRomi sa Morave\u201c i izrazio posebno zadovoljstvo \u0161to je ovogodi\u0161nja proslava Dana studenata posve\u0107ena populaciji romske nacionalnosti. Tako\u0111e je naglasio da je i broj Roma me\u0111u studentima sve ve\u0107i i da biraju na\u0161u \u0161kolu jer VM\u0160SS te\u017ei da u\u010destvuje u ja\u010danju obrazovanja, kulture, integriteta ali i zapo\u0161ljavanja mladih iz ove osetljive kategorije.<\/p>\n<p>Ovom prilikom Aleksopulos je nagradio najbolju studentkinju romske nacionalnosti istakav\u0161i da time dajemo podstrek i motivaciju ne samo Romima ve\u0107 svim mladima da je jedini put do uspeha bez obzira na okolnosti i dru\u0161tveni poredak, rad.<\/p>\n<p>\u201eNa VM\u0160SS uvek smo imali afirmativne mere prema Romima, uklju\u010duju\u0107i ne samo upis studenata romske nacionalnosti u VM\u0160SS ve\u0107 i podr\u0161ku tokom celog \u0161kolovanja.\u201c \u2013 dodao je Aleksopulos.<\/p>\n<p>Me\u0111unarodni dan Roma, dan proslave <a href=\"https:\/\/sh.wikipedia.org\/w\/index.php?title=Romsko_dru%C5%A1tvo_i_kultura&amp;action=edit&amp;redlink=1\">romske kulture<\/a> i podizanja svesti o problemima s kojima se <a href=\"https:\/\/sh.wikipedia.org\/wiki\/Romi\">Romi<\/a> suo\u010davaju. Dan je slu\u017ebeno bio progla\u0161en 1990. u <a href=\"https:\/\/sh.wikipedia.org\/w\/index.php?title=Serock&amp;action=edit&amp;redlink=1\">Serocku<\/a> u <a href=\"https:\/\/sh.wikipedia.org\/wiki\/Poljska\">Poljskoj<\/a>, mestu \u010detvrtog <a href=\"https:\/\/sh.wikipedia.org\/w\/index.php?title=Svjetski_romski_kongres&amp;action=edit&amp;redlink=1\">Svetskog romskog kongresa<\/a> <a href=\"https:\/\/sh.wikipedia.org\/w\/index.php?title=Me%C4%91unarodna_romska_unija&amp;action=edit&amp;redlink=1\">Me\u0111unarodne romske unije<\/a>, u spomen na prvi ve\u0107i me\u0111unarodni susret romskih predstavnika odr\u017ean u <a href=\"https:\/\/sh.wikipedia.org\/w\/index.php?title=Chelsfield&amp;action=edit&amp;redlink=1\">\u010celsfildu<\/a> kraj Londona 7. \u2013 12. aprila 1971. Na tom je kongresu donesena odluka o romskoj himni za koju je izabrana pesma <a href=\"https:\/\/sh.wikipedia.org\/w\/index.php?title=%C4%90elem,_%C4%91elem&amp;action=edit&amp;redlink=1\">\u0110elem, \u0111elem<\/a> i odluka o <a href=\"https:\/\/sh.wikipedia.org\/w\/index.php?title=Romska_zastava&amp;action=edit&amp;redlink=1\">zastavi<\/a> za koju je odabrana plavo-zelena dvobojnica s crvenim to\u010dkom u sredini, simbolom napretka i pokreta, ali i migracije Roma tokom istorije<\/p>\n<p>&nbsp;<\/p>\n","protected":false},"excerpt":{"rendered":"<p>\u0106UPRIJA- Na Visokoj medicinskoj \u0161koli u \u0106upriji obele\u017een je Me\u0111unarodni dan Roma Konferencijom pod nazivom\u00a0 \u201eJa\u010danje obrazovanja, zapo\u0161ljavanja, kulture i integriteta Romske zajednice u Srbiji &hellip; <\/p>\n","protected":false},"author":2,"featured_media":17022,"comment_status":"open","ping_status":"open","sticky":false,"template":"","format":"standard","meta":{"footnotes":""},"categories":[1515,14,1524,2,12],"tags":[44,3600],"_links":{"self":[{"href":"https:\/\/centralmedia.rs\/index.php\/wp-json\/wp\/v2\/posts\/17021"}],"collection":[{"href":"https:\/\/centralmedia.rs\/index.php\/wp-json\/wp\/v2\/posts"}],"about":[{"href":"https:\/\/centralmedia.rs\/index.php\/wp-json\/wp\/v2\/types\/post"}],"author":[{"embeddable":true,"href":"https:\/\/centralmedia.rs\/index.php\/wp-json\/wp\/v2\/users\/2"}],"replies":[{"embeddable":true,"href":"https:\/\/centralmedia.rs\/index.php\/wp-json\/wp\/v2\/comments?post=17021"}],"version-history":[{"count":1,"href":"https:\/\/centralmedia.rs\/index.php\/wp-json\/wp\/v2\/posts\/17021\/revisions"}],"predecessor-version":[{"id":17024,"href":"https:\/\/centralmedia.rs\/index.php\/wp-json\/wp\/v2\/posts\/17021\/revisions\/17024"}],"wp:featuredmedia":[{"embeddable":true,"href":"https:\/\/centralmedia.rs\/index.php\/wp-json\/wp\/v2\/media\/17022"}],"wp:attachment":[{"href":"https:\/\/centralmedia.rs\/index.php\/wp-json\/wp\/v2\/media?parent=17021"}],"wp:term":[{"taxonomy":"category","embeddable":true,"href":"https:\/\/centralmedia.rs\/index.php\/wp-json\/wp\/v2\/categories?post=17021"},{"taxonomy":"post_tag","embeddable":true,"href":"https:\/\/centralmedia.rs\/index.php\/wp-json\/wp\/v2\/tags?post=17021"}],"curies":[{"name":"wp","href":"https:\/\/api.w.org\/{rel}","templated":true}]}}