{"id":17025,"date":"2019-04-09T11:24:32","date_gmt":"2019-04-09T11:24:32","guid":{"rendered":"http:\/\/centralmedia.rs\/?p=17025"},"modified":"2019-04-12T19:07:02","modified_gmt":"2019-04-12T19:07:02","slug":"izlozba-fotografija-o-nato-bombardovanju-cuprije-1999-godine","status":"publish","type":"post","link":"https:\/\/centralmedia.rs\/index.php\/2019\/04\/09\/izlozba-fotografija-o-nato-bombardovanju-cuprije-1999-godine\/","title":{"rendered":"IZLO\u017dBA FOTOGRAFIJA O NATO BOMBARDOVANJU \u0106UPRIJE 1999. GODINE"},"content":{"rendered":"<p>\u0106UPRIJA- Ustanova kulture \u0106uprija priredila je izlo\u017ebu fotografija o Nato bombardovanju \u0106uprije 1999. godine. Prvi put, posle 20 godina, je na jednom mestu prikazana fotodokumentacija o bombardovanju \u0106uprije i re\u010d je o fotografijama iz privatnih arhiva. Na\u017ealost mnogobrojni video snimci i fotografije su nepovratno uni\u0161teni, tako je ova aktivnost ima za cilj i o\u010duvanje se\u0107anja i svesti na u\u017ease kroz koje su pro\u0161li gra\u0111ani \u0106uprije tokom 78 dana bombardovanja.<\/p>\n<div id='gallery-1' class='gallery galleryid-17025 gallery-columns-3 gallery-size-full'><figure class='gallery-item'>\n\t\t\t<div class='gallery-icon landscape'>\n\t\t\t\t<a href='https:\/\/centralmedia.rs\/index.php\/2019\/04\/09\/izlozba-fotografija-o-nato-bombardovanju-cuprije-1999-godine\/foto-2-3\/'><img loading=\"lazy\" decoding=\"async\" width=\"2016\" height=\"980\" src=\"https:\/\/centralmedia.rs\/wp-content\/uploads\/2019\/04\/foto-2.jpg\" class=\"attachment-full size-full\" alt=\"\" srcset=\"https:\/\/centralmedia.rs\/wp-content\/uploads\/2019\/04\/foto-2.jpg 2016w, https:\/\/centralmedia.rs\/wp-content\/uploads\/2019\/04\/foto-2-300x146.jpg 300w, https:\/\/centralmedia.rs\/wp-content\/uploads\/2019\/04\/foto-2-768x373.jpg 768w, https:\/\/centralmedia.rs\/wp-content\/uploads\/2019\/04\/foto-2-1024x498.jpg 1024w, https:\/\/centralmedia.rs\/wp-content\/uploads\/2019\/04\/foto-2-864x420.jpg 864w, https:\/\/centralmedia.rs\/wp-content\/uploads\/2019\/04\/foto-2-640x311.jpg 640w, https:\/\/centralmedia.rs\/wp-content\/uploads\/2019\/04\/foto-2-681x331.jpg 681w\" sizes=\"(max-width: 2016px) 100vw, 2016px\" \/><\/a>\n\t\t\t<\/div><\/figure><figure class='gallery-item'>\n\t\t\t<div class='gallery-icon landscape'>\n\t\t\t\t<a href='https:\/\/centralmedia.rs\/index.php\/2019\/04\/09\/izlozba-fotografija-o-nato-bombardovanju-cuprije-1999-godine\/foto-3-2\/'><img loading=\"lazy\" decoding=\"async\" width=\"2016\" height=\"980\" src=\"https:\/\/centralmedia.rs\/wp-content\/uploads\/2019\/04\/foto-3.jpg\" class=\"attachment-full size-full\" alt=\"\" srcset=\"https:\/\/centralmedia.rs\/wp-content\/uploads\/2019\/04\/foto-3.jpg 2016w, https:\/\/centralmedia.rs\/wp-content\/uploads\/2019\/04\/foto-3-300x146.jpg 300w, https:\/\/centralmedia.rs\/wp-content\/uploads\/2019\/04\/foto-3-768x373.jpg 768w, https:\/\/centralmedia.rs\/wp-content\/uploads\/2019\/04\/foto-3-1024x498.jpg 1024w, https:\/\/centralmedia.rs\/wp-content\/uploads\/2019\/04\/foto-3-864x420.jpg 864w, https:\/\/centralmedia.rs\/wp-content\/uploads\/2019\/04\/foto-3-640x311.jpg 640w, https:\/\/centralmedia.rs\/wp-content\/uploads\/2019\/04\/foto-3-681x331.jpg 681w\" sizes=\"(max-width: 2016px) 100vw, 2016px\" \/><\/a>\n\t\t\t<\/div><\/figure><figure class='gallery-item'>\n\t\t\t<div class='gallery-icon landscape'>\n\t\t\t\t<a href='https:\/\/centralmedia.rs\/index.php\/2019\/04\/09\/izlozba-fotografija-o-nato-bombardovanju-cuprije-1999-godine\/foto-8\/'><img loading=\"lazy\" decoding=\"async\" width=\"2016\" height=\"980\" src=\"https:\/\/centralmedia.rs\/wp-content\/uploads\/2019\/04\/foto.jpg\" class=\"attachment-full size-full\" alt=\"\" srcset=\"https:\/\/centralmedia.rs\/wp-content\/uploads\/2019\/04\/foto.jpg 2016w, https:\/\/centralmedia.rs\/wp-content\/uploads\/2019\/04\/foto-300x146.jpg 300w, https:\/\/centralmedia.rs\/wp-content\/uploads\/2019\/04\/foto-768x373.jpg 768w, https:\/\/centralmedia.rs\/wp-content\/uploads\/2019\/04\/foto-1024x498.jpg 1024w, https:\/\/centralmedia.rs\/wp-content\/uploads\/2019\/04\/foto-864x420.jpg 864w, https:\/\/centralmedia.rs\/wp-content\/uploads\/2019\/04\/foto-640x311.jpg 640w, https:\/\/centralmedia.rs\/wp-content\/uploads\/2019\/04\/foto-681x331.jpg 681w\" sizes=\"(max-width: 2016px) 100vw, 2016px\" \/><\/a>\n\t\t\t<\/div><\/figure>\n\t\t<\/div>\n\n","protected":false},"excerpt":{"rendered":"<p>\u0106UPRIJA- Ustanova kulture \u0106uprija priredila je izlo\u017ebu fotografija o Nato bombardovanju \u0106uprije 1999. godine. Prvi put, posle 20 godina, je na jednom mestu prikazana fotodokumentacija &hellip; <\/p>\n","protected":false},"author":2,"featured_media":17026,"comment_status":"open","ping_status":"open","sticky":false,"template":"","format":"standard","meta":{"footnotes":""},"categories":[1515,14,1524,2,12],"tags":[3601,3577,44,1510,649],"_links":{"self":[{"href":"https:\/\/centralmedia.rs\/index.php\/wp-json\/wp\/v2\/posts\/17025"}],"collection":[{"href":"https:\/\/centralmedia.rs\/index.php\/wp-json\/wp\/v2\/posts"}],"about":[{"href":"https:\/\/centralmedia.rs\/index.php\/wp-json\/wp\/v2\/types\/post"}],"author":[{"embeddable":true,"href":"https:\/\/centralmedia.rs\/index.php\/wp-json\/wp\/v2\/users\/2"}],"replies":[{"embeddable":true,"href":"https:\/\/centralmedia.rs\/index.php\/wp-json\/wp\/v2\/comments?post=17025"}],"version-history":[{"count":1,"href":"https:\/\/centralmedia.rs\/index.php\/wp-json\/wp\/v2\/posts\/17025\/revisions"}],"predecessor-version":[{"id":17030,"href":"https:\/\/centralmedia.rs\/index.php\/wp-json\/wp\/v2\/posts\/17025\/revisions\/17030"}],"wp:featuredmedia":[{"embeddable":true,"href":"https:\/\/centralmedia.rs\/index.php\/wp-json\/wp\/v2\/media\/17026"}],"wp:attachment":[{"href":"https:\/\/centralmedia.rs\/index.php\/wp-json\/wp\/v2\/media?parent=17025"}],"wp:term":[{"taxonomy":"category","embeddable":true,"href":"https:\/\/centralmedia.rs\/index.php\/wp-json\/wp\/v2\/categories?post=17025"},{"taxonomy":"post_tag","embeddable":true,"href":"https:\/\/centralmedia.rs\/index.php\/wp-json\/wp\/v2\/tags?post=17025"}],"curies":[{"name":"wp","href":"https:\/\/api.w.org\/{rel}","templated":true}]}}