{"id":17033,"date":"2019-04-09T14:59:15","date_gmt":"2019-04-09T14:59:15","guid":{"rendered":"http:\/\/centralmedia.rs\/?p=17033"},"modified":"2019-04-11T00:54:35","modified_gmt":"2019-04-11T00:54:35","slug":"palma-od-grcke-ne-trazimo-nista-ni-vise-ni-manje-od-onoga-sto-je-do-sada-radila-za-srbiju","status":"publish","type":"post","link":"https:\/\/centralmedia.rs\/index.php\/2019\/04\/09\/palma-od-grcke-ne-trazimo-nista-ni-vise-ni-manje-od-onoga-sto-je-do-sada-radila-za-srbiju\/","title":{"rendered":"PALMA : OD GR\u010cKE NE TRA\u017dIMO NI\u0160TA NI VI\u0160E NI MANJE OD ONOGA \u0160TO JE DO SADA RADILA ZA SRBIJU"},"content":{"rendered":"<p style=\"font-weight: 400;\">\u201eZahvaljujem se premijeru Gr\u010dke Aleksisu Ciprasu na poverenju koje mi je dao potpisuju\u0107i ukaz o mom imenovanju za po\u010dasnog konzula Gr\u010dke u Srbiji. Danas dvojica predsednika, predsednik Srbije Aleksandar Vu\u010di\u0107 i predsednik Vlade Gr\u010dke Aleksis Cipras imaju odli\u010dnu saradnju. Nekada je odli\u010dno sara\u0111ivao srpski i gr\u010dki narod, kao \u0161to je i sada slu\u010daj, a danas blisko sara\u0111uju i vlasti u Beogradu i Atini\u201c izjavio je predsednik Jedinstvene Srbije i po\u010dasni konzul Gr\u010dke u Srbiji Dragan Markovi\u0107 Palma u Atini, tokom razgovora sa alternatinvim ministrom inostranih poslova Gr\u010dke Markosom Bolarisom i \u0161efom kabineta gr\u010dkog premijera Aleksisa Ciprasa Evangelosom Kalpadakisom. \u201eMoja poruka za vladu Gr\u010dke je da od Gr\u010dke ne o\u010dekujemo ni\u0161ta vi\u0161e ni manje od onoga \u0161to je do sada radila za Srbiju. Gr\u010dka danas ima status jedne dobre i po\u0161tene dr\u017eave i ja \u010destitam premijeru Ciprasu, \u0161to je uspeo da sprovede reforme i zaustavi zadu\u017eivanje Gr\u010dke koje je neko pre njega uradio\u201c, kazao je Markovi\u0107. \u201cSrbija ima veliku podr\u0161ku Gr\u010dke na evropskom putu, kao i u o\u010duvanju teritorijalnog integriteta i suvereniteta Srbije. Velika Albanija, koju stvaraju Albanci na Balkanu pretnja je i za Gr\u010dku. Kosovski Albanci su izme\u0111u pokrajine Kosova i Metohije i Republike Albanije ukinuli granicu mimo svih va\u017ee\u0107ih dokumenata, a posebno Rezolucije 1244 i Briselskog sporazuma. Ne po\u0161tuju Briselski sporazum jer nisu ispunili svoju jedinu obavezu, a to je formiranje Zajednice srpskih op\u0161tina. Umesto toga formiraju Vojsku Kosova tako\u0111e mimo svih dokumenata i sporazuma, \u010dak i protivnom svom takozvanom Ustavu. Ne ukidaju anticivilizacijske takse od 100 posto na robu iz Srbije i Bosne i Hercegovine, iako je to preporuka i SAD i EU i \u010dak je i Savet bezbednosti Ujedinjenih nacija jednoglasno zaklju\u010dio da te takse treba se ukinu. O\u010digledno je da nekoliko zapadnih zemalja javno ka\u017eu Albancima da ukinu takse, a u \u010detiri oka im ka\u017eu \u201eneka takse ostanu\u201c\u201c izjavio je predsednik Jedinstvene Srbije i po\u010dasni konzul Gr\u010dke u Srbiji Dragan Markovi\u0107 Palma. \u201eEkonomsku i turisti\u010dku saradnju izme\u0111u Srbije i Gr\u010dke treba di\u0107i na jo\u0161 vi\u0161i nivo i pri tom smatram da treba pove\u0107ati broj gr\u010dkih turista u Srbiji, a gra\u0111ana Srbije \u0107e ove sezone biti u Gr\u010dkoj oko milion. Turizam je veoma va\u017ena grana privrede koja Gr\u010dkoj donosi ogromna sredstva, a u poslednje vreme i Srbiji, u \u0161to su se na najbolji na\u010din mogli uveriti gra\u0111ani Jagodine. Turizam pokre\u0107e i gra\u0111evinsku industriju, prehrambenu, poljoprivrednu i sve ostalo\u201c rekao je Markovi\u0107, koji je i po\u010dasni gra\u0111anin gr\u010dkog grada Katerini.<\/p>\n<blockquote>\n<p style=\"font-weight: 400;\">PALMA : SAMOZVANI LIDERI DELA OPOZICIJE KAO DIREKTORI PRAZNOG MAGACINSKOG PROSTORA<\/p>\n<p style=\"font-weight: 400;\">\u201eU svakoj dr\u017eavi postoji opozicija, ali jedina opozicija koja radi protiv svog naroda i svoje dr\u017eave je ona u Srbiji i to je samo deo opozicije u Srbiji. Moja poruka opoziciji u Srbiji je delujte opoziciono, ali nikada protiv svog naroda i svoje dr\u017eave, kao \u0161to to sada rade pojedini samozvani lideri opozicije. Oni mi li\u010de na direktore magacinskog prostora, a magacin prazan, nema robe. I jo\u0161 se kao takvi direktori hvale svojim radom.\u201d, rekao je Markovi\u0107.<\/p>\n<\/blockquote>\n<p style=\"font-weight: 400;\">BOLARIS : SRPSKI NAROD JE ZA NAS BRATSKI NAROD<\/p>\n<p>\u201eMi ose\u0107amo srpski narod kao bratski narod. U istoriji i svim ratovima uvek smo bili na istoj strani. Mi Grci bi\u0107emo prvi koji \u0107e di\u0107i obe ruke za ulazak Srbije u Evropsku uniju. Pitanje Kosova i Metohije je osetljivo pitanje. Osnovno je da u takvim situacijama budemo smireni i hladnokrvni. Ako ostanemo takvi do\u0107i \u0107emo i do re\u0161enja. Mi imamo izra\u017eene tenzije sa Turskom, ali to re\u0161avamo na jedan smiren na\u010din, zato \u0161to smatramo da je saradnja izme\u0111u naroda i dr\u017eava ne\u0161to \u0161to nam svima treba i \u0161to treba da se odr\u017ei. Mr\u017enja nikome ne poma\u017ee, a posebno ne mr\u017enja izme\u0111u evropskih dr\u017eava. Ono \u0161to je na mene ostavilo najve\u0107i utisak je Va\u0161 rad na unapre\u0111enju turizma Srbije i Gr\u010dke. To \u0161to Vi radite je kao jedna humanitarna akcija u kojoj na more idu i oni koji za to nemaju ekonomskih mogu\u0107nosti\u201c rekao je alternativni ministar inostranih poslova Gr\u010dke, Markos Bolaris.<\/p>\n<p>\u0160EF CIPRASOVOG KABINETA : ATINA ZA VE\u0106U SARADNJU GR\u010cKE, SRBIJE I SEVERNE MAKEDONIJE<\/p>\n<p>\u201ePremijer Cipras i predsednik Vu\u010di\u0107 pokrenuli su \u0161irok spektar saradnje izme\u0111u Gr\u010dke i Srbije. Ono \u0161to je va\u017eno je da smo sporazumom sa Severnom Makedonijom otvorili put za stvaranje jednog prstena izme\u0111u balkanskih zemalja, posebno izme\u0111u Gr\u010dke, Srbije i Severne Makedonije. Taj otvoreni put izme\u0111u tri dr\u017eave dove\u0161\u0107e do jo\u0161 boljih odnosa na dobrobit svih na\u0161ih gra\u0111ana i to treba da unapredimo\u201c, izjavio je \u0161ef kabineta gr\u010dkog premijera Aleksisa Ciprasa, Evangelos Kalpadakis.<\/p>\n<p>U srpskoj delegaciji bili su i ambasador Srbije u Gr\u010dkoj Du\u0161an Spasojevi\u0107, kao i na\u010delnik Pomoravskog okruga Goran Milosavljevi\u0107<\/p>\n","protected":false},"excerpt":{"rendered":"<p>\u201eZahvaljujem se premijeru Gr\u010dke Aleksisu Ciprasu na poverenju koje mi je dao potpisuju\u0107i ukaz o mom imenovanju za po\u010dasnog konzula Gr\u010dke u Srbiji. Danas dvojica &hellip; <\/p>\n","protected":false},"author":2,"featured_media":17034,"comment_status":"open","ping_status":"open","sticky":false,"template":"","format":"standard","meta":{"footnotes":""},"categories":[1524,2,1514,13,12],"tags":[2214,842,3195,3603,120],"_links":{"self":[{"href":"https:\/\/centralmedia.rs\/index.php\/wp-json\/wp\/v2\/posts\/17033"}],"collection":[{"href":"https:\/\/centralmedia.rs\/index.php\/wp-json\/wp\/v2\/posts"}],"about":[{"href":"https:\/\/centralmedia.rs\/index.php\/wp-json\/wp\/v2\/types\/post"}],"author":[{"embeddable":true,"href":"https:\/\/centralmedia.rs\/index.php\/wp-json\/wp\/v2\/users\/2"}],"replies":[{"embeddable":true,"href":"https:\/\/centralmedia.rs\/index.php\/wp-json\/wp\/v2\/comments?post=17033"}],"version-history":[{"count":1,"href":"https:\/\/centralmedia.rs\/index.php\/wp-json\/wp\/v2\/posts\/17033\/revisions"}],"predecessor-version":[{"id":17035,"href":"https:\/\/centralmedia.rs\/index.php\/wp-json\/wp\/v2\/posts\/17033\/revisions\/17035"}],"wp:featuredmedia":[{"embeddable":true,"href":"https:\/\/centralmedia.rs\/index.php\/wp-json\/wp\/v2\/media\/17034"}],"wp:attachment":[{"href":"https:\/\/centralmedia.rs\/index.php\/wp-json\/wp\/v2\/media?parent=17033"}],"wp:term":[{"taxonomy":"category","embeddable":true,"href":"https:\/\/centralmedia.rs\/index.php\/wp-json\/wp\/v2\/categories?post=17033"},{"taxonomy":"post_tag","embeddable":true,"href":"https:\/\/centralmedia.rs\/index.php\/wp-json\/wp\/v2\/tags?post=17033"}],"curies":[{"name":"wp","href":"https:\/\/api.w.org\/{rel}","templated":true}]}}