{"id":17036,"date":"2019-04-10T23:24:03","date_gmt":"2019-04-10T23:24:03","guid":{"rendered":"http:\/\/centralmedia.rs\/?p=17036"},"modified":"2019-04-12T19:07:39","modified_gmt":"2019-04-12T19:07:39","slug":"proslava-110-godina-cuprijske-gimnazije","status":"publish","type":"post","link":"https:\/\/centralmedia.rs\/index.php\/2019\/04\/10\/proslava-110-godina-cuprijske-gimnazije\/","title":{"rendered":"PROSLAVA 110 GODINA \u0106UPRIJSKE GIMNAZIJE"},"content":{"rendered":"<p>\u0106UPRIJA- Od 12. do 16. aprila nizom aktivnosti \u0107uprijska Gimnazija obele\u017ei\u0107e 110 godina od osnivanja. Direktor Darko Miljani\u0107 uputio poziv gra\u0111anima \u0106uprije da u\u010destvuju u proslavi jubileja i podr\u017ee u\u010denike. Program proslave po\u010dinje u petak 12. aprila u 18 sati izlo\u017ebom dokumenata u Muzeju, a u 20 sati predvi\u0111ena je aktivnost u centru grada pod nazivom ,,Ve\u010de pod mese\u010devom menom&#8221;. U ponedeljak 15. aprila u 19 sati u sali \u0160OMO u\u010denici Gimnazije predstavi\u0107e se komadom ,,Ko je ovde lud&#8221;, a sprotski dan je u utorak 16. aprila. Na sam Dan \u0161kole 16. aprila bi\u0107e odr\u017eana Sve\u010dana akademija u 13.30 u sali \u0160OMO.<\/p>\n","protected":false},"excerpt":{"rendered":"<p>\u0106UPRIJA- Od 12. do 16. aprila nizom aktivnosti \u0107uprijska Gimnazija obele\u017ei\u0107e 110 godina od osnivanja. Direktor Darko Miljani\u0107 uputio poziv gra\u0111anima \u0106uprije da u\u010destvuju u &hellip; <\/p>\n","protected":false},"author":2,"featured_media":17037,"comment_status":"open","ping_status":"open","sticky":false,"template":"","format":"standard","meta":{"footnotes":""},"categories":[1515,14,1524,2,887,12],"tags":[3604,44,224],"_links":{"self":[{"href":"https:\/\/centralmedia.rs\/index.php\/wp-json\/wp\/v2\/posts\/17036"}],"collection":[{"href":"https:\/\/centralmedia.rs\/index.php\/wp-json\/wp\/v2\/posts"}],"about":[{"href":"https:\/\/centralmedia.rs\/index.php\/wp-json\/wp\/v2\/types\/post"}],"author":[{"embeddable":true,"href":"https:\/\/centralmedia.rs\/index.php\/wp-json\/wp\/v2\/users\/2"}],"replies":[{"embeddable":true,"href":"https:\/\/centralmedia.rs\/index.php\/wp-json\/wp\/v2\/comments?post=17036"}],"version-history":[{"count":1,"href":"https:\/\/centralmedia.rs\/index.php\/wp-json\/wp\/v2\/posts\/17036\/revisions"}],"predecessor-version":[{"id":17038,"href":"https:\/\/centralmedia.rs\/index.php\/wp-json\/wp\/v2\/posts\/17036\/revisions\/17038"}],"wp:featuredmedia":[{"embeddable":true,"href":"https:\/\/centralmedia.rs\/index.php\/wp-json\/wp\/v2\/media\/17037"}],"wp:attachment":[{"href":"https:\/\/centralmedia.rs\/index.php\/wp-json\/wp\/v2\/media?parent=17036"}],"wp:term":[{"taxonomy":"category","embeddable":true,"href":"https:\/\/centralmedia.rs\/index.php\/wp-json\/wp\/v2\/categories?post=17036"},{"taxonomy":"post_tag","embeddable":true,"href":"https:\/\/centralmedia.rs\/index.php\/wp-json\/wp\/v2\/tags?post=17036"}],"curies":[{"name":"wp","href":"https:\/\/api.w.org\/{rel}","templated":true}]}}