{"id":17042,"date":"2019-04-11T00:40:48","date_gmt":"2019-04-11T00:40:48","guid":{"rendered":"http:\/\/centralmedia.rs\/?p=17042"},"modified":"2019-04-13T13:13:23","modified_gmt":"2019-04-13T13:13:23","slug":"studenti-sa-kembridza-na-neolitskom-lokalitetu-drenovac","status":"publish","type":"post","link":"https:\/\/centralmedia.rs\/index.php\/2019\/04\/11\/studenti-sa-kembridza-na-neolitskom-lokalitetu-drenovac\/","title":{"rendered":"Studenti sa Kembrid\u017ea na neolitskom lokalitetu Drenovac"},"content":{"rendered":"<p>PARA\u0106IN- Pre 8.000 godina,u neoliti, prostor sada\u0161nje Srbije bio je sredi\u0161te evropske civilizacije. Vi\u0161e hiljada stanovnika boravilo je neolitskom megapolisu, koji se nalazilo u Drenovcu kod Para\u0107ina. Studenti sa Kembrid\u017ea posetili su arheolo\u0161ko nalazi\u0161te, koje je poznato ve\u0107 nekoliko decenija, a intenzivno se istra\u017euje ve\u0107 15. godina.<\/p>\n<p>&#8211; Jako je zna\u010dajno kako je reljef izgleda u neolitskom periodu, kako se izmenio do danas. Utvrdili smo da je proces erozije izmenio izgled doline , jer je erozija je sprala veliki deo zemlje sa brda. Velika razlika je rezultat potoka i ljudske delatnosti, rekao je profesor \u010carls Fren\u010d.<\/p>\n<p>U doba neolita ljudi na prostoru dana\u0161nje Srbije \u017eiveli su u skladu sa prirodom, skromno ali dobro organizovani, a u svakodnevni \u017eivot unosili i dozu umetni\u010dke kreacije.<\/p>\n<p>Ku\u0107e su gra\u0111ene od prirodnih i ljudima dostupnih materijala, jednostavno, ali ve\u0161to. Lokalitet Drenovac zainteresovao je i istra\u017eiva\u010de sa univerziteta u Kembrid\u017eu koji ovih dana zavr\u0161avaju geoarheolo\u0161ka istra\u017eivanja. Najstarije iskopine u Drenovcu datiraju iz \u0161estog milenijuma pre nove ere, a pravi procvat naselje je do\u017eivelo u doba mladje neolitske vin\u010danske kulture.<\/p>\n<p>Najbolje o\u010duvani ostaci neolitskih ku\u0107a u Drenovcu su jedva dvadesetak metara od Koridora 10, a ideja je da se sve to za\u0161titi i uredi, izgradi prilaz i jednog dana poka\u017ee turistima i putnicima u tranzitu.<\/p>\n<p>&#8211; Potpisali smo sporazum o saradnji na projektu koji treba da budu osnova za dugogodi\u0161nji projekat. Poku\u0161ali smo rekonstrui\u0161emo podlogu na kojoj je osnovamno naselje u odnosu na promene, ka\u017ee arheolog Slavi\u0161a Peri\u0107.<\/p>\n<p>Arheolo\u0161ki kamp u Drenovcu nastavlja se tokom leta, a do tada u laboratorijama u Kembrid\u017eu bi\u0107e analizirani uzorci keramike i fragmenata iz neolitskih ku\u0107a.<\/p>\n<p>&nbsp;<\/p>\n<p>&nbsp;<\/p>\n","protected":false},"excerpt":{"rendered":"<p>PARA\u0106IN- Pre 8.000 godina,u neoliti, prostor sada\u0161nje Srbije bio je sredi\u0161te evropske civilizacije. Vi\u0161e hiljada stanovnika boravilo je neolitskom megapolisu, koji se nalazilo u Drenovcu &hellip; <\/p>\n","protected":false},"author":2,"featured_media":3809,"comment_status":"open","ping_status":"open","sticky":false,"template":"","format":"standard","meta":{"footnotes":""},"categories":[1524,2,15,1516,887,12],"tags":[988,3605,989,156],"_links":{"self":[{"href":"https:\/\/centralmedia.rs\/index.php\/wp-json\/wp\/v2\/posts\/17042"}],"collection":[{"href":"https:\/\/centralmedia.rs\/index.php\/wp-json\/wp\/v2\/posts"}],"about":[{"href":"https:\/\/centralmedia.rs\/index.php\/wp-json\/wp\/v2\/types\/post"}],"author":[{"embeddable":true,"href":"https:\/\/centralmedia.rs\/index.php\/wp-json\/wp\/v2\/users\/2"}],"replies":[{"embeddable":true,"href":"https:\/\/centralmedia.rs\/index.php\/wp-json\/wp\/v2\/comments?post=17042"}],"version-history":[{"count":1,"href":"https:\/\/centralmedia.rs\/index.php\/wp-json\/wp\/v2\/posts\/17042\/revisions"}],"predecessor-version":[{"id":17043,"href":"https:\/\/centralmedia.rs\/index.php\/wp-json\/wp\/v2\/posts\/17042\/revisions\/17043"}],"wp:featuredmedia":[{"embeddable":true,"href":"https:\/\/centralmedia.rs\/index.php\/wp-json\/wp\/v2\/media\/3809"}],"wp:attachment":[{"href":"https:\/\/centralmedia.rs\/index.php\/wp-json\/wp\/v2\/media?parent=17042"}],"wp:term":[{"taxonomy":"category","embeddable":true,"href":"https:\/\/centralmedia.rs\/index.php\/wp-json\/wp\/v2\/categories?post=17042"},{"taxonomy":"post_tag","embeddable":true,"href":"https:\/\/centralmedia.rs\/index.php\/wp-json\/wp\/v2\/tags?post=17042"}],"curies":[{"name":"wp","href":"https:\/\/api.w.org\/{rel}","templated":true}]}}