{"id":17046,"date":"2019-04-11T09:06:26","date_gmt":"2019-04-11T09:06:26","guid":{"rendered":"http:\/\/centralmedia.rs\/?p=17046"},"modified":"2019-04-13T13:13:31","modified_gmt":"2019-04-13T13:13:31","slug":"lidl-prodavnica-u-paracinu-cuva-deo-istorije-arheolosko-nalaziste-pokazalo-da-su-na-ovom-prostoru-u-proslosti-verovatno-ziveli-kelti-i-dacani","status":"publish","type":"post","link":"https:\/\/centralmedia.rs\/index.php\/2019\/04\/11\/lidl-prodavnica-u-paracinu-cuva-deo-istorije-arheolosko-nalaziste-pokazalo-da-su-na-ovom-prostoru-u-proslosti-verovatno-ziveli-kelti-i-dacani\/","title":{"rendered":"LIDL PRODAVNICA U PARA\u0106INU \u010cUVA DEO ISTORIJE \u2013 ARHEOLO\u0160KO NALAZI\u0160TE POKAZALO DA SU NA OVOM PROSTORU U PRO\u0160LOSTI VEROVATNO \u017dIVELI KELTI I DA\u010cANI"},"content":{"rendered":"<p>PARA\u0106IN- Presecanjem vrpce ispred Lidl prodavnice u Para\u0107inu, na adresi Carice Milice 4, predstavnici Lidla Srbija i predsednik op\u0161tine Para\u0107in Sa\u0161a Paunovi\u0107, otvorili su vrata prvog savremenog diskonta u ovoj op\u0161tini. U istom trenutku, sve\u010danom ceremonijom, otvorena je i prodavnica u Vrbasu. Sada je broj Lidl prodavnica u Srbiji porastao na 27.<\/p>\n<p><img loading=\"lazy\" decoding=\"async\" class=\"alignnone wp-image-17048 size-large\" src=\"http:\/\/centralmedia.rs\/wp-content\/uploads\/2019\/04\/Predsednik-op\u0161ine-Para\u0107in-Sa\u0161a-Paunovi\u0107-i-rukovodilac-korporativnih-komunikacija-Lidla-Srbija-Martina-Petrovi\u0107-1024x683.jpg\" alt=\"\" width=\"640\" height=\"427\" srcset=\"https:\/\/centralmedia.rs\/wp-content\/uploads\/2019\/04\/Predsednik-op\u0161ine-Para\u0107in-Sa\u0161a-Paunovi\u0107-i-rukovodilac-korporativnih-komunikacija-Lidla-Srbija-Martina-Petrovi\u0107-1024x683.jpg 1024w, https:\/\/centralmedia.rs\/wp-content\/uploads\/2019\/04\/Predsednik-op\u0161ine-Para\u0107in-Sa\u0161a-Paunovi\u0107-i-rukovodilac-korporativnih-komunikacija-Lidla-Srbija-Martina-Petrovi\u0107-300x200.jpg 300w, https:\/\/centralmedia.rs\/wp-content\/uploads\/2019\/04\/Predsednik-op\u0161ine-Para\u0107in-Sa\u0161a-Paunovi\u0107-i-rukovodilac-korporativnih-komunikacija-Lidla-Srbija-Martina-Petrovi\u0107-768x512.jpg 768w, https:\/\/centralmedia.rs\/wp-content\/uploads\/2019\/04\/Predsednik-op\u0161ine-Para\u0107in-Sa\u0161a-Paunovi\u0107-i-rukovodilac-korporativnih-komunikacija-Lidla-Srbija-Martina-Petrovi\u0107-630x420.jpg 630w, https:\/\/centralmedia.rs\/wp-content\/uploads\/2019\/04\/Predsednik-op\u0161ine-Para\u0107in-Sa\u0161a-Paunovi\u0107-i-rukovodilac-korporativnih-komunikacija-Lidla-Srbija-Martina-Petrovi\u0107-640x427.jpg 640w, https:\/\/centralmedia.rs\/wp-content\/uploads\/2019\/04\/Predsednik-op\u0161ine-Para\u0107in-Sa\u0161a-Paunovi\u0107-i-rukovodilac-korporativnih-komunikacija-Lidla-Srbija-Martina-Petrovi\u0107-681x454.jpg 681w, https:\/\/centralmedia.rs\/wp-content\/uploads\/2019\/04\/Predsednik-op\u0161ine-Para\u0107in-Sa\u0161a-Paunovi\u0107-i-rukovodilac-korporativnih-komunikacija-Lidla-Srbija-Martina-Petrovi\u0107.jpg 1920w\" sizes=\"(max-width: 640px) 100vw, 640px\" \/><\/p>\n<p><strong>\u00a0<\/strong>Prve potro\u0161a\u010de novootvorenih Lidl prodavnica do\u010dekale su ve\u0107 tradicionalne slavljeni\u010dke cene. Posetioci su tako\u0111e imali priliku da prvi put vide stalnu postavku istorijskih predmeta ispred prodavnice, koja svedo\u010di o \u017eivotu ljudi sa tog prostora iz vremena pre nove i iz I i II veka nove ere.<\/p>\n<p>Predsednik op\u0161tine Para\u0107in Sa\u0161a Paunovi\u0107 pohvalio je uspe\u0161nu saradnju Lidla sa Zavi\u010dajnim muzejom i po\u017eeleo kompaniji uspe\u0161an rad, a gra\u0111anima dobru i povoljnu kupovinu.<\/p>\n<p>&#8211; Kompanija\u00a0Lidl Srbija pru\u017eila je svu podr\u0161ku Zavi\u010dajnom muzeju kako bi se istorija ovih prostora u skladu sa propisima sa\u010duvala za budu\u0107e generacije. Ovaj primer najbolje govori o dobroj saradnji ove kompanije i ustanova op\u0161tine Para\u0107in, koja \u0107e verujem i nadalje biti uspe\u0161na i dugotrajna. Otvaranjem ove prodavnice, gra\u0111ani dobijaju ve\u0107i izbor, a konkurencija u trgovini ja\u010da. To je za gra\u0111ane uvek pozitivno, a naravno, pozdravljamo i to \u0161to je priliku za zaposlenje u poznatoj nema\u010dkoj kompaniji dobio i jedan broj na\u0161ih sugra\u0111ana, dodao je Paunovi\u0107.<\/p>\n<p>Tokom protekle godine, za\u0161titna istra\u017eivanja na pomenutom nalazi\u0161tu finansirala je kompanija Lidl Srbija, a sproveli su ih arheolozi Zavi\u010dajnog muzeja iz Para\u0107ina.<\/p>\n<p>&#8211; Osim po toploj dobrodo\u0161lici koju su nam ukazali stanovnici Para\u0107ina, izgradnju ove prodavnice \u0107emo pamtiti i\u00a0po\u00a0otkrivanju arheolo\u0161kog nalazi\u0161ta na prostoru na kome se sada nalazimo. Mi kao kompanija smo imali priliku da pomognemo da se, u saradnji sa arheolozima, istorija ovog prostora sa\u010duva od zaborava i da omogu\u0107imo da se gra\u0111anima bar delom do\u010dara kako su Kelti i Da\u010dani ovde \u017eiveli davno pre nas,<em>\u00a0<\/em>izjavila je rukovodilac korporativnih komunikacija u kompaniji Lidl Srbija Martina Petrovi\u0107.<\/p>\n<p>Direktor Zavi\u010dajnog muzeja Branislav Stojanovi\u0107 po\u017eeleo dobrodo\u0161licu ovom trgovinskom lancu.<\/p>\n<p>&#8211; \u017deleo bih da zahvalim kompaniji Lidl Srbija na tome \u0161to je pokazala visok stepen odgovornosti i brige za kulturno nasle\u0111e na\u0161eg grada i na\u0161e zemlje.\u00a0Trgovinski lanac Lidl predstavlja novinu u na\u0161em gradu, a bez brige o pro\u0161losti, nema ni sada\u0161njosti, a ni budu\u0107nosti, rekao je Stojanovi\u0107.<\/p>\n","protected":false},"excerpt":{"rendered":"<p>PARA\u0106IN- Presecanjem vrpce ispred Lidl prodavnice u Para\u0107inu, na adresi Carice Milice 4, predstavnici Lidla Srbija i predsednik op\u0161tine Para\u0107in Sa\u0161a Paunovi\u0107, otvorili su vrata &hellip; <\/p>\n","protected":false},"author":2,"featured_media":17047,"comment_status":"open","ping_status":"open","sticky":false,"template":"","format":"standard","meta":{"footnotes":""},"categories":[22,1524,2,1516,887,12],"tags":[3189,156],"_links":{"self":[{"href":"https:\/\/centralmedia.rs\/index.php\/wp-json\/wp\/v2\/posts\/17046"}],"collection":[{"href":"https:\/\/centralmedia.rs\/index.php\/wp-json\/wp\/v2\/posts"}],"about":[{"href":"https:\/\/centralmedia.rs\/index.php\/wp-json\/wp\/v2\/types\/post"}],"author":[{"embeddable":true,"href":"https:\/\/centralmedia.rs\/index.php\/wp-json\/wp\/v2\/users\/2"}],"replies":[{"embeddable":true,"href":"https:\/\/centralmedia.rs\/index.php\/wp-json\/wp\/v2\/comments?post=17046"}],"version-history":[{"count":1,"href":"https:\/\/centralmedia.rs\/index.php\/wp-json\/wp\/v2\/posts\/17046\/revisions"}],"predecessor-version":[{"id":17049,"href":"https:\/\/centralmedia.rs\/index.php\/wp-json\/wp\/v2\/posts\/17046\/revisions\/17049"}],"wp:featuredmedia":[{"embeddable":true,"href":"https:\/\/centralmedia.rs\/index.php\/wp-json\/wp\/v2\/media\/17047"}],"wp:attachment":[{"href":"https:\/\/centralmedia.rs\/index.php\/wp-json\/wp\/v2\/media?parent=17046"}],"wp:term":[{"taxonomy":"category","embeddable":true,"href":"https:\/\/centralmedia.rs\/index.php\/wp-json\/wp\/v2\/categories?post=17046"},{"taxonomy":"post_tag","embeddable":true,"href":"https:\/\/centralmedia.rs\/index.php\/wp-json\/wp\/v2\/tags?post=17046"}],"curies":[{"name":"wp","href":"https:\/\/api.w.org\/{rel}","templated":true}]}}