{"id":17050,"date":"2019-04-11T09:18:37","date_gmt":"2019-04-11T09:18:37","guid":{"rendered":"http:\/\/centralmedia.rs\/?p=17050"},"modified":"2019-04-14T18:16:45","modified_gmt":"2019-04-14T18:16:45","slug":"akcija-udruzenja-veterana-63-padobranske-brigade-sinu-preminulog-padobranca-ratnog-heroja-sa-kosara-potrebna-je-nasa-pomoc","status":"publish","type":"post","link":"https:\/\/centralmedia.rs\/index.php\/2019\/04\/11\/akcija-udruzenja-veterana-63-padobranske-brigade-sinu-preminulog-padobranca-ratnog-heroja-sa-kosara-potrebna-je-nasa-pomoc\/","title":{"rendered":"AKCIJA UDRU\u017dENJA VETERANA 63. PADOBRANSKE BRIGADE &#8211;  ,,Sinu preminulog padobranca, ratnog heroja sa Ko\u0161ara, potrebna je na\u0161a pomo\u0107&#8221;"},"content":{"rendered":"<p>JAGODINA- Lazar Milutinovi\u0107 ima 28 godina i od ro\u0111enja boluje od cerebralne paralize. Sin je na\u0161eg prekaljenog ratnog druga i heroja sa Ko\u0161ara, zastavnika Vladana Milutinovi\u0107a \u2013 Jagodinca. Kao \u0161to znate, Vladan nas je prerano i iznenada napustio 2015. godine usled posledica mo\u017edane aneurizme. Iza njega ostao je sin Lazar, delimi\u010dno nepokretan, u invalidskim kolicima, a na nama, njegovim ratnim drugovima je \u010dasna obaveza da se o Lazaru brinemo kada mu je to najpotrebnije \u2013 sada i odmah!<\/p>\n<p>Lazar je ro\u0111en kao zdravo dete u \u0161estom mesecu trudno\u0107e, nakon \u010dega je proveo tri meseca u bolni\u010dkom inkubatoru. Pri kraju tre\u0107eg meseca, inkubator se pokvario i Lazar je ostao bez kiseonika, \u0161to je dovelo do o\u0161te\u0107enja njegovog centralnog nervnog sistema. Roditeljima je re\u010deno da je njegovo stanje veoma lo\u0161e i da ne\u0107e dugo \u017eiveti. Od tada pa nadalje, celog \u017eivota, Lazar se le\u010di i rehabilituje svim ponu\u0111enim mogu\u0107nostima, o tro\u0161ku svoje porodice i bez mnogo pomo\u0107i sa strane. Trenutno pati od deformiteta oba stopala, kontrakture zglobova kolena i dislokacije obe \u010da\u0161ice. Zbog svega toga ote\u017eano se kre\u0107e i pati od jakih i \u010destih bolova u kolenima i stopalima.<\/p>\n<p>Ipak, zahvaljuju\u0107i svojim roditeljima i uprkos svakodnevnim te\u0161kim problemima, Lazar se borio i izborio \u2013 sin heroja i sam je izrastao u heroja!<\/p>\n<p>Zavr\u0161io je srednju ekonomsku \u0161kolu, omiljen u razredu, izuzetno je inteligentan, komunikativan i prijatan. Redovno ve\u017eba i veoma je uporan, napravio je ogroman napredak u borbi protiv te\u0161ke bolesti, ali to nije dovoljno. Lazaru su potrebne \u010deste terapije kako bi bio kao i svi njegovi drugari. Sada, po prvi put, ima lekarski predlog za niz ortopedsko-hirur\u0161kih operacija koje bi mu omogu\u0107ile samostalni hod i normalan \u017eivot. Da kona\u010dno stane na sopstvene, zdrave noge.<\/p>\n<p>Profesor doktor Dimitri Popkov, vrhunski specijalista ortopedske hirurgije iz Rusije, pregledao je Lazara u januaru ove godine i predlo\u017eio mu da ga operi\u0161e ovde kod nas u Beogradu, u bolnici ATLAS. Operacijama bi se izvr\u0161ilo produ\u017eenje butnih mi\u0161i\u0107a, stabilizovale obe \u010da\u0161ice i izvr\u0161ila korekcija oba stopala. Na \u017ealost, osiguranje Republike Srbije ne pokriva tro\u0161kove operacije i boravka u bolnici ATLAS u Beogradu, pa je na nama, padobrancima-veteranima, da se okupimo, pokrenemo i sakupimo neophodnu sumu od 12000 eura za Lazarevu operaciju i izle\u010denje.<\/p>\n<p>Pomozimo Lazaru uplatom na dinarski ili devizne ra\u010dune! \u010cuvajmo \u010dast i porodice na\u0161ih palih drugova! Budimo tu kad zatreba!<\/p>\n<p><strong>DINARSKI RA\u010cUN (Za uplate iz Srbije):<\/strong><br \/>\n200-117336018-21<\/p>\n<p><strong>DEVIZNI RA\u010cUN (Za uplate iz Srbije):<\/strong><br \/>\n200-117336140-43<\/p>\n<p><strong>UPUTSTVO ZA UPLATE IZ INOSTRANSTVA (EUR,CHF,CAD):<\/strong><br \/>\n<strong>Beneficiary customer:<\/strong><br \/>\nRS35200000011733614043<br \/>\nLazar Milutinovic<br \/>\nNarodnog fronta 34<br \/>\nJagodina, Serbia<\/p>\n<p><strong>Beneficiary bank:<\/strong><br \/>\nSBPORSBGXXX<br \/>\nPostal Savings Bank<br \/>\nKraljice Marije 3<br \/>\nBelgrade, Serbia<\/p>\n<p><strong>Intermediary bank:<\/strong><br \/>\nDEUTDEFF<br \/>\nDeutsche Bank AG<br \/>\nFrankfurt Am Main, DE<\/p>\n<div id='gallery-1' class='gallery galleryid-17050 gallery-columns-5 gallery-size-thumbnail'><figure class='gallery-item'>\n\t\t\t<div class='gallery-icon portrait'>\n\t\t\t\t<a href='https:\/\/centralmedia.rs\/index.php\/2019\/04\/11\/akcija-udruzenja-veterana-63-padobranske-brigade-sinu-preminulog-padobranca-ratnog-heroja-sa-kosara-potrebna-je-nasa-pomoc\/002-2\/'><img loading=\"lazy\" decoding=\"async\" width=\"150\" height=\"150\" src=\"https:\/\/centralmedia.rs\/wp-content\/uploads\/2019\/04\/002-150x150.jpg\" class=\"attachment-thumbnail size-thumbnail\" alt=\"\" \/><\/a>\n\t\t\t<\/div><\/figure><figure class='gallery-item'>\n\t\t\t<div class='gallery-icon portrait'>\n\t\t\t\t<a href='https:\/\/centralmedia.rs\/index.php\/2019\/04\/11\/akcija-udruzenja-veterana-63-padobranske-brigade-sinu-preminulog-padobranca-ratnog-heroja-sa-kosara-potrebna-je-nasa-pomoc\/attachment\/003\/'><img loading=\"lazy\" decoding=\"async\" width=\"150\" height=\"150\" src=\"https:\/\/centralmedia.rs\/wp-content\/uploads\/2019\/04\/003-150x150.jpg\" class=\"attachment-thumbnail size-thumbnail\" alt=\"\" \/><\/a>\n\t\t\t<\/div><\/figure><figure class='gallery-item'>\n\t\t\t<div class='gallery-icon landscape'>\n\t\t\t\t<a href='https:\/\/centralmedia.rs\/index.php\/2019\/04\/11\/akcija-udruzenja-veterana-63-padobranske-brigade-sinu-preminulog-padobranca-ratnog-heroja-sa-kosara-potrebna-je-nasa-pomoc\/attachment\/008\/'><img loading=\"lazy\" decoding=\"async\" width=\"150\" height=\"150\" src=\"https:\/\/centralmedia.rs\/wp-content\/uploads\/2019\/04\/008-150x150.jpg\" class=\"attachment-thumbnail size-thumbnail\" alt=\"\" \/><\/a>\n\t\t\t<\/div><\/figure><figure class='gallery-item'>\n\t\t\t<div class='gallery-icon landscape'>\n\t\t\t\t<a href='https:\/\/centralmedia.rs\/index.php\/2019\/04\/11\/akcija-udruzenja-veterana-63-padobranske-brigade-sinu-preminulog-padobranca-ratnog-heroja-sa-kosara-potrebna-je-nasa-pomoc\/attachment\/010\/'><img loading=\"lazy\" decoding=\"async\" width=\"150\" height=\"150\" src=\"https:\/\/centralmedia.rs\/wp-content\/uploads\/2019\/04\/010-150x150.jpg\" class=\"attachment-thumbnail size-thumbnail\" alt=\"\" \/><\/a>\n\t\t\t<\/div><\/figure><figure class='gallery-item'>\n\t\t\t<div class='gallery-icon landscape'>\n\t\t\t\t<a href='https:\/\/centralmedia.rs\/index.php\/2019\/04\/11\/akcija-udruzenja-veterana-63-padobranske-brigade-sinu-preminulog-padobranca-ratnog-heroja-sa-kosara-potrebna-je-nasa-pomoc\/001-2\/'><img loading=\"lazy\" decoding=\"async\" width=\"150\" height=\"150\" src=\"https:\/\/centralmedia.rs\/wp-content\/uploads\/2019\/04\/001-150x150.jpg\" class=\"attachment-thumbnail size-thumbnail\" alt=\"\" \/><\/a>\n\t\t\t<\/div><\/figure>\n\t\t<\/div>\n\n","protected":false},"excerpt":{"rendered":"<p>JAGODINA- Lazar Milutinovi\u0107 ima 28 godina i od ro\u0111enja boluje od cerebralne paralize. Sin je na\u0161eg prekaljenog ratnog druga i heroja sa Ko\u0161ara, zastavnika Vladana &hellip; <\/p>\n","protected":false},"author":2,"featured_media":17051,"comment_status":"open","ping_status":"open","sticky":false,"template":"","format":"standard","meta":{"footnotes":""},"categories":[14,1524,2,1514,12],"tags":[3606,58,3607],"_links":{"self":[{"href":"https:\/\/centralmedia.rs\/index.php\/wp-json\/wp\/v2\/posts\/17050"}],"collection":[{"href":"https:\/\/centralmedia.rs\/index.php\/wp-json\/wp\/v2\/posts"}],"about":[{"href":"https:\/\/centralmedia.rs\/index.php\/wp-json\/wp\/v2\/types\/post"}],"author":[{"embeddable":true,"href":"https:\/\/centralmedia.rs\/index.php\/wp-json\/wp\/v2\/users\/2"}],"replies":[{"embeddable":true,"href":"https:\/\/centralmedia.rs\/index.php\/wp-json\/wp\/v2\/comments?post=17050"}],"version-history":[{"count":1,"href":"https:\/\/centralmedia.rs\/index.php\/wp-json\/wp\/v2\/posts\/17050\/revisions"}],"predecessor-version":[{"id":17056,"href":"https:\/\/centralmedia.rs\/index.php\/wp-json\/wp\/v2\/posts\/17050\/revisions\/17056"}],"wp:featuredmedia":[{"embeddable":true,"href":"https:\/\/centralmedia.rs\/index.php\/wp-json\/wp\/v2\/media\/17051"}],"wp:attachment":[{"href":"https:\/\/centralmedia.rs\/index.php\/wp-json\/wp\/v2\/media?parent=17050"}],"wp:term":[{"taxonomy":"category","embeddable":true,"href":"https:\/\/centralmedia.rs\/index.php\/wp-json\/wp\/v2\/categories?post=17050"},{"taxonomy":"post_tag","embeddable":true,"href":"https:\/\/centralmedia.rs\/index.php\/wp-json\/wp\/v2\/tags?post=17050"}],"curies":[{"name":"wp","href":"https:\/\/api.w.org\/{rel}","templated":true}]}}