{"id":17058,"date":"2019-04-11T10:40:21","date_gmt":"2019-04-11T10:40:21","guid":{"rendered":"http:\/\/centralmedia.rs\/?p=17058"},"modified":"2019-04-13T13:13:54","modified_gmt":"2019-04-13T13:13:54","slug":"opstina-svilajnac-poklonila-novo-sanitetsko-vozilo-domu-zdravlja-vredno-50-hiljada-evra","status":"publish","type":"post","link":"https:\/\/centralmedia.rs\/index.php\/2019\/04\/11\/opstina-svilajnac-poklonila-novo-sanitetsko-vozilo-domu-zdravlja-vredno-50-hiljada-evra\/","title":{"rendered":"OP\u0160TINA SVILAJNAC POKLONILA NOVO SANITETSKO VOZILO DOMU ZDRAVLJA VREDNO 50 HILJADA EVRA"},"content":{"rendered":"<p>SVILAJNAC- Klju\u010deve novog i kompletno opremljenog saniteta predsednik op\u0161tine Svilajnac Predrag Milanovi\u0107 uru\u010dio je danas direktorki Doma Zdravlja \u201eSvilajnac\u201c dr Veri Branisavljevi\u0107, istakav\u0161i da je ovo drugo novo sanitetsko vozilo koje op\u0161tina donira ovoj ustanovi, a da je osim toga pro\u0161le godine op\u0161tina donirala i novo vozilo za potrebe patrona\u017ene slu\u017ebe.<\/p>\n<p><img loading=\"lazy\" decoding=\"async\" class=\"alignnone wp-image-17060 size-large\" src=\"http:\/\/centralmedia.rs\/wp-content\/uploads\/2019\/04\/DSC_0585-1024x683.jpg\" alt=\"\" width=\"640\" height=\"427\" srcset=\"https:\/\/centralmedia.rs\/wp-content\/uploads\/2019\/04\/DSC_0585-1024x683.jpg 1024w, https:\/\/centralmedia.rs\/wp-content\/uploads\/2019\/04\/DSC_0585-300x200.jpg 300w, https:\/\/centralmedia.rs\/wp-content\/uploads\/2019\/04\/DSC_0585-768x512.jpg 768w, https:\/\/centralmedia.rs\/wp-content\/uploads\/2019\/04\/DSC_0585-630x420.jpg 630w, https:\/\/centralmedia.rs\/wp-content\/uploads\/2019\/04\/DSC_0585-640x427.jpg 640w, https:\/\/centralmedia.rs\/wp-content\/uploads\/2019\/04\/DSC_0585-681x454.jpg 681w\" sizes=\"(max-width: 640px) 100vw, 640px\" \/><\/p>\n<p>Predrag\u00a0 Milanovi\u0107, predsednik op\u0161tine Svilajnac, podsetio je ovom prilikom da je Svilajnac op\u0161tina koja ve\u0107 5 godina unazad kontinuirano ula\u017ee u zdravstvo i podi\u017ee nivo zdravstvene za\u0161tite.<\/p>\n<p>&#8211; U Svilajncu je krajem pro\u0161le godine zavr\u0161ena jedna od kapitalnih investicija &#8211; detaljna rekonstrukcija Doma zdravlja. Od otvaranja ovog objekta 1972. godine ovo je prva obnova svih zdravstvenih slu\u017ebi. \u0160estomese\u010dni radovi obuhvatili\u00a0 su rekonstrukciju svih objekata koji se nalaze u kompleksu Doma zdravlja u Svilajncu. Vrednost radova iznosila je oko 200 miliona dinara. Predhodno su rekonstruisane 4 seoske ambulante, koje zajedno sa Domom zdravlja u svom sastavu imaju apoteku \u010diji je na\u010din rada regulisan, \u0161to je dovelo do toga da Dom zdravlja nema nikakva dugovanja. Osim toga, nabavljena je i\u00a0 nova oprema i name\u0161taj, \u010dime su svi tehni\u010dki i infrastrukturni problemi u oblasti zdravstva re\u0161eni, rekao je Milanovi\u0107 i posebno naglasio da, nakon zavr\u0161etka kapitalnih projekata, trenutno najve\u0107i problem u zdravstvu na teritoriji op\u0161tine Svilajnac predstavljaju kadrovska re\u0161enja, jer se jedan broj lekara trenutno finansira iz bud\u017eeta op\u0161tine Svilajnac, a potrebe za novim kadrovima su velike.<\/p>\n<p>&#8211; Ako i u narednom periodu ostane ista politika da nema zapo\u0161ljavanja i popunjavanja novih radnih mesta u skladu sa maksimalnim brojem zapo\u0161ljenih, u narednih nekoliko godina\u00a0 do\u0107i \u0107emo u situaciju da imamo nove zgrade, modernu infrastrukturu i opremu, ali ne\u0107emo imati lekare specijaliste koji \u0107e tu da rade. Dom zdravlja ima manje zaposlenih od predvi\u0111enog broja,\u00a0 ima potrebe za primanjem mladih lekara i odobrene specijalizacije, ali nemamo ljude koji mogu da odu na specijalizaciju, te su nam potrebne sve neophodne dozvole kako bismo mogli da u kontinuitetu vr\u0161imo edukaciju lekara, a sve u cilju da na\u0161i gra\u0111ani dobiju adekvatnu zdravstvenu za\u0161titu,\u00a0 objasnio je Milanovi\u0107.<\/p>\n<p>Dr Vera Branisavljevi\u0107, direktorka Doma zdravlja \u201eSvilajnac\u201c objasnila je da ovo jedno od najbolje opremljenih sanitetskih vozila, \u010dije je vrednost skoro 50.000 evra i da \u0107e se koristiti kod najte\u017eih i najrizi\u010dnijih slu\u010dajeva.<\/p>\n<p>&#8211; Od po\u010detka ove godine kroz hitnu slu\u017ebu pro\u0161lo je oko 2.500 pacijenata, a obavljeno je 1.700 sanitetskih prevoza. Svaki kvar na sanitetskom vozilu nas ometa da obavimo sve te usluge i zadatke i ovo vozilo \u0107e nam pomo\u0107i da to bude jo\u0161 kvalitetnije i br\u017ee nego do sada, kazala je ona.<\/p>\n<p>&nbsp;<\/p>\n","protected":false},"excerpt":{"rendered":"<p>SVILAJNAC- Klju\u010deve novog i kompletno opremljenog saniteta predsednik op\u0161tine Svilajnac Predrag Milanovi\u0107 uru\u010dio je danas direktorki Doma Zdravlja \u201eSvilajnac\u201c dr Veri Branisavljevi\u0107, istakav\u0161i da je &hellip; <\/p>\n","protected":false},"author":2,"featured_media":17059,"comment_status":"open","ping_status":"open","sticky":false,"template":"","format":"standard","meta":{"footnotes":""},"categories":[28,1524,2,887,12,1517],"tags":[228,46,2021,38],"_links":{"self":[{"href":"https:\/\/centralmedia.rs\/index.php\/wp-json\/wp\/v2\/posts\/17058"}],"collection":[{"href":"https:\/\/centralmedia.rs\/index.php\/wp-json\/wp\/v2\/posts"}],"about":[{"href":"https:\/\/centralmedia.rs\/index.php\/wp-json\/wp\/v2\/types\/post"}],"author":[{"embeddable":true,"href":"https:\/\/centralmedia.rs\/index.php\/wp-json\/wp\/v2\/users\/2"}],"replies":[{"embeddable":true,"href":"https:\/\/centralmedia.rs\/index.php\/wp-json\/wp\/v2\/comments?post=17058"}],"version-history":[{"count":1,"href":"https:\/\/centralmedia.rs\/index.php\/wp-json\/wp\/v2\/posts\/17058\/revisions"}],"predecessor-version":[{"id":17061,"href":"https:\/\/centralmedia.rs\/index.php\/wp-json\/wp\/v2\/posts\/17058\/revisions\/17061"}],"wp:featuredmedia":[{"embeddable":true,"href":"https:\/\/centralmedia.rs\/index.php\/wp-json\/wp\/v2\/media\/17059"}],"wp:attachment":[{"href":"https:\/\/centralmedia.rs\/index.php\/wp-json\/wp\/v2\/media?parent=17058"}],"wp:term":[{"taxonomy":"category","embeddable":true,"href":"https:\/\/centralmedia.rs\/index.php\/wp-json\/wp\/v2\/categories?post=17058"},{"taxonomy":"post_tag","embeddable":true,"href":"https:\/\/centralmedia.rs\/index.php\/wp-json\/wp\/v2\/tags?post=17058"}],"curies":[{"name":"wp","href":"https:\/\/api.w.org\/{rel}","templated":true}]}}