{"id":17062,"date":"2019-04-11T10:58:58","date_gmt":"2019-04-11T10:58:58","guid":{"rendered":"http:\/\/centralmedia.rs\/?p=17062"},"modified":"2019-04-13T13:16:33","modified_gmt":"2019-04-13T13:16:33","slug":"takmicenje-u-orjentiringu-u-despotovcu","status":"publish","type":"post","link":"https:\/\/centralmedia.rs\/index.php\/2019\/04\/11\/takmicenje-u-orjentiringu-u-despotovcu\/","title":{"rendered":"TAKMI\u010cENJE U ORJENTIRINGU U DESPOTOVCU"},"content":{"rendered":"<p>DESPOTOVAC- Za vikend, 13. i 14. aprila, u Despotovcu \u0107e biti odr\u017eane 2. zavr\u0161ne trke manifestacije\u00a0&#8220;Nedelja orijentiringa&#8221;.\u00a0 U subotu od 12 do 14:30 sati, trka \u0107e se odvijati u samom gradu, gde \u0107e za tu priliku nekoliko ulica biti\u00a0zatvoreno\u00a0za saobra\u0107aj.\u00a0Organizator takmi\u010denja je PSK &#8220;Pobeda&#8221; iz Beograda i prema njihovim re\u010dima o\u010dekuje se oko 250 takmi\u010dara. Progla\u0161enje pobednika bi\u0107e odr\u017eano na Trgu despota Stefana Lazarevi\u0107a odmah po zavr\u0161etku trke. Takmi\u010denje se u nedelju, 14. aprila,\u00a0poslednjeg\u00a0dana manifestacije, seli se na farmu &#8220;Bela reka&#8221; nadomak Lipovice. Za taj dan predvi\u0111en je program u trajanju od 10 do 15:00 \u010dasova.<\/p>\n<p>Upu\u0107en je apel gra\u0111anima da u petak, 12. aprila, od ve\u010dernjih sati izbegavaju parkiranje svojih vozila u glavnoj ulici kao i u ulicama Rudni\u010dkoj, Moravskoj i Ulici Stevana Sin\u0111eli\u0107a koje \u0107e u subotu,13. aprila, od ranih jutarnih \u010dasova biti zatvorene zbog orijentiring trke. Kao alternativu za parkiranje mogu se koristiti sve bo\u010dne ulice.<\/p>\n<p><img loading=\"lazy\" decoding=\"async\" class=\"alignnone wp-image-17064 size-full\" src=\"http:\/\/centralmedia.rs\/wp-content\/uploads\/2019\/04\/orjentiring.jpg\" alt=\"\" width=\"960\" height=\"960\" srcset=\"https:\/\/centralmedia.rs\/wp-content\/uploads\/2019\/04\/orjentiring.jpg 960w, https:\/\/centralmedia.rs\/wp-content\/uploads\/2019\/04\/orjentiring-150x150.jpg 150w, https:\/\/centralmedia.rs\/wp-content\/uploads\/2019\/04\/orjentiring-300x300.jpg 300w, https:\/\/centralmedia.rs\/wp-content\/uploads\/2019\/04\/orjentiring-768x768.jpg 768w, https:\/\/centralmedia.rs\/wp-content\/uploads\/2019\/04\/orjentiring-420x420.jpg 420w, https:\/\/centralmedia.rs\/wp-content\/uploads\/2019\/04\/orjentiring-640x640.jpg 640w, https:\/\/centralmedia.rs\/wp-content\/uploads\/2019\/04\/orjentiring-681x681.jpg 681w\" sizes=\"(max-width: 960px) 100vw, 960px\" \/><\/p>\n","protected":false},"excerpt":{"rendered":"<p>DESPOTOVAC- Za vikend, 13. i 14. aprila, u Despotovcu \u0107e biti odr\u017eane 2. zavr\u0161ne trke manifestacije\u00a0&#8220;Nedelja orijentiringa&#8221;.\u00a0 U subotu od 12 do 14:30 sati, trka &hellip; <\/p>\n","protected":false},"author":2,"featured_media":17063,"comment_status":"open","ping_status":"open","sticky":false,"template":"","format":"standard","meta":{"footnotes":""},"categories":[1518,1524,2,887,21,12],"tags":[51,3608],"_links":{"self":[{"href":"https:\/\/centralmedia.rs\/index.php\/wp-json\/wp\/v2\/posts\/17062"}],"collection":[{"href":"https:\/\/centralmedia.rs\/index.php\/wp-json\/wp\/v2\/posts"}],"about":[{"href":"https:\/\/centralmedia.rs\/index.php\/wp-json\/wp\/v2\/types\/post"}],"author":[{"embeddable":true,"href":"https:\/\/centralmedia.rs\/index.php\/wp-json\/wp\/v2\/users\/2"}],"replies":[{"embeddable":true,"href":"https:\/\/centralmedia.rs\/index.php\/wp-json\/wp\/v2\/comments?post=17062"}],"version-history":[{"count":1,"href":"https:\/\/centralmedia.rs\/index.php\/wp-json\/wp\/v2\/posts\/17062\/revisions"}],"predecessor-version":[{"id":17065,"href":"https:\/\/centralmedia.rs\/index.php\/wp-json\/wp\/v2\/posts\/17062\/revisions\/17065"}],"wp:featuredmedia":[{"embeddable":true,"href":"https:\/\/centralmedia.rs\/index.php\/wp-json\/wp\/v2\/media\/17063"}],"wp:attachment":[{"href":"https:\/\/centralmedia.rs\/index.php\/wp-json\/wp\/v2\/media?parent=17062"}],"wp:term":[{"taxonomy":"category","embeddable":true,"href":"https:\/\/centralmedia.rs\/index.php\/wp-json\/wp\/v2\/categories?post=17062"},{"taxonomy":"post_tag","embeddable":true,"href":"https:\/\/centralmedia.rs\/index.php\/wp-json\/wp\/v2\/tags?post=17062"}],"curies":[{"name":"wp","href":"https:\/\/api.w.org\/{rel}","templated":true}]}}