{"id":17075,"date":"2019-04-12T12:01:12","date_gmt":"2019-04-12T12:01:12","guid":{"rendered":"http:\/\/centralmedia.rs\/?p=17075"},"modified":"2019-04-13T13:16:18","modified_gmt":"2019-04-13T13:16:18","slug":"palma-savez-za-nasilje-kao-sakupljaci-sekundarnih-sirovina","status":"publish","type":"post","link":"https:\/\/centralmedia.rs\/index.php\/2019\/04\/12\/palma-savez-za-nasilje-kao-sakupljaci-sekundarnih-sirovina\/","title":{"rendered":"PALMA :  SAVEZ ZA NASILJE KAO SAKUPLJA\u010cI SEKUNDARNIH SIROVINA"},"content":{"rendered":"<p>\u201eDa li je politi\u010dki program Saveza za naslje, po\u0161to to nije Savez za Srbiju ve\u0107 Savez za nasilje, monstruozni grafit koji je ju\u010de osvanuo u Jagodini kojim se preti ubistvom predsedniku Srbije i gra\u0111anima Srbije. Gra\u0111ani Srbije nisu za nasilje i gra\u0111ani \u0107e u predizbornoj kampanji, kada se raspi\u0161u izbori, tra\u017eiti izve\u0161taj o radu, \u0161ta ste radili kada ste bili vlast, \u0161ta ste radili kada ste bili opozicija i \u0161ta \u0107ete raditi u narednom vremenskom periodu. To interesuje gra\u0111ane Srbije, a o tome niko iz Saveza za nasilje ne pri\u010da, jer nemaju ni rezultate ni program\u201c, izjavio je gostuju\u0107i na televiziji Pink, predsednik Jedinstvene Srbije Dragan Markovi\u0107 Palma.<\/p>\n<p>\u201eVideli ste da su ti iz Saveza za nasilje po\u010deli da kradu i znakove. \u010cime se oni bave ? Sekundarnim sirovinama. Mo\u017eda, kao sakuplja\u010di sekundarnih sirovina znaju da je metal najskuplji. Predla\u017eem nadle\u017eninm organima da vide da li postoji neki otpad gde oni odla\u017eu te sekundarne sirovine koje pokupe po Beogradu. Predla\u017eem da se za vreme skupa Saveza za nasilje u subotu 13. aprila pomere svi znakovi i korpe za otpatke sa trase gde \u0107e da \u0161etaju, da ih ne bi pokupili i prodali kao sekundarne sirovine.<\/p>\n<p>To su poruke koje \u0161alju \u010dlanovi Saveza za nasilje u trenutku kada nema\u010dka kancelarka Angela Merkel i francuski predsednik Emanuel Makron zovu dr\u017eavno rukovodstvo Srbije da do\u0111e u Berlin 29. aprila na razgovor o Kosovu i Metohiji. Poznato je \u0161ta \u0107e tra\u017eiti od predsednika Vu\u010di\u0107a, ali poruka predsednika Srbije sa skupa u Novom Sadu daje sigurnost gra\u0111anima Srbije. To je poruka da Srbija ima svoj stav i da se dijalog ne\u0107e nastaviti dok se ne ukinu sulude i anticivilizacijske pri\u0161tinske takse\u201c, rekao je Markovi\u0107.<\/p>\n<p>\u201eSrbija je danas glavna destinacija u ovom delu Evrope za strane investicije. To zna\u010di da u Srbiji postoji i politi\u010dka i ekonomska stabilnost i sigurnost. Siguran sam da \u0107e skup 19. aprila u okviru kampanje \u201eBudu\u0107nost Srbije\u201c u Beogradu biti najve\u0107i skup u na\u0161oj dr\u017eavi od kada postoji vi\u0161estrana\u010dki sistem i da \u0107e gra\u0111ani svojim prisustvom dati podr\u0161ku predsedniku Aleksandru Vu\u010di\u0107u i politici koju vodi. Do\u0107i \u0107e i veliki broj Srba sa Kosova i Metohije tako\u0111e da da podr\u0161ku dr\u017eavnom rukovodstvu Srbije. A onima iz Saveza za nasilje koji \u0161etaju Kosovskom Mitrovicom predla\u017eem da promene onaj transparent \u201eJedan od 5 miliona\u201c u \u201eJedan od nas petorice\u201c jer ih toliko ima\u201c poru\u010dio je Markovi\u0107.<\/p>\n","protected":false},"excerpt":{"rendered":"<p>\u201eDa li je politi\u010dki program Saveza za naslje, po\u0161to to nije Savez za Srbiju ve\u0107 Savez za nasilje, monstruozni grafit koji je ju\u010de osvanuo u &hellip; <\/p>\n","protected":false},"author":2,"featured_media":16249,"comment_status":"open","ping_status":"open","sticky":false,"template":"","format":"standard","meta":{"footnotes":""},"categories":[1524,2,1514,13,12],"tags":[58,1485,120],"_links":{"self":[{"href":"https:\/\/centralmedia.rs\/index.php\/wp-json\/wp\/v2\/posts\/17075"}],"collection":[{"href":"https:\/\/centralmedia.rs\/index.php\/wp-json\/wp\/v2\/posts"}],"about":[{"href":"https:\/\/centralmedia.rs\/index.php\/wp-json\/wp\/v2\/types\/post"}],"author":[{"embeddable":true,"href":"https:\/\/centralmedia.rs\/index.php\/wp-json\/wp\/v2\/users\/2"}],"replies":[{"embeddable":true,"href":"https:\/\/centralmedia.rs\/index.php\/wp-json\/wp\/v2\/comments?post=17075"}],"version-history":[{"count":1,"href":"https:\/\/centralmedia.rs\/index.php\/wp-json\/wp\/v2\/posts\/17075\/revisions"}],"predecessor-version":[{"id":17076,"href":"https:\/\/centralmedia.rs\/index.php\/wp-json\/wp\/v2\/posts\/17075\/revisions\/17076"}],"wp:featuredmedia":[{"embeddable":true,"href":"https:\/\/centralmedia.rs\/index.php\/wp-json\/wp\/v2\/media\/16249"}],"wp:attachment":[{"href":"https:\/\/centralmedia.rs\/index.php\/wp-json\/wp\/v2\/media?parent=17075"}],"wp:term":[{"taxonomy":"category","embeddable":true,"href":"https:\/\/centralmedia.rs\/index.php\/wp-json\/wp\/v2\/categories?post=17075"},{"taxonomy":"post_tag","embeddable":true,"href":"https:\/\/centralmedia.rs\/index.php\/wp-json\/wp\/v2\/tags?post=17075"}],"curies":[{"name":"wp","href":"https:\/\/api.w.org\/{rel}","templated":true}]}}