{"id":17077,"date":"2019-04-12T12:41:30","date_gmt":"2019-04-12T12:41:30","guid":{"rendered":"http:\/\/centralmedia.rs\/?p=17077"},"modified":"2019-04-13T13:14:35","modified_gmt":"2019-04-13T13:14:35","slug":"bivsi-radnici-srpske-fabrike-stakla-otpusteni-u-laznom-stecaju-strajk-gladu-do-povratka-na-posao","status":"publish","type":"post","link":"https:\/\/centralmedia.rs\/index.php\/2019\/04\/12\/bivsi-radnici-srpske-fabrike-stakla-otpusteni-u-laznom-stecaju-strajk-gladu-do-povratka-na-posao\/","title":{"rendered":"Biv\u0161i radnici Srpske fabrike stakla otpu\u0161teni u ,,la\u017enom&#8221; ste\u010daju &#8211; \u0160TRAJK GLA\u0110U DO POVRATKA NA POSAO"},"content":{"rendered":"<p>PARA\u0106IN- Otpu\u0161teni preko fejsa, grupa koja objedinjuje aktivnosti 230 biv\u0161ih radnika Srpske fabrike stakla u Para\u0107inu brutalno najurenih sa posla posle otvaranja ,,la\u017enog&#8221; ste\u010daja u septembru 2017., najavili su da po\u010dinju \u0161trajk gladju ve\u010deras u 5 minuta do pono\u0107i. Kao je najavljeno, njima \u0107e se pridru\u017eiti \u010dlanovi porodica. Oni u svom saop\u0161tenju na dru\u0161tevnim mre\u017eema posebno apostrofiraju ,,borbu protiv nasilja Pu\u0161ice,Crnogorca i Bogdanovi\u0107a&#8221;, odnosno re\u010d je o \u010dlanovima Nadzornog odbora i direktoru.<\/p>\n<p>-Zahtevamo da nam se dozvole protesti koje nam je policija zabranila,da rukovostvo ispo\u0161tuje odluku Apelacionog privrednog suda iz Beograda o poni\u0161tenju ste\u010dajnog postupka, kao i da nam vrate ugovore o radu zbog la\u017enog ste\u010daja, navodi jedna od organizatorki \u0161trajka Violeta Kosti\u0107.<\/p>\n<p>Policija je organizatore protesta, a sada \u0161trajka gla\u0111u, ranije usmeno upozoravala da ne smeju kod poslovnih objekata SFS da se okupljaju, prakti\u010dno im zabranila taj vid protesta zbog navodnog ugro\u017eavanja privatne svojine. Apelacioni privredni sud u Beogradu je doneo odkluku o ukidanju sta\u010daja, ali posledice predhodne odluke, odnosno 230 radnika ostalo je na ulici, rukovodstvo ne \u017eeli da otkloni. Sa druge strane Apelacioni sud u Kargujevcu je u pilot presudi zauzeo stav da su \u017ealbe na re\u0161enja o prestanku radnog odnosa zbog ste\u010daja zakasnele i sada biv\u0161i radnici koji su tu\u017eili moraju da plate sudske tro\u0161kove u visini od po hiljadu evra ili preko 200 hiljada evra.<\/p>\n<p>&nbsp;<\/p>\n","protected":false},"excerpt":{"rendered":"<p>PARA\u0106IN- Otpu\u0161teni preko fejsa, grupa koja objedinjuje aktivnosti 230 biv\u0161ih radnika Srpske fabrike stakla u Para\u0107inu brutalno najurenih sa posla posle otvaranja ,,la\u017enog&#8221; ste\u010daja u &hellip; <\/p>\n","protected":false},"author":2,"featured_media":9798,"comment_status":"open","ping_status":"open","sticky":false,"template":"","format":"standard","meta":{"footnotes":""},"categories":[14,1524,2,1516,12],"tags":[3496,156,3611],"_links":{"self":[{"href":"https:\/\/centralmedia.rs\/index.php\/wp-json\/wp\/v2\/posts\/17077"}],"collection":[{"href":"https:\/\/centralmedia.rs\/index.php\/wp-json\/wp\/v2\/posts"}],"about":[{"href":"https:\/\/centralmedia.rs\/index.php\/wp-json\/wp\/v2\/types\/post"}],"author":[{"embeddable":true,"href":"https:\/\/centralmedia.rs\/index.php\/wp-json\/wp\/v2\/users\/2"}],"replies":[{"embeddable":true,"href":"https:\/\/centralmedia.rs\/index.php\/wp-json\/wp\/v2\/comments?post=17077"}],"version-history":[{"count":4,"href":"https:\/\/centralmedia.rs\/index.php\/wp-json\/wp\/v2\/posts\/17077\/revisions"}],"predecessor-version":[{"id":17081,"href":"https:\/\/centralmedia.rs\/index.php\/wp-json\/wp\/v2\/posts\/17077\/revisions\/17081"}],"wp:featuredmedia":[{"embeddable":true,"href":"https:\/\/centralmedia.rs\/index.php\/wp-json\/wp\/v2\/media\/9798"}],"wp:attachment":[{"href":"https:\/\/centralmedia.rs\/index.php\/wp-json\/wp\/v2\/media?parent=17077"}],"wp:term":[{"taxonomy":"category","embeddable":true,"href":"https:\/\/centralmedia.rs\/index.php\/wp-json\/wp\/v2\/categories?post=17077"},{"taxonomy":"post_tag","embeddable":true,"href":"https:\/\/centralmedia.rs\/index.php\/wp-json\/wp\/v2\/tags?post=17077"}],"curies":[{"name":"wp","href":"https:\/\/api.w.org\/{rel}","templated":true}]}}