{"id":17082,"date":"2019-04-12T13:03:43","date_gmt":"2019-04-12T13:03:43","guid":{"rendered":"http:\/\/centralmedia.rs\/?p=17082"},"modified":"2019-04-13T13:14:58","modified_gmt":"2019-04-13T13:14:58","slug":"aktivisti-sns-upali-u-paracinsku-skupstinu-opstine","status":"publish","type":"post","link":"https:\/\/centralmedia.rs\/index.php\/2019\/04\/12\/aktivisti-sns-upali-u-paracinsku-skupstinu-opstine\/","title":{"rendered":"AKTIVISTI SNS UPALI U PARA\u0106INSKU SKUP\u0160TINU OP\u0160TINE"},"content":{"rendered":"<p>PARA\u0106IN- Pedesetak aktivista SNS upalo je oko 14 sati u zgradu op\u0161tine Para\u0107in, trenutno se nalaze u sali koja \u00a0se koristi za sednice Skup\u0161tine op\u0161tine. Nisu jasni motivi za ovaj doga\u0111aj, aktivisti su posedali u sali SO i nose transparente.<\/p>\n<p>&#8211; \u00a0Da su se najavili da se bolje pripremimo, ovako mo\u017eemo samo da ih poslu\u017eimo sokom i kafom. Zanimljiv performans, predla\u017eem da se sli\u010dna akcija sprovede i sutra u Beogradu po ugledu na naprednjake u Para\u0107inu, napisao je dru\u0161tvenim mre\u017eama predsednik te op\u0161tine Sa\u0161a Punovi\u0107.<\/p>\n<div id='gallery-1' class='gallery galleryid-17082 gallery-columns-5 gallery-size-thumbnail'><figure class='gallery-item'>\n\t\t\t<div class='gallery-icon landscape'>\n\t\t\t\t<a href='https:\/\/centralmedia.rs\/index.php\/2019\/04\/12\/aktivisti-sns-upali-u-paracinsku-skupstinu-opstine\/sns-upad-u-opstinu-1\/'><img loading=\"lazy\" decoding=\"async\" width=\"150\" height=\"150\" src=\"https:\/\/centralmedia.rs\/wp-content\/uploads\/2019\/04\/sns-upad-u-opstinu-1-150x150.jpg\" class=\"attachment-thumbnail size-thumbnail\" alt=\"\" \/><\/a>\n\t\t\t<\/div><\/figure><figure class='gallery-item'>\n\t\t\t<div class='gallery-icon landscape'>\n\t\t\t\t<a href='https:\/\/centralmedia.rs\/index.php\/2019\/04\/12\/aktivisti-sns-upali-u-paracinsku-skupstinu-opstine\/sns-upad-u-opstinu\/'><img loading=\"lazy\" decoding=\"async\" width=\"150\" height=\"150\" src=\"https:\/\/centralmedia.rs\/wp-content\/uploads\/2019\/04\/sns-upad-u-opstinu-150x150.jpg\" class=\"attachment-thumbnail size-thumbnail\" alt=\"\" \/><\/a>\n\t\t\t<\/div><\/figure><figure class='gallery-item'>\n\t\t\t<div class='gallery-icon landscape'>\n\t\t\t\t<a href='https:\/\/centralmedia.rs\/index.php\/2019\/04\/12\/aktivisti-sns-upali-u-paracinsku-skupstinu-opstine\/sns-upad-u-opstinu2\/'><img loading=\"lazy\" decoding=\"async\" width=\"150\" height=\"150\" src=\"https:\/\/centralmedia.rs\/wp-content\/uploads\/2019\/04\/sns-upad-u-opstinu2-150x150.jpg\" class=\"attachment-thumbnail size-thumbnail\" alt=\"\" \/><\/a>\n\t\t\t<\/div><\/figure><figure class='gallery-item'>\n\t\t\t<div class='gallery-icon landscape'>\n\t\t\t\t<a href='https:\/\/centralmedia.rs\/index.php\/2019\/04\/12\/aktivisti-sns-upali-u-paracinsku-skupstinu-opstine\/sns-upad-u-opstinu3\/'><img loading=\"lazy\" decoding=\"async\" width=\"150\" height=\"150\" src=\"https:\/\/centralmedia.rs\/wp-content\/uploads\/2019\/04\/sns-upad-u-opstinu3-150x150.jpg\" class=\"attachment-thumbnail size-thumbnail\" alt=\"\" \/><\/a>\n\t\t\t<\/div><\/figure><figure class='gallery-item'>\n\t\t\t<div class='gallery-icon landscape'>\n\t\t\t\t<a href='https:\/\/centralmedia.rs\/index.php\/2019\/04\/12\/aktivisti-sns-upali-u-paracinsku-skupstinu-opstine\/sns-upad-u-opstinu4\/'><img loading=\"lazy\" decoding=\"async\" width=\"150\" height=\"150\" src=\"https:\/\/centralmedia.rs\/wp-content\/uploads\/2019\/04\/sns-upad-u-opstinu4--150x150.jpg\" class=\"attachment-thumbnail size-thumbnail\" alt=\"\" \/><\/a>\n\t\t\t<\/div><\/figure>\n\t\t<\/div>\n\n<p>Naprednjaci su pro\u0161le godine poku\u0161ali da ,,upadnu&#8221; i prekinu na sednicu SO Para\u0107in, ali zbog obezbe\u0111enja i vi\u0161e prijavljenih gra\u0111ana koji su tako\u0111e \u017eeleli da prisustvuju sednici nisu hteli da \u010dekaju u redu i demonstrativno su se razi\u0161li. Ina\u010de, pro\u0161le godine odbornici su se dva puta izja\u0161njavali o poverenju aktuelnom predsedniku Paunovi\u0107u i u oba navrata on je dobio \u00a0veliku ve\u0107inu glasova za ostanak na toj funkciji.<\/p>\n","protected":false},"excerpt":{"rendered":"<p>PARA\u0106IN- Pedesetak aktivista SNS upalo je oko 14 sati u zgradu op\u0161tine Para\u0107in, trenutno se nalaze u sali koja \u00a0se koristi za sednice Skup\u0161tine op\u0161tine. &hellip; <\/p>\n","protected":false},"author":2,"featured_media":17083,"comment_status":"open","ping_status":"open","sticky":false,"template":"","format":"standard","meta":{"footnotes":""},"categories":[1524,2,1516,13,12],"tags":[156,136,3613,3612],"_links":{"self":[{"href":"https:\/\/centralmedia.rs\/index.php\/wp-json\/wp\/v2\/posts\/17082"}],"collection":[{"href":"https:\/\/centralmedia.rs\/index.php\/wp-json\/wp\/v2\/posts"}],"about":[{"href":"https:\/\/centralmedia.rs\/index.php\/wp-json\/wp\/v2\/types\/post"}],"author":[{"embeddable":true,"href":"https:\/\/centralmedia.rs\/index.php\/wp-json\/wp\/v2\/users\/2"}],"replies":[{"embeddable":true,"href":"https:\/\/centralmedia.rs\/index.php\/wp-json\/wp\/v2\/comments?post=17082"}],"version-history":[{"count":1,"href":"https:\/\/centralmedia.rs\/index.php\/wp-json\/wp\/v2\/posts\/17082\/revisions"}],"predecessor-version":[{"id":17089,"href":"https:\/\/centralmedia.rs\/index.php\/wp-json\/wp\/v2\/posts\/17082\/revisions\/17089"}],"wp:featuredmedia":[{"embeddable":true,"href":"https:\/\/centralmedia.rs\/index.php\/wp-json\/wp\/v2\/media\/17083"}],"wp:attachment":[{"href":"https:\/\/centralmedia.rs\/index.php\/wp-json\/wp\/v2\/media?parent=17082"}],"wp:term":[{"taxonomy":"category","embeddable":true,"href":"https:\/\/centralmedia.rs\/index.php\/wp-json\/wp\/v2\/categories?post=17082"},{"taxonomy":"post_tag","embeddable":true,"href":"https:\/\/centralmedia.rs\/index.php\/wp-json\/wp\/v2\/tags?post=17082"}],"curies":[{"name":"wp","href":"https:\/\/api.w.org\/{rel}","templated":true}]}}