{"id":17092,"date":"2019-04-12T17:35:33","date_gmt":"2019-04-12T17:35:33","guid":{"rendered":"http:\/\/centralmedia.rs\/?p=17092"},"modified":"2019-04-16T06:41:24","modified_gmt":"2019-04-16T06:41:24","slug":"povodom-upada-aktivista-sns-u-zgradu-opstine-vanredna-sednica-so-paracin-odbornici-osudili-nasilniciki-upad-i-zatrazili-sankcije","status":"publish","type":"post","link":"https:\/\/centralmedia.rs\/index.php\/2019\/04\/12\/povodom-upada-aktivista-sns-u-zgradu-opstine-vanredna-sednica-so-paracin-odbornici-osudili-nasilniciki-upad-i-zatrazili-sankcije\/","title":{"rendered":"POVODOM UPADA AKTIVISTA SNS U ZGRADU OP\u0160TINE VANREDNA SEDNICA SO PARA\u0106IN &#8211; ODBORNICI OSUDILI NASILNI\u010cIKI UPAD I ZATRA\u017dILI SANKCIJE"},"content":{"rendered":"<p>PARA\u0106IN- Posle upada pedesetak aktivista lokalnog SNS u zgradu Op\u0161tinske uprave u Para\u0107inu, odr\u017eana je vandredna sednica SO na kojoj je usvojen zaklju\u010dak u kome osu\u0111uje nezakonit upad aktivista te partije bez prijave skupa nadle\u017enoj Policijskoj stanici u cilju opstrukcije rada organa op\u0161tine, a \u0161to je prouzrokovalo ometanje rada organa op\u0161tine, dok su gra\u0111ani onemogu\u0107eni da ostvare svoja prava.<\/p>\n<div id='gallery-1' class='gallery galleryid-17092 gallery-columns-2 gallery-size-full'><figure class='gallery-item'>\n\t\t\t<div class='gallery-icon landscape'>\n\t\t\t\t<a href='https:\/\/centralmedia.rs\/index.php\/2019\/04\/12\/povodom-upada-aktivista-sns-u-zgradu-opstine-vanredna-sednica-so-paracin-odbornici-osudili-nasilniciki-upad-i-zatrazili-sankcije\/upad2\/'><img loading=\"lazy\" decoding=\"async\" width=\"1280\" height=\"960\" src=\"https:\/\/centralmedia.rs\/wp-content\/uploads\/2019\/04\/upad2.jpg\" class=\"attachment-full size-full\" alt=\"\" srcset=\"https:\/\/centralmedia.rs\/wp-content\/uploads\/2019\/04\/upad2.jpg 1280w, https:\/\/centralmedia.rs\/wp-content\/uploads\/2019\/04\/upad2-300x225.jpg 300w, https:\/\/centralmedia.rs\/wp-content\/uploads\/2019\/04\/upad2-768x576.jpg 768w, https:\/\/centralmedia.rs\/wp-content\/uploads\/2019\/04\/upad2-1024x768.jpg 1024w, https:\/\/centralmedia.rs\/wp-content\/uploads\/2019\/04\/upad2-560x420.jpg 560w, https:\/\/centralmedia.rs\/wp-content\/uploads\/2019\/04\/upad2-80x60.jpg 80w, https:\/\/centralmedia.rs\/wp-content\/uploads\/2019\/04\/upad2-100x75.jpg 100w, https:\/\/centralmedia.rs\/wp-content\/uploads\/2019\/04\/upad2-180x135.jpg 180w, https:\/\/centralmedia.rs\/wp-content\/uploads\/2019\/04\/upad2-238x178.jpg 238w, https:\/\/centralmedia.rs\/wp-content\/uploads\/2019\/04\/upad2-640x480.jpg 640w, https:\/\/centralmedia.rs\/wp-content\/uploads\/2019\/04\/upad2-681x511.jpg 681w\" sizes=\"(max-width: 1280px) 100vw, 1280px\" \/><\/a>\n\t\t\t<\/div><\/figure><figure class='gallery-item'>\n\t\t\t<div class='gallery-icon landscape'>\n\t\t\t\t<a href='https:\/\/centralmedia.rs\/index.php\/2019\/04\/12\/povodom-upada-aktivista-sns-u-zgradu-opstine-vanredna-sednica-so-paracin-odbornici-osudili-nasilniciki-upad-i-zatrazili-sankcije\/upad11\/'><img loading=\"lazy\" decoding=\"async\" width=\"1280\" height=\"960\" src=\"https:\/\/centralmedia.rs\/wp-content\/uploads\/2019\/04\/upad11.jpg\" class=\"attachment-full size-full\" alt=\"\" srcset=\"https:\/\/centralmedia.rs\/wp-content\/uploads\/2019\/04\/upad11.jpg 1280w, https:\/\/centralmedia.rs\/wp-content\/uploads\/2019\/04\/upad11-300x225.jpg 300w, https:\/\/centralmedia.rs\/wp-content\/uploads\/2019\/04\/upad11-768x576.jpg 768w, https:\/\/centralmedia.rs\/wp-content\/uploads\/2019\/04\/upad11-1024x768.jpg 1024w, https:\/\/centralmedia.rs\/wp-content\/uploads\/2019\/04\/upad11-560x420.jpg 560w, https:\/\/centralmedia.rs\/wp-content\/uploads\/2019\/04\/upad11-80x60.jpg 80w, https:\/\/centralmedia.rs\/wp-content\/uploads\/2019\/04\/upad11-100x75.jpg 100w, https:\/\/centralmedia.rs\/wp-content\/uploads\/2019\/04\/upad11-180x135.jpg 180w, https:\/\/centralmedia.rs\/wp-content\/uploads\/2019\/04\/upad11-238x178.jpg 238w, https:\/\/centralmedia.rs\/wp-content\/uploads\/2019\/04\/upad11-640x480.jpg 640w, https:\/\/centralmedia.rs\/wp-content\/uploads\/2019\/04\/upad11-681x511.jpg 681w\" sizes=\"(max-width: 1280px) 100vw, 1280px\" \/><\/a>\n\t\t\t<\/div><\/figure>\n\t\t<\/div>\n\n<p>&#8211; Skup\u0161tina tra\u017ei od na\u010delnika op\u0161tinskih uprava da podnesu prijave nadle\u017enim organima zbog kr\u0161enja propisa o javnom redu, miru i okupljanju gra\u0111ana, te spe\u010davanju lokalnih slu\u017ebi da obavljaju svoje redovne poslove, kako bi se predupredile budu\u0107e mogu\u0107e nasilne akcije aktivista SNS, stoji u usvojenom zaklju\u010dku.<\/p>\n<p>Skup\u0161tina je podsetila na pro\u0161logodi\u0161nja doga\u0111anja, kada su aktivisti SNS poku\u0161ali da nasilno prekinu sednicu SO u nameri da onemogu\u0107e rad odbornika i izbace ih iz sale, kako bi se stekli uslovi za uvo\u0111enje privremenih mera zbog nemogu\u0107nosti odr\u017eavanja sednica. Zbog toga su podnete prijave nadle\u017enim organima.<\/p>\n<p>Odbornici Nemanja Jovanovi\u0107 iz Sigurno napred za Para\u0107in, Ljubi\u0161a Raji\u0107 iz Svi za Para\u0107in i Jovica Raji\u0107 \u00a0iz Samostalnih naprednjaka, Svetislav Mladenovi\u0107 osudili su upad aktivista SNS u zgradu Op\u0161tinske uprave bez prijave javnog skupa u Policijskoj stanici, te su apelovali nad r\u017evne organe da sankcioni\u0161u nasuilni\u010dko \u00a0pona\u0161anje aktivista i lidera SNS.<\/p>\n","protected":false},"excerpt":{"rendered":"<p>PARA\u0106IN- Posle upada pedesetak aktivista lokalnog SNS u zgradu Op\u0161tinske uprave u Para\u0107inu, odr\u017eana je vandredna sednica SO na kojoj je usvojen zaklju\u010dak u kome &hellip; <\/p>\n","protected":false},"author":2,"featured_media":17093,"comment_status":"open","ping_status":"open","sticky":false,"template":"","format":"standard","meta":{"footnotes":""},"categories":[1524,2,1516,13,887,12],"tags":[3615,1973,3612],"_links":{"self":[{"href":"https:\/\/centralmedia.rs\/index.php\/wp-json\/wp\/v2\/posts\/17092"}],"collection":[{"href":"https:\/\/centralmedia.rs\/index.php\/wp-json\/wp\/v2\/posts"}],"about":[{"href":"https:\/\/centralmedia.rs\/index.php\/wp-json\/wp\/v2\/types\/post"}],"author":[{"embeddable":true,"href":"https:\/\/centralmedia.rs\/index.php\/wp-json\/wp\/v2\/users\/2"}],"replies":[{"embeddable":true,"href":"https:\/\/centralmedia.rs\/index.php\/wp-json\/wp\/v2\/comments?post=17092"}],"version-history":[{"count":2,"href":"https:\/\/centralmedia.rs\/index.php\/wp-json\/wp\/v2\/posts\/17092\/revisions"}],"predecessor-version":[{"id":17097,"href":"https:\/\/centralmedia.rs\/index.php\/wp-json\/wp\/v2\/posts\/17092\/revisions\/17097"}],"wp:featuredmedia":[{"embeddable":true,"href":"https:\/\/centralmedia.rs\/index.php\/wp-json\/wp\/v2\/media\/17093"}],"wp:attachment":[{"href":"https:\/\/centralmedia.rs\/index.php\/wp-json\/wp\/v2\/media?parent=17092"}],"wp:term":[{"taxonomy":"category","embeddable":true,"href":"https:\/\/centralmedia.rs\/index.php\/wp-json\/wp\/v2\/categories?post=17092"},{"taxonomy":"post_tag","embeddable":true,"href":"https:\/\/centralmedia.rs\/index.php\/wp-json\/wp\/v2\/tags?post=17092"}],"curies":[{"name":"wp","href":"https:\/\/api.w.org\/{rel}","templated":true}]}}