{"id":17098,"date":"2019-04-12T18:09:38","date_gmt":"2019-04-12T18:09:38","guid":{"rendered":"http:\/\/centralmedia.rs\/?p=17098"},"modified":"2019-04-13T13:15:17","modified_gmt":"2019-04-13T13:15:17","slug":"aktivisti-sns-koji-su-upali-u-so-paracin-nemaju-zahteve-paunovic-mogu-da-sede-spavaju-strajkju-gladu","status":"publish","type":"post","link":"https:\/\/centralmedia.rs\/index.php\/2019\/04\/12\/aktivisti-sns-koji-su-upali-u-so-paracin-nemaju-zahteve-paunovic-mogu-da-sede-spavaju-strajkju-gladu\/","title":{"rendered":"AKTIVISTI SNS KOJI SU UPALI U SO PARA\u0106IN NEMAJU ZAHTEVE &#8211; PAUNOVI\u0106: MOGU DA SEDE, SPAVAJU, \u0160TRAJKJU GLA\u0110U&#8230;"},"content":{"rendered":"<p>PARA\u0106IN- Povodom dana\u0161njeg upada aktivista SNS u zgradu Op\u0161tinske uprave u Para\u0107inu oglasili su se predsednik op\u0161tine Sa\u0161a Paunovi\u0107 i SO Dragan Miti\u0107.<\/p>\n<p>&#8211; Aktivisti SNS su u\u0161li u Predsedni\u0161tvo i zauzeli salu gde se odr\u017eavaju sednice SO, \u0161to nije sporno jer su ovo javne prostorije, ali je previ\u0161e ljudi da bi moglo da se radi. Nemamo zahteve od njih i ne znamo za\u0161to su do\u0161li ovde, osim politi\u010dkog performansa. Ovo razumem kao poziv aktivistima opozicije da na isti na\u010din sutra u\u0111u u prostorije Vlade Srbije i skup\u0161tina Srbije i Beograda da na isti na\u010din iska\u017eu svoj politi\u010dki protest, ka\u017ee Paunovi\u0107.<\/p>\n<p>On je rekao da su predstavnici SNS poslu\u017eeni sokom i kafom, kao i da u op\u0161tini mogu da sede, spavaju ili \u0161trajkuju gla\u0111u&#8230;<\/p>\n<p>-Na isti na\u010din o\u010dekujem da sutra na bude policijskog obezebe\u0111enja u Vladi Srbije i skup\u0161tinama Srbije i Beograda, da politi\u010dki aktivisti mogu da prave politi\u010dke performanse. Radi\u0107emo bez obzira na radno vreme. Ukoliko bude nekih zahteva lokalne opozicije obavesti\u0107u javnost. Za sad samo sede, obja\u0161njava Paunovi\u0107.<\/p>\n<p>Predsednik SO Dragan Miti\u0107 isti\u010de da je re\u010d o radnicima i rukovodiocima privatnog preduze\u0107a Eurolin, koji su do\u0161li u op\u0161tinu da izraze svoje negodovanje jer nemaju vi\u0161e subvenciju do 15. miliona iz bud\u017eeta op\u0161tine.<\/p>\n<p>&#8211; Ve\u0107 drugu godinu odbornici izglasavaju bud\u017eet u kome nema sredstava za subvencije za Eurolin, jer odbornici smatraju da op\u0161tina ne treba da subvencioni\u0161e privatno preduze\u0107e, kao \u0161to ne subvencioni\u0161e ni preduze\u0107a \u010diji je osniva\u010d, recimo JP Vodovod ili JKP Para\u0107in koja su od vitalne va\u017enosti za gra\u0111ane. Odbornci smatraju da iz cene karte mogu da se izdr\u017eavaju. Verovatno su to nezadovoljstvo zaposlenih u Eurolin \u00a0iskoristili iz SNS. Imamo haoti\u010dnu situaciju, odnosno ne znamo gde se zavr\u0161ava Eurolin, a gde se po\u010dinje SNS i obrnuto. Imamo rukovodstvo, vlasnike, radnike Eurolin, pojedine odbornike SNS i onda se sve to stapa u jedan zahtev za novcem iz bud\u017eeta prema Eurolin. Poku\u0161ao sam da pozovem i primim u kancelariju vo\u0111e tzv. protesta da iznesu zahteve, nisu \u017eeleli da u\u0111u i razgovaraju. Ne znamo \u0161ta je razlog za upad u op\u0161tinu. Atmosfera je potpuno prijateljska, ali nisu \u017eeleli da razgovaraju sa nama, isti\u010de Miti\u0107.<\/p>\n","protected":false},"excerpt":{"rendered":"<p>PARA\u0106IN- Povodom dana\u0161njeg upada aktivista SNS u zgradu Op\u0161tinske uprave u Para\u0107inu oglasili su se predsednik op\u0161tine Sa\u0161a Paunovi\u0107 i SO Dragan Miti\u0107. &#8211; Aktivisti &hellip; <\/p>\n","protected":false},"author":2,"featured_media":17099,"comment_status":"open","ping_status":"open","sticky":false,"template":"","format":"standard","meta":{"footnotes":""},"categories":[1524,2,1516,13,887,12],"tags":[3616,3618,552,3617],"_links":{"self":[{"href":"https:\/\/centralmedia.rs\/index.php\/wp-json\/wp\/v2\/posts\/17098"}],"collection":[{"href":"https:\/\/centralmedia.rs\/index.php\/wp-json\/wp\/v2\/posts"}],"about":[{"href":"https:\/\/centralmedia.rs\/index.php\/wp-json\/wp\/v2\/types\/post"}],"author":[{"embeddable":true,"href":"https:\/\/centralmedia.rs\/index.php\/wp-json\/wp\/v2\/users\/2"}],"replies":[{"embeddable":true,"href":"https:\/\/centralmedia.rs\/index.php\/wp-json\/wp\/v2\/comments?post=17098"}],"version-history":[{"count":4,"href":"https:\/\/centralmedia.rs\/index.php\/wp-json\/wp\/v2\/posts\/17098\/revisions"}],"predecessor-version":[{"id":17117,"href":"https:\/\/centralmedia.rs\/index.php\/wp-json\/wp\/v2\/posts\/17098\/revisions\/17117"}],"wp:featuredmedia":[{"embeddable":true,"href":"https:\/\/centralmedia.rs\/index.php\/wp-json\/wp\/v2\/media\/17099"}],"wp:attachment":[{"href":"https:\/\/centralmedia.rs\/index.php\/wp-json\/wp\/v2\/media?parent=17098"}],"wp:term":[{"taxonomy":"category","embeddable":true,"href":"https:\/\/centralmedia.rs\/index.php\/wp-json\/wp\/v2\/categories?post=17098"},{"taxonomy":"post_tag","embeddable":true,"href":"https:\/\/centralmedia.rs\/index.php\/wp-json\/wp\/v2\/tags?post=17098"}],"curies":[{"name":"wp","href":"https:\/\/api.w.org\/{rel}","templated":true}]}}