{"id":17103,"date":"2019-04-12T18:29:09","date_gmt":"2019-04-12T18:29:09","guid":{"rendered":"http:\/\/centralmedia.rs\/?p=17103"},"modified":"2019-04-16T06:42:38","modified_gmt":"2019-04-16T06:42:38","slug":"maturantkinja-masa-petrovic-druga-na-nacionalnom-takmicenju-iz-spanskog-jezika-treci-iz-engleskog-danilo-milenkovic","status":"publish","type":"post","link":"https:\/\/centralmedia.rs\/index.php\/2019\/04\/12\/maturantkinja-masa-petrovic-druga-na-nacionalnom-takmicenju-iz-spanskog-jezika-treci-iz-engleskog-danilo-milenkovic\/","title":{"rendered":"Maturantkinja Ma\u0161a Petrovi\u0107 druga na nacionalnom takmi\u010denju iz \u0161panskog jezika, tre\u0107i iz engleskog Danilo Milenkovi\u0107"},"content":{"rendered":"<p>JAGODINA- Maturantkinja jagodinske Gimnazije Ma\u0161a Petrovi\u0107 osvojila je drugo mesto na dr\u017eavnom takmi\u010denju iz \u0161panskog jezika,predmetni profesor Tanja Todosijevi\u0107, dok je tre\u0107i iz engelskog bio Danilo Milenkovi\u0107, predmetni nastavnik Danijela Veljkovi\u0107.<\/p>\n<div id='gallery-1' class='gallery galleryid-17103 gallery-columns-3 gallery-size-full'><figure class='gallery-item'>\n\t\t\t<div class='gallery-icon landscape'>\n\t\t\t\t<a href='https:\/\/centralmedia.rs\/index.php\/2019\/04\/12\/maturantkinja-masa-petrovic-druga-na-nacionalnom-takmicenju-iz-spanskog-jezika-treci-iz-engleskog-danilo-milenkovic\/2-24\/'><img loading=\"lazy\" decoding=\"async\" width=\"960\" height=\"720\" src=\"https:\/\/centralmedia.rs\/wp-content\/uploads\/2019\/04\/2.jpg\" class=\"attachment-full size-full\" alt=\"\" srcset=\"https:\/\/centralmedia.rs\/wp-content\/uploads\/2019\/04\/2.jpg 960w, https:\/\/centralmedia.rs\/wp-content\/uploads\/2019\/04\/2-300x225.jpg 300w, https:\/\/centralmedia.rs\/wp-content\/uploads\/2019\/04\/2-768x576.jpg 768w, https:\/\/centralmedia.rs\/wp-content\/uploads\/2019\/04\/2-560x420.jpg 560w, https:\/\/centralmedia.rs\/wp-content\/uploads\/2019\/04\/2-80x60.jpg 80w, https:\/\/centralmedia.rs\/wp-content\/uploads\/2019\/04\/2-100x75.jpg 100w, https:\/\/centralmedia.rs\/wp-content\/uploads\/2019\/04\/2-180x135.jpg 180w, https:\/\/centralmedia.rs\/wp-content\/uploads\/2019\/04\/2-238x178.jpg 238w, https:\/\/centralmedia.rs\/wp-content\/uploads\/2019\/04\/2-640x480.jpg 640w, https:\/\/centralmedia.rs\/wp-content\/uploads\/2019\/04\/2-681x511.jpg 681w\" sizes=\"(max-width: 960px) 100vw, 960px\" \/><\/a>\n\t\t\t<\/div><\/figure><figure class='gallery-item'>\n\t\t\t<div class='gallery-icon landscape'>\n\t\t\t\t<a href='https:\/\/centralmedia.rs\/index.php\/2019\/04\/12\/maturantkinja-masa-petrovic-druga-na-nacionalnom-takmicenju-iz-spanskog-jezika-treci-iz-engleskog-danilo-milenkovic\/img_3503\/'><img loading=\"lazy\" decoding=\"async\" width=\"960\" height=\"720\" src=\"https:\/\/centralmedia.rs\/wp-content\/uploads\/2019\/04\/IMG_3503.jpg\" class=\"attachment-full size-full\" alt=\"\" srcset=\"https:\/\/centralmedia.rs\/wp-content\/uploads\/2019\/04\/IMG_3503.jpg 960w, https:\/\/centralmedia.rs\/wp-content\/uploads\/2019\/04\/IMG_3503-300x225.jpg 300w, https:\/\/centralmedia.rs\/wp-content\/uploads\/2019\/04\/IMG_3503-768x576.jpg 768w, https:\/\/centralmedia.rs\/wp-content\/uploads\/2019\/04\/IMG_3503-560x420.jpg 560w, https:\/\/centralmedia.rs\/wp-content\/uploads\/2019\/04\/IMG_3503-80x60.jpg 80w, https:\/\/centralmedia.rs\/wp-content\/uploads\/2019\/04\/IMG_3503-100x75.jpg 100w, https:\/\/centralmedia.rs\/wp-content\/uploads\/2019\/04\/IMG_3503-180x135.jpg 180w, https:\/\/centralmedia.rs\/wp-content\/uploads\/2019\/04\/IMG_3503-238x178.jpg 238w, https:\/\/centralmedia.rs\/wp-content\/uploads\/2019\/04\/IMG_3503-640x480.jpg 640w, https:\/\/centralmedia.rs\/wp-content\/uploads\/2019\/04\/IMG_3503-681x511.jpg 681w\" sizes=\"(max-width: 960px) 100vw, 960px\" \/><\/a>\n\t\t\t<\/div><\/figure><figure class='gallery-item'>\n\t\t\t<div class='gallery-icon landscape'>\n\t\t\t\t<a href='https:\/\/centralmedia.rs\/index.php\/2019\/04\/12\/maturantkinja-masa-petrovic-druga-na-nacionalnom-takmicenju-iz-spanskog-jezika-treci-iz-engleskog-danilo-milenkovic\/1-1-6\/'><img loading=\"lazy\" decoding=\"async\" width=\"960\" height=\"720\" src=\"https:\/\/centralmedia.rs\/wp-content\/uploads\/2019\/04\/1-1.jpg\" class=\"attachment-full size-full\" alt=\"\" srcset=\"https:\/\/centralmedia.rs\/wp-content\/uploads\/2019\/04\/1-1.jpg 960w, https:\/\/centralmedia.rs\/wp-content\/uploads\/2019\/04\/1-1-300x225.jpg 300w, https:\/\/centralmedia.rs\/wp-content\/uploads\/2019\/04\/1-1-768x576.jpg 768w, https:\/\/centralmedia.rs\/wp-content\/uploads\/2019\/04\/1-1-560x420.jpg 560w, https:\/\/centralmedia.rs\/wp-content\/uploads\/2019\/04\/1-1-80x60.jpg 80w, https:\/\/centralmedia.rs\/wp-content\/uploads\/2019\/04\/1-1-100x75.jpg 100w, https:\/\/centralmedia.rs\/wp-content\/uploads\/2019\/04\/1-1-180x135.jpg 180w, https:\/\/centralmedia.rs\/wp-content\/uploads\/2019\/04\/1-1-238x178.jpg 238w, https:\/\/centralmedia.rs\/wp-content\/uploads\/2019\/04\/1-1-640x480.jpg 640w, https:\/\/centralmedia.rs\/wp-content\/uploads\/2019\/04\/1-1-681x511.jpg 681w\" sizes=\"(max-width: 960px) 100vw, 960px\" \/><\/a>\n\t\t\t<\/div><\/figure>\n\t\t<\/div>\n\n<p>U\u010denici su samim plasmanom sebi obezbedili polo\u017een prijemni ispit iz pomenutih predmeta ukoliko budu \u017eeleli da upi\u0161u studije za ove jezike. Predstavnici \u0161kole su im \u010destitali na zna\u010dajnim uspesima, kao i predmetnim profesorima.<\/p>\n<p>Dr\u017eavno takmi\u010denje iz\u00a0 stranih\u00a0 jezika za u\u010denike srednjih \u0161kola odr\u017eano je 6. i 7. aprila u Beogradu. Doma\u0107ini su bili, za engleski jezik \u010cetrnaesta beogradska gimnazija i za ostale jezike\u00a0 Sportska gimnazija.<\/p>\n<p>&nbsp;<\/p>\n","protected":false},"excerpt":{"rendered":"<p>JAGODINA- Maturantkinja jagodinske Gimnazije Ma\u0161a Petrovi\u0107 osvojila je drugo mesto na dr\u017eavnom takmi\u010denju iz \u0161panskog jezika,predmetni profesor Tanja Todosijevi\u0107, dok je tre\u0107i iz engelskog bio &hellip; <\/p>\n","protected":false},"author":2,"featured_media":17104,"comment_status":"open","ping_status":"open","sticky":false,"template":"","format":"standard","meta":{"footnotes":""},"categories":[1524,2,1514,23,30],"tags":[3620,224,58,3619,3621],"_links":{"self":[{"href":"https:\/\/centralmedia.rs\/index.php\/wp-json\/wp\/v2\/posts\/17103"}],"collection":[{"href":"https:\/\/centralmedia.rs\/index.php\/wp-json\/wp\/v2\/posts"}],"about":[{"href":"https:\/\/centralmedia.rs\/index.php\/wp-json\/wp\/v2\/types\/post"}],"author":[{"embeddable":true,"href":"https:\/\/centralmedia.rs\/index.php\/wp-json\/wp\/v2\/users\/2"}],"replies":[{"embeddable":true,"href":"https:\/\/centralmedia.rs\/index.php\/wp-json\/wp\/v2\/comments?post=17103"}],"version-history":[{"count":1,"href":"https:\/\/centralmedia.rs\/index.php\/wp-json\/wp\/v2\/posts\/17103\/revisions"}],"predecessor-version":[{"id":17107,"href":"https:\/\/centralmedia.rs\/index.php\/wp-json\/wp\/v2\/posts\/17103\/revisions\/17107"}],"wp:featuredmedia":[{"embeddable":true,"href":"https:\/\/centralmedia.rs\/index.php\/wp-json\/wp\/v2\/media\/17104"}],"wp:attachment":[{"href":"https:\/\/centralmedia.rs\/index.php\/wp-json\/wp\/v2\/media?parent=17103"}],"wp:term":[{"taxonomy":"category","embeddable":true,"href":"https:\/\/centralmedia.rs\/index.php\/wp-json\/wp\/v2\/categories?post=17103"},{"taxonomy":"post_tag","embeddable":true,"href":"https:\/\/centralmedia.rs\/index.php\/wp-json\/wp\/v2\/tags?post=17103"}],"curies":[{"name":"wp","href":"https:\/\/api.w.org\/{rel}","templated":true}]}}