{"id":17118,"date":"2019-04-13T12:06:30","date_gmt":"2019-04-13T12:06:30","guid":{"rendered":"http:\/\/centralmedia.rs\/?p=17118"},"modified":"2019-04-15T12:36:12","modified_gmt":"2019-04-15T12:36:12","slug":"haoticna-situacija-u-paracinu-poverenistvo-sns-organizuje-protestne-skupove-nekoliko-odbornika-sns-prenocilo-opstine-predsednik-opstine-sasa-paunovic-demantuje-naprednjake-i-kaze-da-se-emituju-n","status":"publish","type":"post","link":"https:\/\/centralmedia.rs\/index.php\/2019\/04\/13\/haoticna-situacija-u-paracinu-poverenistvo-sns-organizuje-protestne-skupove-nekoliko-odbornika-sns-prenocilo-opstine-predsednik-opstine-sasa-paunovic-demantuje-naprednjake-i-kaze-da-se-emituju-n\/","title":{"rendered":"HAOTI\u010cNA  SITUACIJA U PARA\u0106INU: Povereni\u0161tvo SNS organizuje protestne skupove, nekoliko odbornika SNS preno\u0107ilo u op\u0161tini, predsednik op\u0161tine Sa\u0161a Paunovi\u0107 demantuje naprednjake i ka\u017ee da se emituju ,,najneverovatnije la\u017ei&#8221;, otpu\u0161teni radnici Staklare najavili po\u010detak \u0161trajka gla\u0111u"},"content":{"rendered":"<p>PARA\u0106IN- Haoti\u010dna situacija u Para\u0107inu traje ve\u0107 24 sata. Od ju\u010dera\u0161njeg upada pedesetak aktivista SNS u zgradu Op\u0161tinske uprave incidenti i provokacije ,,niskog&#8221; inteziteta se re\u0111aju kao na traci. Nekoliko odbornika SNS je preno\u0107ilo u op\u0161tini i jo\u0161 uvek su tamo. U zgradi su i op\u0161tinski slu\u017ebenici, kako bi se obezbedio red u zgradi. Op\u0161tina zvani\u010dno ne radi za gra\u0111ane do ponedeljka u 7.30. Aktivisti i povernici SNS organizovali su tokom no\u0107i i prepodneva \u00a0nekoliko protestnih skupova isped ulaza u zgradu Op\u0161tine, iako nisu prijavili policiji javni skup.<\/p>\n<div id='gallery-1' class='gallery galleryid-17118 gallery-columns-3 gallery-size-full'><figure class='gallery-item'>\n\t\t\t<div class='gallery-icon landscape'>\n\t\t\t\t<a href='https:\/\/centralmedia.rs\/index.php\/2019\/04\/13\/haoticna-situacija-u-paracinu-poverenistvo-sns-organizuje-protestne-skupove-nekoliko-odbornika-sns-prenocilo-opstine-predsednik-opstine-sasa-paunovic-demantuje-naprednjake-i-kaze-da-se-emituju-n\/sns-5\/'><img loading=\"lazy\" decoding=\"async\" width=\"1280\" height=\"622\" src=\"https:\/\/centralmedia.rs\/wp-content\/uploads\/2019\/04\/sns-1.jpg\" class=\"attachment-full size-full\" alt=\"\" srcset=\"https:\/\/centralmedia.rs\/wp-content\/uploads\/2019\/04\/sns-1.jpg 1280w, https:\/\/centralmedia.rs\/wp-content\/uploads\/2019\/04\/sns-1-300x146.jpg 300w, https:\/\/centralmedia.rs\/wp-content\/uploads\/2019\/04\/sns-1-768x373.jpg 768w, https:\/\/centralmedia.rs\/wp-content\/uploads\/2019\/04\/sns-1-1024x498.jpg 1024w, https:\/\/centralmedia.rs\/wp-content\/uploads\/2019\/04\/sns-1-864x420.jpg 864w, https:\/\/centralmedia.rs\/wp-content\/uploads\/2019\/04\/sns-1-640x311.jpg 640w, https:\/\/centralmedia.rs\/wp-content\/uploads\/2019\/04\/sns-1-681x331.jpg 681w\" sizes=\"(max-width: 1280px) 100vw, 1280px\" \/><\/a>\n\t\t\t<\/div><\/figure><figure class='gallery-item'>\n\t\t\t<div class='gallery-icon landscape'>\n\t\t\t\t<a href='https:\/\/centralmedia.rs\/index.php\/2019\/04\/13\/haoticna-situacija-u-paracinu-poverenistvo-sns-organizuje-protestne-skupove-nekoliko-odbornika-sns-prenocilo-opstine-predsednik-opstine-sasa-paunovic-demantuje-naprednjake-i-kaze-da-se-emituju-n\/sns1\/'><img loading=\"lazy\" decoding=\"async\" width=\"1280\" height=\"622\" src=\"https:\/\/centralmedia.rs\/wp-content\/uploads\/2019\/04\/sns1.jpg\" class=\"attachment-full size-full\" alt=\"\" srcset=\"https:\/\/centralmedia.rs\/wp-content\/uploads\/2019\/04\/sns1.jpg 1280w, https:\/\/centralmedia.rs\/wp-content\/uploads\/2019\/04\/sns1-300x146.jpg 300w, https:\/\/centralmedia.rs\/wp-content\/uploads\/2019\/04\/sns1-768x373.jpg 768w, https:\/\/centralmedia.rs\/wp-content\/uploads\/2019\/04\/sns1-1024x498.jpg 1024w, https:\/\/centralmedia.rs\/wp-content\/uploads\/2019\/04\/sns1-864x420.jpg 864w, https:\/\/centralmedia.rs\/wp-content\/uploads\/2019\/04\/sns1-640x311.jpg 640w, https:\/\/centralmedia.rs\/wp-content\/uploads\/2019\/04\/sns1-681x331.jpg 681w\" sizes=\"(max-width: 1280px) 100vw, 1280px\" \/><\/a>\n\t\t\t<\/div><\/figure><figure class='gallery-item'>\n\t\t\t<div class='gallery-icon landscape'>\n\t\t\t\t<a href='https:\/\/centralmedia.rs\/index.php\/2019\/04\/13\/haoticna-situacija-u-paracinu-poverenistvo-sns-organizuje-protestne-skupove-nekoliko-odbornika-sns-prenocilo-opstine-predsednik-opstine-sasa-paunovic-demantuje-naprednjake-i-kaze-da-se-emituju-n\/sns2\/'><img loading=\"lazy\" decoding=\"async\" width=\"1280\" height=\"622\" src=\"https:\/\/centralmedia.rs\/wp-content\/uploads\/2019\/04\/sns2.jpg\" class=\"attachment-full size-full\" alt=\"\" srcset=\"https:\/\/centralmedia.rs\/wp-content\/uploads\/2019\/04\/sns2.jpg 1280w, https:\/\/centralmedia.rs\/wp-content\/uploads\/2019\/04\/sns2-300x146.jpg 300w, https:\/\/centralmedia.rs\/wp-content\/uploads\/2019\/04\/sns2-768x373.jpg 768w, https:\/\/centralmedia.rs\/wp-content\/uploads\/2019\/04\/sns2-1024x498.jpg 1024w, https:\/\/centralmedia.rs\/wp-content\/uploads\/2019\/04\/sns2-864x420.jpg 864w, https:\/\/centralmedia.rs\/wp-content\/uploads\/2019\/04\/sns2-640x311.jpg 640w, https:\/\/centralmedia.rs\/wp-content\/uploads\/2019\/04\/sns2-681x331.jpg 681w\" sizes=\"(max-width: 1280px) 100vw, 1280px\" \/><\/a>\n\t\t\t<\/div><\/figure>\n\t\t<\/div>\n\n<p>&#8211; Odbornici SNS u svakom trenutku mogu da napuste zgardu, nisu zaklju\u010dani u nekakvoj prostoriji, nismo ih ni zvali da do\u0111u, do\u0161li su sami. U sali mogu da sede dok god \u017eele, mogu da napuste zgradu kada god \u017eele, slobodni su ljudi i nisu pod klju\u010dem. Ta\u010dno je da niko, ko nije ovla\u0161\u0107eno lice, ne mo\u017ee da u\u0111e u zgradu. Ne postoji skup\u0161tinska aktivnost pa ni drugi odbornici ne moraju da dolaze. O\u010dekujem nove provokacije SNS, nove performasne kakvi su bili tokom no\u0107i, to je deo njihove politi\u010dke borbe. Oni navodno ,,\u010duvaju&#8221; institucije da ne do\u0111e do promene volje gra\u0111ana. Ovde je volja gra\u0111ana da SNS nije na vlasti u lokalnoj samoupravi, te oni ometaju rad lokalne samouprave. To nije nedozvoljeno, ali jeste neprimereno jer SNS ima vlast u \u010ditavoj dr\u017eavi, ka\u017ee predsednik te op\u0161tine Sa\u0161a Paunovi\u0107<\/p>\n<p>Aktivisti opozicione SNS su po\u010deli protestna okupljanja ispred zgrade op\u0161tine Para\u0107in ju\u010de oko 19 sati, kada im se obratio Milenko Jovanov, potpredsednik SNS. Me\u0111utim, skupu su se pridru\u017eili otpu\u0161teni radnici Srpske fabrike stakla i izvi\u017edali ga jer nisu dobili odgovor na pitanje za\u0161to jo\u0161 uvek nisu vra\u0107eni na posao, iako je Apelacioni privredni sud u Beogradu doneo odluku da je ste\u010daj odba\u010den.<\/p>\n<p>&#8211;\u00a0S obzirom na to da smo godinu i po dana molili da neko do\u0111e iz Beograda i ka\u017ee kako mogu da pomognu nama, otpu\u0161tenima, do\u0161li smo po odgovor sada, od funkcionera za kog smo \u010duli da dolazi, da ga pitamo da li je do\u0161ao da pomogne SFS jer je ste\u010daj odba\u010den i trebalo je da ve\u0107 budemo vra\u0107eni na posao, rekla je Vesna Simi\u0107, jedna od otpu\u0161tenih, nazvav\u0161i to ,,nasiljem nad radnicima od strane Pu\u0161ice, Svetozara Crnogorca i direktora SFS Bogdanovi\u0107a\u201d. Otpu\u0161teni radnici SFS sino\u0107 su ispred tog preduze\u0107a odr\u017eali protest upozorenja\u00a0 pod nazivom ,,5do24&#8243; i najavili da slede\u0107eg petka u 14 sati po\u010dinju \u0161trajk gla\u0111u.<\/p>\n<p><img loading=\"lazy\" decoding=\"async\" class=\"alignnone wp-image-17122 size-large\" src=\"http:\/\/centralmedia.rs\/wp-content\/uploads\/2019\/04\/sfs-1024x498.jpg\" alt=\"\" width=\"640\" height=\"311\" srcset=\"https:\/\/centralmedia.rs\/wp-content\/uploads\/2019\/04\/sfs-1024x498.jpg 1024w, https:\/\/centralmedia.rs\/wp-content\/uploads\/2019\/04\/sfs-300x146.jpg 300w, https:\/\/centralmedia.rs\/wp-content\/uploads\/2019\/04\/sfs-768x373.jpg 768w, https:\/\/centralmedia.rs\/wp-content\/uploads\/2019\/04\/sfs-864x420.jpg 864w, https:\/\/centralmedia.rs\/wp-content\/uploads\/2019\/04\/sfs-640x311.jpg 640w, https:\/\/centralmedia.rs\/wp-content\/uploads\/2019\/04\/sfs-681x331.jpg 681w, https:\/\/centralmedia.rs\/wp-content\/uploads\/2019\/04\/sfs.jpg 1280w\" sizes=\"(max-width: 640px) 100vw, 640px\" \/><\/p>\n<p>Posle obra\u0107anja Jovanova, u zgradi Op\u0161tine Para\u0107in jo\u0161 uvek je ostalo nekoliko odbornika SNS. Aktivisti i poverenici SNS poku\u0161avali su tokom no\u0107i u vi\u0161e navrata da u\u0111u u zgradu op\u0161tine, intervenisala je Hitna pomo\u0107 jer je jednom od odbornika pripala muka. Op\u0161tinski odbor SNS Para\u0107in saop\u0161tio je da je ,,predsednik op\u0161tine Sa\u0161a Paunovi\u0107 sino\u0107 zaklju\u010dao odbornike te stranke koji su u\u0161li u prostorije op\u0161tine, skinuo ru\u010dke sa vrata od prostorija u kojima se nalaze, zaklju\u010dao toalete i spre\u010dio ih \u010dak i da koriste vodu&#8221;. Pored tog,\u00a0Paunovi\u0107 se prebacuje da ,,nije dozvolio ni da hitna pomo\u0107 isporu\u010di lekove, insulin i vodu jednom od zaklju\u010danih odbornika, ina\u010de dijabeti\u010daru.&#8221;<\/p>\n<p>Predsednik op\u0161tine Para\u0107in demantovao je da je Hitnu pomo\u0107 pustila policija u op\u0161tinu da uka\u017ee pomo\u0107 odborniku koji se \u017ealio da mu nije dobro, koji je satima samoinicijativno sedeo u skup\u0161tinskoj sali i nije hteo sa izadje ni kada mu se, kako je rekao, slo\u0161ilo.<\/p>\n<p>-Hitnu pomo\u0107 je pustio portir. Lekar Hitne pomo\u0107i u rukama je nosio sendvi\u010de \u0161to se vidi na snimku, pa je logi\u010dno pitanje bilo da li se sendvi\u010dima ukazuje medicinska pomo\u0107. Kesa sa sendvi\u010dima uneta je odbornicima SNS, a posle \u010dega se odbornik oporavio, oti\u0161ao ku\u0107i i kasnije se vratio sa \u017eeljom da ponovo u\u0111e, odnosno da se priklju\u010di onima koji su ostali. Medjutim, op\u0161tinske slu\u017ebe ne rade do ponedeljka i nije mogu\u0107e u\u0107i u zgradu op\u0161tine tokom vikenda, obja\u0161njava Paunovi\u0107.<\/p>\n<p>U toku prepodneva naprednjaci su se ponovo okupili ispred \u00a0ulaza u zgradu Op\u0161tine i skandirali u masi razne parole.<\/p>\n<p>&#8211; Nikome nije uskra\u0107ena sloboda kretanja, odbornici mogu koliko god \u017eele da ostanu u op\u0161tini ili mogu da da iza\u0111u. Naprednjaci izvode sli\u010dne performasne po celoj Srbiji, pa i u u op\u0161tinama gde nisu na vlasti, sve je \u010dista izmi\u0161ljotina. Emituju se najneverovetnije la\u017ei. Zato \u0161to znamo da su skloni izmi\u0161ljanju stvarnosti, snimamo sve doga\u0111aje, sve snimke imamo. Iz tih snimaka se jasno vidi da ovo \u0161to se danas emituje putem velikih medija je \u010dista la\u017e, rekao je Paunovi\u0107.<\/p>\n<p>Organizatori 1od5 miliona u Para\u0107inu su izjavili da su im prevoznici otkazali autobuse, aiko su im ve\u0107 platali prevoz do Beograda, ali oni su privatnim automobilima ipak otputovali.<\/p>\n","protected":false},"excerpt":{"rendered":"<p>PARA\u0106IN- Haoti\u010dna situacija u Para\u0107inu traje ve\u0107 24 sata. Od ju\u010dera\u0161njeg upada pedesetak aktivista SNS u zgradu Op\u0161tinske uprave incidenti i provokacije ,,niskog&#8221; inteziteta se &hellip; <\/p>\n","protected":false},"author":2,"featured_media":17119,"comment_status":"open","ping_status":"open","sticky":false,"template":"","format":"standard","meta":{"footnotes":""},"categories":[1524,2,1516,13,887,12],"tags":[216,46,156,136,3612],"_links":{"self":[{"href":"https:\/\/centralmedia.rs\/index.php\/wp-json\/wp\/v2\/posts\/17118"}],"collection":[{"href":"https:\/\/centralmedia.rs\/index.php\/wp-json\/wp\/v2\/posts"}],"about":[{"href":"https:\/\/centralmedia.rs\/index.php\/wp-json\/wp\/v2\/types\/post"}],"author":[{"embeddable":true,"href":"https:\/\/centralmedia.rs\/index.php\/wp-json\/wp\/v2\/users\/2"}],"replies":[{"embeddable":true,"href":"https:\/\/centralmedia.rs\/index.php\/wp-json\/wp\/v2\/comments?post=17118"}],"version-history":[{"count":5,"href":"https:\/\/centralmedia.rs\/index.php\/wp-json\/wp\/v2\/posts\/17118\/revisions"}],"predecessor-version":[{"id":17128,"href":"https:\/\/centralmedia.rs\/index.php\/wp-json\/wp\/v2\/posts\/17118\/revisions\/17128"}],"wp:featuredmedia":[{"embeddable":true,"href":"https:\/\/centralmedia.rs\/index.php\/wp-json\/wp\/v2\/media\/17119"}],"wp:attachment":[{"href":"https:\/\/centralmedia.rs\/index.php\/wp-json\/wp\/v2\/media?parent=17118"}],"wp:term":[{"taxonomy":"category","embeddable":true,"href":"https:\/\/centralmedia.rs\/index.php\/wp-json\/wp\/v2\/categories?post=17118"},{"taxonomy":"post_tag","embeddable":true,"href":"https:\/\/centralmedia.rs\/index.php\/wp-json\/wp\/v2\/tags?post=17118"}],"curies":[{"name":"wp","href":"https:\/\/api.w.org\/{rel}","templated":true}]}}