{"id":17169,"date":"2019-04-15T17:16:16","date_gmt":"2019-04-15T17:16:16","guid":{"rendered":"http:\/\/centralmedia.rs\/?p=17169"},"modified":"2019-04-19T21:03:34","modified_gmt":"2019-04-19T21:03:34","slug":"opstinsko-vece-u-paracinu-o-upadu-u-opstinu-prekrsajne-prijave-protiv-dr-vesne-petrovic-i-aktivista-sns","status":"publish","type":"post","link":"https:\/\/centralmedia.rs\/index.php\/2019\/04\/15\/opstinsko-vece-u-paracinu-o-upadu-u-opstinu-prekrsajne-prijave-protiv-dr-vesne-petrovic-i-aktivista-sns\/","title":{"rendered":"OP\u0160TINSKO VE\u0106E U PARA\u0106INU O UPADU U OP\u0160TINU &#8211; PREKR\u0160AJNE PRIJAVE PROTIV DR VESNE PETROVI\u0106 I AKTIVISTA SNS"},"content":{"rendered":"<p>PARA\u0106IN- Protiv poverenice SNS dr Vesne Petrovi\u0107 iz Para\u0107ina bi\u0107e podnesena prekr\u0161ajna prijava, kao i protiv aktivista te partije koji su 12. aprila upali u slu\u017ebene prostorije Op\u0161tine Para\u0107in. Od Doma zdravlja \u010dlanovi Ve\u0107a zahtevaju izve\u0161taj o postupanju te slu\u017ebe u no\u0107i 12. na 13. april, zbog sumnje da je do\u0161lo do zloupotrebe\u00a0 te slu\u017ebe.<\/p>\n<p>Kako se, izme\u0111u ostalog ka\u017ee u obrazlo\u017eenju, usvojen je zaklju\u010dak da se protiv Vesne Petrovi\u0107 iz Para\u0107ina, profesora Univerziteta Union, podnese prekr\u0161ajna prijava, kao i protiv drugih nepoznatih organizatora i u\u010desnika neprijavljenog javnog skupa, koja su su naru\u0161ili javni red i mir, uz osnovanu sumnju da su to u\u010dinili sa namerom da nasilni\u010dki upadnu u prostorije u javnoj svojini op\u0161tine Para\u0107in i koje su na skupu, kr\u0161enjem propisa o javnom radu i miru i okupljanju gra\u0111ana, spre\u010dile slu\u017ebe op\u0161tinskih uprava da obavljaju javne poslove. Tako\u0111e, usvojen je zaklju\u010dak da se Domu zdravlja uputi zahtev da dostavi izve\u0161taj o postupanju slu\u017ebe Hitne pomo\u0107i, zbog osnovane sumnje da je u no\u0107i izme\u0111u 12. i 13. aprila ispred zgrade Op\u0161tine Para\u0107in do\u0161lo do zloupotrebe te slu\u017ebe od strane nepoznatih lica, tako da se ta slu\u017eba koristila u politi\u010dke svrhe<\/p>\n<p>&#8211; Postavlja se pitanje, da li je Hitna pomo\u0107 izmanipulisana, odnosno zloupotreljena, upitao je predsednik op\u0161tine Sa\u0161a Paunovi\u0107.<\/p>\n<p>Predsednik op\u0161tine Sa\u0161a Paunovi\u0107 je informisao \u010dlanove tog ve\u0107e o sledu doga\u0111aja 12. i 13. aprila kada je su aktivisti SNS izvr\u0161ili upad u slu\u017ebene prostorije Op\u0161tinske uprave.<\/p>\n","protected":false},"excerpt":{"rendered":"<p>PARA\u0106IN- Protiv poverenice SNS dr Vesne Petrovi\u0107 iz Para\u0107ina bi\u0107e podnesena prekr\u0161ajna prijava, kao i protiv aktivista te partije koji su 12. aprila upali u &hellip; <\/p>\n","protected":false},"author":2,"featured_media":17170,"comment_status":"open","ping_status":"open","sticky":false,"template":"","format":"standard","meta":{"footnotes":""},"categories":[1515,1524,2,13,887,12],"tags":[2181,156,136,3630],"_links":{"self":[{"href":"https:\/\/centralmedia.rs\/index.php\/wp-json\/wp\/v2\/posts\/17169"}],"collection":[{"href":"https:\/\/centralmedia.rs\/index.php\/wp-json\/wp\/v2\/posts"}],"about":[{"href":"https:\/\/centralmedia.rs\/index.php\/wp-json\/wp\/v2\/types\/post"}],"author":[{"embeddable":true,"href":"https:\/\/centralmedia.rs\/index.php\/wp-json\/wp\/v2\/users\/2"}],"replies":[{"embeddable":true,"href":"https:\/\/centralmedia.rs\/index.php\/wp-json\/wp\/v2\/comments?post=17169"}],"version-history":[{"count":1,"href":"https:\/\/centralmedia.rs\/index.php\/wp-json\/wp\/v2\/posts\/17169\/revisions"}],"predecessor-version":[{"id":17171,"href":"https:\/\/centralmedia.rs\/index.php\/wp-json\/wp\/v2\/posts\/17169\/revisions\/17171"}],"wp:featuredmedia":[{"embeddable":true,"href":"https:\/\/centralmedia.rs\/index.php\/wp-json\/wp\/v2\/media\/17170"}],"wp:attachment":[{"href":"https:\/\/centralmedia.rs\/index.php\/wp-json\/wp\/v2\/media?parent=17169"}],"wp:term":[{"taxonomy":"category","embeddable":true,"href":"https:\/\/centralmedia.rs\/index.php\/wp-json\/wp\/v2\/categories?post=17169"},{"taxonomy":"post_tag","embeddable":true,"href":"https:\/\/centralmedia.rs\/index.php\/wp-json\/wp\/v2\/tags?post=17169"}],"curies":[{"name":"wp","href":"https:\/\/api.w.org\/{rel}","templated":true}]}}