{"id":17183,"date":"2019-04-16T10:45:21","date_gmt":"2019-04-16T10:45:21","guid":{"rendered":"http:\/\/centralmedia.rs\/?p=17183"},"modified":"2019-04-19T21:04:08","modified_gmt":"2019-04-19T21:04:08","slug":"veran-matic-policiji-je-poznat-motiv-ubistva-milana-pantica","status":"publish","type":"post","link":"https:\/\/centralmedia.rs\/index.php\/2019\/04\/16\/veran-matic-policiji-je-poznat-motiv-ubistva-milana-pantica\/","title":{"rendered":"VERAN MATI\u0106 &#8211; POZNAT MOTIV UBISTVA MILANA PANTI\u0106A"},"content":{"rendered":"<p>BEOGRAD- Predsednik Komisije za istra\u017eivanje ubistva novinara u Srbiji Veran Mati\u0107 izjavio je da je policijski rasvetljeno ubistvo novinara iz Jagodine Milana Panti\u0107a, ali da za sada nema dovoljno dokaza da bi se podigla optu\u017enica.<\/p>\n<p>&#8211; Kada je re\u010d o ubistvu Milana Panti\u0107a, istraga je veoma ozbiljna, veoma temeljna. Policijski je jasno \u0161ta se dogodilo, poznate su okolnosti, poznat motiv i imamo indicije za po\u010dinioce. Ali, sada je veoma te\u0161ko, i to je ne\u0161to \u0161to sledi, prikupiti dovoljno dokaza da se podigne optu\u017enica kao u slu\u010daju Slavka \u0106uruvije. nadaam se da \u0107e se to dogotiti, rekao je Mati\u0107.<\/p>\n<p>Panti\u0107 je ubijen u ulazu zgrade u kojoj je stanovao 11. juna 2001. godine. U ruci je nosio kesu sa hlebom.<\/p>\n","protected":false},"excerpt":{"rendered":"<p>BEOGRAD- Predsednik Komisije za istra\u017eivanje ubistva novinara u Srbiji Veran Mati\u0107 izjavio je da je policijski rasvetljeno ubistvo novinara iz Jagodine Milana Panti\u0107a, ali da &hellip; <\/p>\n","protected":false},"author":2,"featured_media":8290,"comment_status":"open","ping_status":"open","sticky":false,"template":"","format":"standard","meta":{"footnotes":""},"categories":[20,2,12],"tags":[464,462,130,1359],"_links":{"self":[{"href":"https:\/\/centralmedia.rs\/index.php\/wp-json\/wp\/v2\/posts\/17183"}],"collection":[{"href":"https:\/\/centralmedia.rs\/index.php\/wp-json\/wp\/v2\/posts"}],"about":[{"href":"https:\/\/centralmedia.rs\/index.php\/wp-json\/wp\/v2\/types\/post"}],"author":[{"embeddable":true,"href":"https:\/\/centralmedia.rs\/index.php\/wp-json\/wp\/v2\/users\/2"}],"replies":[{"embeddable":true,"href":"https:\/\/centralmedia.rs\/index.php\/wp-json\/wp\/v2\/comments?post=17183"}],"version-history":[{"count":3,"href":"https:\/\/centralmedia.rs\/index.php\/wp-json\/wp\/v2\/posts\/17183\/revisions"}],"predecessor-version":[{"id":17186,"href":"https:\/\/centralmedia.rs\/index.php\/wp-json\/wp\/v2\/posts\/17183\/revisions\/17186"}],"wp:featuredmedia":[{"embeddable":true,"href":"https:\/\/centralmedia.rs\/index.php\/wp-json\/wp\/v2\/media\/8290"}],"wp:attachment":[{"href":"https:\/\/centralmedia.rs\/index.php\/wp-json\/wp\/v2\/media?parent=17183"}],"wp:term":[{"taxonomy":"category","embeddable":true,"href":"https:\/\/centralmedia.rs\/index.php\/wp-json\/wp\/v2\/categories?post=17183"},{"taxonomy":"post_tag","embeddable":true,"href":"https:\/\/centralmedia.rs\/index.php\/wp-json\/wp\/v2\/tags?post=17183"}],"curies":[{"name":"wp","href":"https:\/\/api.w.org\/{rel}","templated":true}]}}