{"id":17200,"date":"2019-04-17T11:33:43","date_gmt":"2019-04-17T11:33:43","guid":{"rendered":"http:\/\/centralmedia.rs\/?p=17200"},"modified":"2019-04-19T21:04:41","modified_gmt":"2019-04-19T21:04:41","slug":"vek-i-po-jagodinske-gimnazije","status":"publish","type":"post","link":"https:\/\/centralmedia.rs\/index.php\/2019\/04\/17\/vek-i-po-jagodinske-gimnazije\/","title":{"rendered":"VEK I PO JAGODINSKE GIMNAZIJE"},"content":{"rendered":"<p>JAGODINA- Gimnazija \u201eSvetozar Markovi\u0107\u201c u Jagodini, ove godine obele\u017eava veliki jubilej, 150 godina postojanja. \u0160kola je po\u010dela sa radom kao prva srednja \u0161kola u Jagodini pod nazivom \u201eGimnazijska realka\u201d, 26. novembra 1869. godine. Pored niza aktivnosti kojima \u0107e biti obele\u017een vek i po jagodinske Gimnazije, Sve\u010dana akademija bi\u0107e odr\u017eana 19. aprila u Kulturnom centru u Jagodini.<\/p>\n<p><img loading=\"lazy\" decoding=\"async\" class=\"alignnone wp-image-17203 size-large\" src=\"http:\/\/centralmedia.rs\/wp-content\/uploads\/2019\/04\/jubilej-1024x214.jpg\" alt=\"\" width=\"640\" height=\"134\" srcset=\"https:\/\/centralmedia.rs\/wp-content\/uploads\/2019\/04\/jubilej-1024x214.jpg 1024w, https:\/\/centralmedia.rs\/wp-content\/uploads\/2019\/04\/jubilej-300x63.jpg 300w, https:\/\/centralmedia.rs\/wp-content\/uploads\/2019\/04\/jubilej-768x161.jpg 768w, https:\/\/centralmedia.rs\/wp-content\/uploads\/2019\/04\/jubilej-640x134.jpg 640w, https:\/\/centralmedia.rs\/wp-content\/uploads\/2019\/04\/jubilej-681x142.jpg 681w, https:\/\/centralmedia.rs\/wp-content\/uploads\/2019\/04\/jubilej.jpg 1100w\" sizes=\"(max-width: 640px) 100vw, 640px\" \/><\/p>\n<p>\u0160kola od 1961. godine, odlukom Nastavni\u010dkog ve\u0107a, slavi Dan \u0161kole 26. marta jer su tog dana 1875. godine doneti posmrtni ostaci Svetozara Markovi\u0107a iz Trsta u Jagodinu. Na sve\u010danoj sednici Nastavni\u010dkog saveta od 19. septembra 1946. godine doneta je odluka da Gimnazija dobije ime \u201eSvetozar Markovi\u0107\u201c, kako se i danas zove.<\/p>\n<p>U vreme prosvetnog eksperimenta, usmereno obrazovanja od 1977. godine, do\u0161lo do formranja novih struka i zanimanja, a u \u0161kolsku zgradu je useljena i \u0161kola Slavka \u0110ur\u0111evi\u0107 sa ekonomskim, pravnim i tekstilnim smerom. Od 6. jula 1990. godine ponovo je ustanovljena Gimnazija sa dru\u0161tveno-jezi\u010dkim i prirodno-matemati\u010dkim smerom. \u0160kola prati brzi razvoj i potrebe dru\u0161tva u 21. veku i uvodi nove smerove informati\u010dki i sportski.<\/p>\n","protected":false},"excerpt":{"rendered":"<p>JAGODINA- Gimnazija \u201eSvetozar Markovi\u0107\u201c u Jagodini, ove godine obele\u017eava veliki jubilej, 150 godina postojanja. \u0160kola je po\u010dela sa radom kao prva srednja \u0161kola u Jagodini &hellip; <\/p>\n","protected":false},"author":2,"featured_media":17202,"comment_status":"open","ping_status":"open","sticky":false,"template":"","format":"standard","meta":{"footnotes":""},"categories":[14,1524,2,1514,12],"tags":[224,58,3381],"_links":{"self":[{"href":"https:\/\/centralmedia.rs\/index.php\/wp-json\/wp\/v2\/posts\/17200"}],"collection":[{"href":"https:\/\/centralmedia.rs\/index.php\/wp-json\/wp\/v2\/posts"}],"about":[{"href":"https:\/\/centralmedia.rs\/index.php\/wp-json\/wp\/v2\/types\/post"}],"author":[{"embeddable":true,"href":"https:\/\/centralmedia.rs\/index.php\/wp-json\/wp\/v2\/users\/2"}],"replies":[{"embeddable":true,"href":"https:\/\/centralmedia.rs\/index.php\/wp-json\/wp\/v2\/comments?post=17200"}],"version-history":[{"count":1,"href":"https:\/\/centralmedia.rs\/index.php\/wp-json\/wp\/v2\/posts\/17200\/revisions"}],"predecessor-version":[{"id":17204,"href":"https:\/\/centralmedia.rs\/index.php\/wp-json\/wp\/v2\/posts\/17200\/revisions\/17204"}],"wp:featuredmedia":[{"embeddable":true,"href":"https:\/\/centralmedia.rs\/index.php\/wp-json\/wp\/v2\/media\/17202"}],"wp:attachment":[{"href":"https:\/\/centralmedia.rs\/index.php\/wp-json\/wp\/v2\/media?parent=17200"}],"wp:term":[{"taxonomy":"category","embeddable":true,"href":"https:\/\/centralmedia.rs\/index.php\/wp-json\/wp\/v2\/categories?post=17200"},{"taxonomy":"post_tag","embeddable":true,"href":"https:\/\/centralmedia.rs\/index.php\/wp-json\/wp\/v2\/tags?post=17200"}],"curies":[{"name":"wp","href":"https:\/\/api.w.org\/{rel}","templated":true}]}}