{"id":17208,"date":"2019-04-18T12:58:50","date_gmt":"2019-04-18T12:58:50","guid":{"rendered":"http:\/\/centralmedia.rs\/?p=17208"},"modified":"2019-04-18T12:58:50","modified_gmt":"2019-04-18T12:58:50","slug":"srednja-uts-cajetina-spremna-za-nove-ucenike","status":"publish","type":"post","link":"https:\/\/centralmedia.rs\/index.php\/2019\/04\/18\/srednja-uts-cajetina-spremna-za-nove-ucenike\/","title":{"rendered":"Srednja UT\u0160 \u010cajetina spremna za nove u\u010denike"},"content":{"rendered":"<p>\u010cAJETINA- Do upisa u srednje \u0161kole ostalo je jo\u0161 malo vremena, a mnogi od u\u010denika jo\u0161 uvek nisu doneli odluku o svom budu\u0107em zanimanju. Praksa je pokazala da se veliki broj mladih sa podru\u010dja op\u0161tine \u010cajetina, kao i susednih gradova i op\u0161tina, upravo odlu\u010duje za srednju Ugostiteljsko turisti\u010dku \u0161kolu (UT\u0160) koja upisuje obrazovne profile koji su u skladu sa imenom \u0161kole. To su obrazovni profili iz podru\u010dja ugostiteljstvo i turizam, i jedan obrazovni profil iz podru\u010dja ekonomije.<\/p>\n<p>Srednja Ugostiteljsko turisti\u010dka \u0161kola u \u010cajetini u narednoj \u0161kolskoj godini upisa\u0107e 120 u\u010denika, i to u \u010detiri odeljenja. Tri odeljenja, turisti\u010dko hotelijerski tehni\u010dar, kulinarski tehni\u010dar i komercijalista broja\u0107e po 30 u\u010denika, dok \u0107e, kao i prethodnih godina, biti formirano i kombinovano odeljenje od po 15 kuvara i konobara, koji \u0107e se \u0161kolovati po sistemu dualnog obrazovanja.<\/p>\n<p>\u201eKada se u\u010denici upi\u0161u sklapa\u0107e se ugovori sa poslodavcem, u\u010denicima i \u0161kolom (kao posrednikom). To je jedna nova vrsta obrazovanja gde je sve usmereno da u\u010denici steknu \u0161to bolje kompetencije, da budu \u0161to bolje osposobljeni za svoje budu\u0107e zanimanje, a da pritom poslodavci imaju tu ugovornu obavezu prema njima, da im nakon zavr\u0161enog \u0161kolovanja garantuju posao\u201c<em>,\u00a0<\/em>ka\u017ee direktorka UT\u0160 \u010cajetina Vi\u0161nja Smiljani\u0107.<\/p>\n<p><img loading=\"lazy\" decoding=\"async\" class=\"alignnone wp-image-17210 size-full\" src=\"http:\/\/centralmedia.rs\/wp-content\/uploads\/2019\/04\/VisnjaSmiljanic.jpg\" alt=\"\" width=\"700\" height=\"394\" srcset=\"https:\/\/centralmedia.rs\/wp-content\/uploads\/2019\/04\/VisnjaSmiljanic.jpg 700w, https:\/\/centralmedia.rs\/wp-content\/uploads\/2019\/04\/VisnjaSmiljanic-300x169.jpg 300w, https:\/\/centralmedia.rs\/wp-content\/uploads\/2019\/04\/VisnjaSmiljanic-640x360.jpg 640w, https:\/\/centralmedia.rs\/wp-content\/uploads\/2019\/04\/VisnjaSmiljanic-681x383.jpg 681w\" sizes=\"(max-width: 700px) 100vw, 700px\" \/><\/p>\n<p>\u0160kola poseduje moderno opremljene kabinete i u\u010dionice specijalizovane namene, a na kori\u0161\u0107enje joj je dat i \u0161kolski restoran koji se nalazi u zgradi TO Zlatibor. Pored ovog prostora za obavljanje prakti\u010dne nastave u\u010denika, \u0160kola sara\u0111uje sa velikim brojem hotela, restorana i agencija na Zlatiboru i u U\u017eicu.<\/p>\n<p>\u201eU prostorijama \u0161kole postoji kabinet za uslu\u017eivanje sa prakti\u010dnom nastavom, dva kabineta za kuvarstvo sa prakti\u010dnom nastavom. Postoji kabinet za ra\u010dunarstvo i informatiku, kabinet za agencijsko- hotelijersko poslovanje, a pre nekoliko dana je zavr\u0161eno opremanje kabinetra za ra\u010dunovodstvo. Sve ostalo su specijalizovane u\u010dionice koje su prilago\u0111ene nastavi i u\u010denicima\u201c, dodaje Smiljani\u0107ka.<\/p>\n<p>U \u0161koli postoji i veliki broj sekcija i vannastavnih aktivnosti. Jedna od brojnijih je istorijsko-geografska sekcija koja u okviru svog rada organizuje niz izleta i poseta sajmovima.<\/p>\n<p>\u201eNema sajma koji nisu posetili: Sajam turizma, Sajam knjiga, Sajam automobila, a u\u010destvovali smo i na Sajmu preduzetni\u0161tva u Sloveniji gde su dve profesorke sa petoro u\u010denika bile u Celju na sedmom me\u0111unarodnom sajmu preduzetni\u0161tva. Spremamo se i za takmi\u010denje iz preduzetni\u0161tva koje \u0107e ove godine biti realizovano u maju u Kru\u0161evcu\u201c,ka\u017ee direktorka srednje \u0161kole u \u010cajetini.<\/p>\n<p>Va\u017eno je napomenuti da \u0161kola svake godine u\u010destvuje na republi\u010dkim takmi\u010denjima iz stru\u010dnih predmeta na kojima ostvaruje zapa\u017eene rezultate. Nedavno je na takmi\u010denju iz kuvarstva sa prakti\u010dnom nastavom, koje je odr\u017eano u Ni\u0161u, troje u\u010denika, na \u010delu sa profesorom Neboj\u0161om Krpovi\u0107em, osvojilo \u010detvrto mesto.<\/p>\n<p>&nbsp;<\/p>\n","protected":false},"excerpt":{"rendered":"<p>\u010cAJETINA- Do upisa u srednje \u0161kole ostalo je jo\u0161 malo vremena, a mnogi od u\u010denika jo\u0161 uvek nisu doneli odluku o svom budu\u0107em zanimanju. Praksa &hellip; <\/p>\n","protected":false},"author":2,"featured_media":17209,"comment_status":"open","ping_status":"open","sticky":false,"template":"","format":"standard","meta":{"footnotes":""},"categories":[2875,1524,2,23,30],"tags":[2762,3637,843],"_links":{"self":[{"href":"https:\/\/centralmedia.rs\/index.php\/wp-json\/wp\/v2\/posts\/17208"}],"collection":[{"href":"https:\/\/centralmedia.rs\/index.php\/wp-json\/wp\/v2\/posts"}],"about":[{"href":"https:\/\/centralmedia.rs\/index.php\/wp-json\/wp\/v2\/types\/post"}],"author":[{"embeddable":true,"href":"https:\/\/centralmedia.rs\/index.php\/wp-json\/wp\/v2\/users\/2"}],"replies":[{"embeddable":true,"href":"https:\/\/centralmedia.rs\/index.php\/wp-json\/wp\/v2\/comments?post=17208"}],"version-history":[{"count":1,"href":"https:\/\/centralmedia.rs\/index.php\/wp-json\/wp\/v2\/posts\/17208\/revisions"}],"predecessor-version":[{"id":17211,"href":"https:\/\/centralmedia.rs\/index.php\/wp-json\/wp\/v2\/posts\/17208\/revisions\/17211"}],"wp:featuredmedia":[{"embeddable":true,"href":"https:\/\/centralmedia.rs\/index.php\/wp-json\/wp\/v2\/media\/17209"}],"wp:attachment":[{"href":"https:\/\/centralmedia.rs\/index.php\/wp-json\/wp\/v2\/media?parent=17208"}],"wp:term":[{"taxonomy":"category","embeddable":true,"href":"https:\/\/centralmedia.rs\/index.php\/wp-json\/wp\/v2\/categories?post=17208"},{"taxonomy":"post_tag","embeddable":true,"href":"https:\/\/centralmedia.rs\/index.php\/wp-json\/wp\/v2\/tags?post=17208"}],"curies":[{"name":"wp","href":"https:\/\/api.w.org\/{rel}","templated":true}]}}