{"id":17212,"date":"2019-04-18T13:05:00","date_gmt":"2019-04-18T13:05:00","guid":{"rendered":"http:\/\/centralmedia.rs\/?p=17212"},"modified":"2019-04-22T15:18:13","modified_gmt":"2019-04-22T15:18:13","slug":"muskarcine-u-cupriji","status":"publish","type":"post","link":"https:\/\/centralmedia.rs\/index.php\/2019\/04\/18\/muskarcine-u-cupriji\/","title":{"rendered":",,MU\u0160KAR\u010cINE&#8221; u \u0106upriji"},"content":{"rendered":"<p>\u0106UPRIJA- Predstava ,,Mu\u0161kar\u010dine&#8221; u utorak, 23. aprila, u 12 \u010dasova, sala \u0160OMO u \u0106upriji.<br \/>\nU cilju edukacije mladih, Ustanova kulture u saradnji sa gradskim osnovnim i srednjim \u0161kolama predstavu ciljano daje za u\u010denike &#8211; mladu publiku. Posle predstave ima\u0107emo razgovor na temu rodne ravnopravnosti, polo\u017eaja i problema mladih u dru\u0161tvu danas koji \u0107e voditi Olja Stojanovi\u0107 iz Ustanove kulture &#8220;\u0106uprija&#8221; sa glumcima predstave i gostom:<\/p>\n<p>&#8211; Suzana Savi\u0107, psiholog i psihoterapeut<\/p>\n<p>Osnovna tema predstave je maskulinitet i na\u010din na koji se mu\u0161kost tretira, odnosno formira u na\u0161oj kulturi. Ideja i poruka koju predstava treba da prenese je ideja o slobodi, li\u010dnom ostvarenju i poku\u0161aju da se prevazi\u0111u kulturolo\u0161ki nametnute norme, koje mladi\u0107e spre\u010davaju da budu ono \u0161to jesu.<\/p>\n<p>U \u017eelji da se uklope u socijalno prihvatljive matrice rodnog pona\u0161anja, mladi mu\u0161karci rade mnoge stvari koje su \u0161tetne po njihovo fizi\u010dko ali i psihi\u010dko zdravlje. Dru\u0161tvo od njih o\u010dekuje da svoju mu\u0161kost doka\u017eu pokazivanjem snage i sr\u010danosti, \u0161to ih \u010desto odvodi u destrukciju i autodestrukciju. Vaspitani u kulturi u kojoj je se mu\u0161ko pokazivanje emocija smatra za znak slabosti, mladi mu\u0161karci svoje emocije potiskuju i preina\u010duju u destruktivne oblike pona\u0161anja.<br \/>\nOva predstava ima za cilj da uka\u017ee na taj problem, ali i da dokumentuje pri\u010du generacije ro\u0111ene u toku ratova na Balkanu, generacije \u010diji je sistem vrednosti formiran u tranziciji te je, shodno tome, konfuzan i nedovoljno \u010dvrst.<\/p>\n<p>&#8220;Ve\u0107ina mu\u0161karaca zapravo ne \u017eivi. Umesto toga, oni glume da bi se za\u0161titili. Tokom sazrevanja izaberemo jednu od nekoliko standardnih maski &#8211; veliki radnik, kul frajer, dobar momak, mu\u0161kar\u010dina, ose\u0107ajan novi mu\u0161karac. A zatim se godinama nakon toga dr\u017eimo te uloge i pretvaramo da smo to mi i da je sve u redu.<br \/>\n&#8220;Sve je kul, ona je u pravu&#8230; Me\u0111utim, \u010desto iznutra preovladava ose\u0107aj usamljenosti. Glumiti i \u017eiveti nisu ista stvar.&#8221;<br \/>\nStiv Bidalf, &#8220;Biti mu\u0161ko: akcioni plan za promenu \u017eivota mu\u0161karaca&#8221;<\/p>\n<p>Vi\u0161e o predstavi: <a href=\"https:\/\/l.facebook.com\/l.php?u=http%3A%2F%2Freflektorteatar.rs%2Fmuskarcine-2%2F%3Ffbclid%3DIwAR3A0Wr1EJRzOAI86wHjyVAhn2Sx73b5CvoizLDJoaRCvRGKXqCoL9S0Ti0&amp;h=AT3Q_Tmt_6L66ZVO11OJGW1Z2eBo8402V-C3iTUv_QA_zAPz7E2jEjkg7yyjCUfVVSYBgo9HOGvZrCYtVktREcZe9h5pH4xyqfb0vfFXsCtPnOIztDNEeAfiZdwM0D84\">http:\/\/reflektorteatar.rs\/muskarcine-2\/<\/a><\/p>\n<p>Koncept, re\u017eija i dramaturgija: Milena Bogavac i Vojislav Arsi\u0107<br \/>\nKo-autori i izvo\u0111a\u010di: Aleks Surtov, \u0110or\u0111e \u017divadinovi\u0107 Grgur, Jovan Zdravkovi\u0107, Marko Panajotovi\u0107, Nemanja Puva\u010da, Nikola Pavlovi\u0107 Uro\u0161 Novovi\u0107, Rastko Vujisi\u0107.<br \/>\nKoreografija i scenski pokret: Ljiljana Tasi\u0107<br \/>\nOriginalna muzika: Vladimir Pejkovi\u0107<br \/>\nKostimografija: Pull my Daisy<br \/>\nProdukcija: Reflektor teatar i Bitef teatar<br \/>\nPodr\u0161ka: CARE NWB, Ministarstvo inostranih poslova Kraljevine Norve\u0161ke, DKC Majdan, Alma quatro<\/p>\n","protected":false},"excerpt":{"rendered":"<p>\u0106UPRIJA- Predstava ,,Mu\u0161kar\u010dine&#8221; u utorak, 23. aprila, u 12 \u010dasova, sala \u0160OMO u \u0106upriji. U cilju edukacije mladih, Ustanova kulture u saradnji sa gradskim osnovnim &hellip; <\/p>\n","protected":false},"author":2,"featured_media":17213,"comment_status":"open","ping_status":"open","sticky":false,"template":"","format":"standard","meta":{"footnotes":""},"categories":[1515,1524,2,15,887,12],"tags":[44,3638],"_links":{"self":[{"href":"https:\/\/centralmedia.rs\/index.php\/wp-json\/wp\/v2\/posts\/17212"}],"collection":[{"href":"https:\/\/centralmedia.rs\/index.php\/wp-json\/wp\/v2\/posts"}],"about":[{"href":"https:\/\/centralmedia.rs\/index.php\/wp-json\/wp\/v2\/types\/post"}],"author":[{"embeddable":true,"href":"https:\/\/centralmedia.rs\/index.php\/wp-json\/wp\/v2\/users\/2"}],"replies":[{"embeddable":true,"href":"https:\/\/centralmedia.rs\/index.php\/wp-json\/wp\/v2\/comments?post=17212"}],"version-history":[{"count":1,"href":"https:\/\/centralmedia.rs\/index.php\/wp-json\/wp\/v2\/posts\/17212\/revisions"}],"predecessor-version":[{"id":17214,"href":"https:\/\/centralmedia.rs\/index.php\/wp-json\/wp\/v2\/posts\/17212\/revisions\/17214"}],"wp:featuredmedia":[{"embeddable":true,"href":"https:\/\/centralmedia.rs\/index.php\/wp-json\/wp\/v2\/media\/17213"}],"wp:attachment":[{"href":"https:\/\/centralmedia.rs\/index.php\/wp-json\/wp\/v2\/media?parent=17212"}],"wp:term":[{"taxonomy":"category","embeddable":true,"href":"https:\/\/centralmedia.rs\/index.php\/wp-json\/wp\/v2\/categories?post=17212"},{"taxonomy":"post_tag","embeddable":true,"href":"https:\/\/centralmedia.rs\/index.php\/wp-json\/wp\/v2\/tags?post=17212"}],"curies":[{"name":"wp","href":"https:\/\/api.w.org\/{rel}","templated":true}]}}