{"id":17221,"date":"2019-04-20T12:41:26","date_gmt":"2019-04-20T12:41:26","guid":{"rendered":"http:\/\/centralmedia.rs\/?p=17221"},"modified":"2019-04-22T15:18:37","modified_gmt":"2019-04-22T15:18:37","slug":"pomoravski-naprednjaci-na-mitingu-u-beogradu-foto","status":"publish","type":"post","link":"https:\/\/centralmedia.rs\/index.php\/2019\/04\/20\/pomoravski-naprednjaci-na-mitingu-u-beogradu-foto\/","title":{"rendered":"POMORAVSKI NAPREDNJACI NA MITINGU U BEOGRADU (FOTO)"},"content":{"rendered":"<p>Vi\u0161e hiljada pomoravskih naprednjaka iz svih \u0161est op\u0161tina tog okruga ju\u010de bilo dalo svoj doprinos velikom mitingu Budu\u0107nost Srbije u Beogardu koj je okupio preko 150 hiljada gra\u0111ana. Pomoravci su razvili \u00a0parole podr\u0161ke na ulicama prestonice ,,Lev\u010dani uz Vu\u010di\u0107a&#8221;, ,,Vu\u010di\u0107u uz tebe smo&#8221; ju\u010de.<\/p>\n<div id='gallery-1' class='gallery galleryid-17221 gallery-columns-3 gallery-size-full'><figure class='gallery-item'>\n\t\t\t<div class='gallery-icon landscape'>\n\t\t\t\t<a href='https:\/\/centralmedia.rs\/index.php\/2019\/04\/20\/pomoravski-naprednjaci-na-mitingu-u-beogradu-foto\/rekovac-10\/'><img loading=\"lazy\" decoding=\"async\" width=\"1280\" height=\"960\" src=\"https:\/\/centralmedia.rs\/wp-content\/uploads\/2019\/04\/rekovac.jpg\" class=\"attachment-full size-full\" alt=\"\" srcset=\"https:\/\/centralmedia.rs\/wp-content\/uploads\/2019\/04\/rekovac.jpg 1280w, https:\/\/centralmedia.rs\/wp-content\/uploads\/2019\/04\/rekovac-300x225.jpg 300w, https:\/\/centralmedia.rs\/wp-content\/uploads\/2019\/04\/rekovac-768x576.jpg 768w, https:\/\/centralmedia.rs\/wp-content\/uploads\/2019\/04\/rekovac-1024x768.jpg 1024w, https:\/\/centralmedia.rs\/wp-content\/uploads\/2019\/04\/rekovac-560x420.jpg 560w, https:\/\/centralmedia.rs\/wp-content\/uploads\/2019\/04\/rekovac-80x60.jpg 80w, https:\/\/centralmedia.rs\/wp-content\/uploads\/2019\/04\/rekovac-100x75.jpg 100w, https:\/\/centralmedia.rs\/wp-content\/uploads\/2019\/04\/rekovac-180x135.jpg 180w, https:\/\/centralmedia.rs\/wp-content\/uploads\/2019\/04\/rekovac-238x178.jpg 238w, https:\/\/centralmedia.rs\/wp-content\/uploads\/2019\/04\/rekovac-640x480.jpg 640w, https:\/\/centralmedia.rs\/wp-content\/uploads\/2019\/04\/rekovac-681x511.jpg 681w\" sizes=\"(max-width: 1280px) 100vw, 1280px\" \/><\/a>\n\t\t\t<\/div><\/figure><figure class='gallery-item'>\n\t\t\t<div class='gallery-icon landscape'>\n\t\t\t\t<a href='https:\/\/centralmedia.rs\/index.php\/2019\/04\/20\/pomoravski-naprednjaci-na-mitingu-u-beogradu-foto\/jagodina-7\/'><img loading=\"lazy\" decoding=\"async\" width=\"960\" height=\"720\" src=\"https:\/\/centralmedia.rs\/wp-content\/uploads\/2019\/04\/jagodina.jpg\" class=\"attachment-full size-full\" alt=\"\" srcset=\"https:\/\/centralmedia.rs\/wp-content\/uploads\/2019\/04\/jagodina.jpg 960w, https:\/\/centralmedia.rs\/wp-content\/uploads\/2019\/04\/jagodina-300x225.jpg 300w, https:\/\/centralmedia.rs\/wp-content\/uploads\/2019\/04\/jagodina-768x576.jpg 768w, https:\/\/centralmedia.rs\/wp-content\/uploads\/2019\/04\/jagodina-560x420.jpg 560w, https:\/\/centralmedia.rs\/wp-content\/uploads\/2019\/04\/jagodina-80x60.jpg 80w, https:\/\/centralmedia.rs\/wp-content\/uploads\/2019\/04\/jagodina-100x75.jpg 100w, https:\/\/centralmedia.rs\/wp-content\/uploads\/2019\/04\/jagodina-180x135.jpg 180w, https:\/\/centralmedia.rs\/wp-content\/uploads\/2019\/04\/jagodina-238x178.jpg 238w, https:\/\/centralmedia.rs\/wp-content\/uploads\/2019\/04\/jagodina-640x480.jpg 640w, https:\/\/centralmedia.rs\/wp-content\/uploads\/2019\/04\/jagodina-681x511.jpg 681w\" sizes=\"(max-width: 960px) 100vw, 960px\" \/><\/a>\n\t\t\t<\/div><\/figure><figure class='gallery-item'>\n\t\t\t<div class='gallery-icon landscape'>\n\t\t\t\t<a href='https:\/\/centralmedia.rs\/index.php\/2019\/04\/20\/pomoravski-naprednjaci-na-mitingu-u-beogradu-foto\/svilajnac-5\/'><img loading=\"lazy\" decoding=\"async\" width=\"960\" height=\"720\" src=\"https:\/\/centralmedia.rs\/wp-content\/uploads\/2019\/04\/svilajnac.jpg\" class=\"attachment-full size-full\" alt=\"\" srcset=\"https:\/\/centralmedia.rs\/wp-content\/uploads\/2019\/04\/svilajnac.jpg 960w, https:\/\/centralmedia.rs\/wp-content\/uploads\/2019\/04\/svilajnac-300x225.jpg 300w, https:\/\/centralmedia.rs\/wp-content\/uploads\/2019\/04\/svilajnac-768x576.jpg 768w, https:\/\/centralmedia.rs\/wp-content\/uploads\/2019\/04\/svilajnac-560x420.jpg 560w, https:\/\/centralmedia.rs\/wp-content\/uploads\/2019\/04\/svilajnac-80x60.jpg 80w, https:\/\/centralmedia.rs\/wp-content\/uploads\/2019\/04\/svilajnac-100x75.jpg 100w, https:\/\/centralmedia.rs\/wp-content\/uploads\/2019\/04\/svilajnac-180x135.jpg 180w, https:\/\/centralmedia.rs\/wp-content\/uploads\/2019\/04\/svilajnac-238x178.jpg 238w, https:\/\/centralmedia.rs\/wp-content\/uploads\/2019\/04\/svilajnac-640x480.jpg 640w, https:\/\/centralmedia.rs\/wp-content\/uploads\/2019\/04\/svilajnac-681x511.jpg 681w\" sizes=\"(max-width: 960px) 100vw, 960px\" \/><\/a>\n\t\t\t<\/div><\/figure>\n\t\t<\/div>\n\n","protected":false},"excerpt":{"rendered":"<p>Vi\u0161e hiljada pomoravskih naprednjaka iz svih \u0161est op\u0161tina tog okruga ju\u010de bilo dalo svoj doprinos velikom mitingu Budu\u0107nost Srbije u Beogardu koj je okupio preko &hellip; <\/p>\n","protected":false},"author":2,"featured_media":17222,"comment_status":"open","ping_status":"open","sticky":false,"template":"","format":"standard","meta":{"footnotes":""},"categories":[1524,2,1514,13,1519,12,1517],"tags":[359,3639,352],"_links":{"self":[{"href":"https:\/\/centralmedia.rs\/index.php\/wp-json\/wp\/v2\/posts\/17221"}],"collection":[{"href":"https:\/\/centralmedia.rs\/index.php\/wp-json\/wp\/v2\/posts"}],"about":[{"href":"https:\/\/centralmedia.rs\/index.php\/wp-json\/wp\/v2\/types\/post"}],"author":[{"embeddable":true,"href":"https:\/\/centralmedia.rs\/index.php\/wp-json\/wp\/v2\/users\/2"}],"replies":[{"embeddable":true,"href":"https:\/\/centralmedia.rs\/index.php\/wp-json\/wp\/v2\/comments?post=17221"}],"version-history":[{"count":1,"href":"https:\/\/centralmedia.rs\/index.php\/wp-json\/wp\/v2\/posts\/17221\/revisions"}],"predecessor-version":[{"id":17225,"href":"https:\/\/centralmedia.rs\/index.php\/wp-json\/wp\/v2\/posts\/17221\/revisions\/17225"}],"wp:featuredmedia":[{"embeddable":true,"href":"https:\/\/centralmedia.rs\/index.php\/wp-json\/wp\/v2\/media\/17222"}],"wp:attachment":[{"href":"https:\/\/centralmedia.rs\/index.php\/wp-json\/wp\/v2\/media?parent=17221"}],"wp:term":[{"taxonomy":"category","embeddable":true,"href":"https:\/\/centralmedia.rs\/index.php\/wp-json\/wp\/v2\/categories?post=17221"},{"taxonomy":"post_tag","embeddable":true,"href":"https:\/\/centralmedia.rs\/index.php\/wp-json\/wp\/v2\/tags?post=17221"}],"curies":[{"name":"wp","href":"https:\/\/api.w.org\/{rel}","templated":true}]}}