{"id":17226,"date":"2019-04-20T12:46:54","date_gmt":"2019-04-20T12:46:54","guid":{"rendered":"http:\/\/centralmedia.rs\/?p=17226"},"modified":"2019-04-22T15:18:46","modified_gmt":"2019-04-22T15:18:46","slug":"150-godina-jagodinske-gimnazije","status":"publish","type":"post","link":"https:\/\/centralmedia.rs\/index.php\/2019\/04\/20\/150-godina-jagodinske-gimnazije\/","title":{"rendered":"150 GODINA JAGODINSKE GIMNAZIJE"},"content":{"rendered":"<p>JAGODINA- Akademskom himnom \u201cGaudeamus igitur\u201d hor Gimnazije \u201cSvetozar Markovi\u0107\u201d otvorio je sve\u010danu akademiju kojom je obele\u017een vek i po od osnivanja jagodinske Gimnazije. Prisutnim gostima, biv\u0161im i sada\u0161njim profesorima i u\u010denicima najpre su se obratili direktor \u0161kole Miroslav Veljkovi\u0107 i predstavnica Ministarstva prosvete, nauke i tehnolo\u0161kog razvoja Jasmina \u0110eli\u0107.<\/p>\n<p><img loading=\"lazy\" decoding=\"async\" class=\"alignnone wp-image-17228 size-large\" src=\"http:\/\/centralmedia.rs\/wp-content\/uploads\/2019\/04\/akadedmija-1024x683.jpg\" alt=\"\" width=\"640\" height=\"427\" srcset=\"https:\/\/centralmedia.rs\/wp-content\/uploads\/2019\/04\/akadedmija-1024x683.jpg 1024w, https:\/\/centralmedia.rs\/wp-content\/uploads\/2019\/04\/akadedmija-300x200.jpg 300w, https:\/\/centralmedia.rs\/wp-content\/uploads\/2019\/04\/akadedmija-768x512.jpg 768w, https:\/\/centralmedia.rs\/wp-content\/uploads\/2019\/04\/akadedmija-630x420.jpg 630w, https:\/\/centralmedia.rs\/wp-content\/uploads\/2019\/04\/akadedmija-640x427.jpg 640w, https:\/\/centralmedia.rs\/wp-content\/uploads\/2019\/04\/akadedmija-681x454.jpg 681w, https:\/\/centralmedia.rs\/wp-content\/uploads\/2019\/04\/akadedmija.jpg 2048w\" sizes=\"(max-width: 640px) 100vw, 640px\" \/><\/p>\n<p>Foto i txt by Gimnazija<\/p>\n","protected":false},"excerpt":{"rendered":"<p>JAGODINA- Akademskom himnom \u201cGaudeamus igitur\u201d hor Gimnazije \u201cSvetozar Markovi\u0107\u201d otvorio je sve\u010danu akademiju kojom je obele\u017een vek i po od osnivanja jagodinske Gimnazije. Prisutnim gostima, &hellip; <\/p>\n","protected":false},"author":2,"featured_media":17227,"comment_status":"open","ping_status":"open","sticky":false,"template":"","format":"standard","meta":{"footnotes":""},"categories":[14,1524,2,1514,12],"tags":[3160,3640,58],"_links":{"self":[{"href":"https:\/\/centralmedia.rs\/index.php\/wp-json\/wp\/v2\/posts\/17226"}],"collection":[{"href":"https:\/\/centralmedia.rs\/index.php\/wp-json\/wp\/v2\/posts"}],"about":[{"href":"https:\/\/centralmedia.rs\/index.php\/wp-json\/wp\/v2\/types\/post"}],"author":[{"embeddable":true,"href":"https:\/\/centralmedia.rs\/index.php\/wp-json\/wp\/v2\/users\/2"}],"replies":[{"embeddable":true,"href":"https:\/\/centralmedia.rs\/index.php\/wp-json\/wp\/v2\/comments?post=17226"}],"version-history":[{"count":2,"href":"https:\/\/centralmedia.rs\/index.php\/wp-json\/wp\/v2\/posts\/17226\/revisions"}],"predecessor-version":[{"id":17230,"href":"https:\/\/centralmedia.rs\/index.php\/wp-json\/wp\/v2\/posts\/17226\/revisions\/17230"}],"wp:featuredmedia":[{"embeddable":true,"href":"https:\/\/centralmedia.rs\/index.php\/wp-json\/wp\/v2\/media\/17227"}],"wp:attachment":[{"href":"https:\/\/centralmedia.rs\/index.php\/wp-json\/wp\/v2\/media?parent=17226"}],"wp:term":[{"taxonomy":"category","embeddable":true,"href":"https:\/\/centralmedia.rs\/index.php\/wp-json\/wp\/v2\/categories?post=17226"},{"taxonomy":"post_tag","embeddable":true,"href":"https:\/\/centralmedia.rs\/index.php\/wp-json\/wp\/v2\/tags?post=17226"}],"curies":[{"name":"wp","href":"https:\/\/api.w.org\/{rel}","templated":true}]}}