{"id":17234,"date":"2019-04-20T18:32:26","date_gmt":"2019-04-20T18:32:26","guid":{"rendered":"http:\/\/centralmedia.rs\/?p=17234"},"modified":"2019-04-24T11:58:37","modified_gmt":"2019-04-24T11:58:37","slug":"opstina-cuprija-predstavila-se-na-sajmu-u-nisu","status":"publish","type":"post","link":"https:\/\/centralmedia.rs\/index.php\/2019\/04\/20\/opstina-cuprija-predstavila-se-na-sajmu-u-nisu\/","title":{"rendered":"OP\u0160TINA \u0106UPRIJA PREDSTAVILA SE NA SAJMU U NI\u0160U"},"content":{"rendered":"<p>\u0106UPRIJA- U Ni\u0161u je danas zavr\u0161en 20. Sajam turizma i aktivnog odmora. Kako je moglo da se \u010duje od predstavnika Turisti\u010dke organizacije Ni\u0161a, doma\u0107ina i organizatora ove jubilarne manifestacije, trodnevni sajam je i ove godine bio dobro mesto za susret turisti\u010dke ponude i tra\u017enje, ali i dobro mesto za poslovne dogovore, prezentacije i razmenu inovativnih ideja i sadr\u017eaja.<\/p>\n<div id='gallery-1' class='gallery galleryid-17234 gallery-columns-4 gallery-size-full'><figure class='gallery-item'>\n\t\t\t<div class='gallery-icon landscape'>\n\t\t\t\t<a href='https:\/\/centralmedia.rs\/index.php\/2019\/04\/20\/opstina-cuprija-predstavila-se-na-sajmu-u-nisu\/turisticka-organizacija-cuprija-u-nisu-4\/'><img loading=\"lazy\" decoding=\"async\" width=\"960\" height=\"720\" src=\"https:\/\/centralmedia.rs\/wp-content\/uploads\/2019\/04\/turisticka-organizacija-cuprija-u-nisu-4.jpg\" class=\"attachment-full size-full\" alt=\"\" srcset=\"https:\/\/centralmedia.rs\/wp-content\/uploads\/2019\/04\/turisticka-organizacija-cuprija-u-nisu-4.jpg 960w, https:\/\/centralmedia.rs\/wp-content\/uploads\/2019\/04\/turisticka-organizacija-cuprija-u-nisu-4-300x225.jpg 300w, https:\/\/centralmedia.rs\/wp-content\/uploads\/2019\/04\/turisticka-organizacija-cuprija-u-nisu-4-768x576.jpg 768w, https:\/\/centralmedia.rs\/wp-content\/uploads\/2019\/04\/turisticka-organizacija-cuprija-u-nisu-4-560x420.jpg 560w, https:\/\/centralmedia.rs\/wp-content\/uploads\/2019\/04\/turisticka-organizacija-cuprija-u-nisu-4-80x60.jpg 80w, https:\/\/centralmedia.rs\/wp-content\/uploads\/2019\/04\/turisticka-organizacija-cuprija-u-nisu-4-100x75.jpg 100w, https:\/\/centralmedia.rs\/wp-content\/uploads\/2019\/04\/turisticka-organizacija-cuprija-u-nisu-4-180x135.jpg 180w, https:\/\/centralmedia.rs\/wp-content\/uploads\/2019\/04\/turisticka-organizacija-cuprija-u-nisu-4-238x178.jpg 238w, https:\/\/centralmedia.rs\/wp-content\/uploads\/2019\/04\/turisticka-organizacija-cuprija-u-nisu-4-640x480.jpg 640w, https:\/\/centralmedia.rs\/wp-content\/uploads\/2019\/04\/turisticka-organizacija-cuprija-u-nisu-4-681x511.jpg 681w\" sizes=\"(max-width: 960px) 100vw, 960px\" \/><\/a>\n\t\t\t<\/div><\/figure><figure class='gallery-item'>\n\t\t\t<div class='gallery-icon landscape'>\n\t\t\t\t<a href='https:\/\/centralmedia.rs\/index.php\/2019\/04\/20\/opstina-cuprija-predstavila-se-na-sajmu-u-nisu\/turisticka-organizacija-cuprija-u-nisu-1\/'><img loading=\"lazy\" decoding=\"async\" width=\"960\" height=\"720\" src=\"https:\/\/centralmedia.rs\/wp-content\/uploads\/2019\/04\/turisticka-organizacija-cuprija-u-nisu-1.jpg\" class=\"attachment-full size-full\" alt=\"\" srcset=\"https:\/\/centralmedia.rs\/wp-content\/uploads\/2019\/04\/turisticka-organizacija-cuprija-u-nisu-1.jpg 960w, https:\/\/centralmedia.rs\/wp-content\/uploads\/2019\/04\/turisticka-organizacija-cuprija-u-nisu-1-300x225.jpg 300w, https:\/\/centralmedia.rs\/wp-content\/uploads\/2019\/04\/turisticka-organizacija-cuprija-u-nisu-1-768x576.jpg 768w, https:\/\/centralmedia.rs\/wp-content\/uploads\/2019\/04\/turisticka-organizacija-cuprija-u-nisu-1-560x420.jpg 560w, https:\/\/centralmedia.rs\/wp-content\/uploads\/2019\/04\/turisticka-organizacija-cuprija-u-nisu-1-80x60.jpg 80w, https:\/\/centralmedia.rs\/wp-content\/uploads\/2019\/04\/turisticka-organizacija-cuprija-u-nisu-1-100x75.jpg 100w, https:\/\/centralmedia.rs\/wp-content\/uploads\/2019\/04\/turisticka-organizacija-cuprija-u-nisu-1-180x135.jpg 180w, https:\/\/centralmedia.rs\/wp-content\/uploads\/2019\/04\/turisticka-organizacija-cuprija-u-nisu-1-238x178.jpg 238w, https:\/\/centralmedia.rs\/wp-content\/uploads\/2019\/04\/turisticka-organizacija-cuprija-u-nisu-1-640x480.jpg 640w, https:\/\/centralmedia.rs\/wp-content\/uploads\/2019\/04\/turisticka-organizacija-cuprija-u-nisu-1-681x511.jpg 681w\" sizes=\"(max-width: 960px) 100vw, 960px\" \/><\/a>\n\t\t\t<\/div><\/figure><figure class='gallery-item'>\n\t\t\t<div class='gallery-icon portrait'>\n\t\t\t\t<a href='https:\/\/centralmedia.rs\/index.php\/2019\/04\/20\/opstina-cuprija-predstavila-se-na-sajmu-u-nisu\/turisticka-organizacija-cuprija-u-nisu-2\/'><img loading=\"lazy\" decoding=\"async\" width=\"720\" height=\"960\" src=\"https:\/\/centralmedia.rs\/wp-content\/uploads\/2019\/04\/turisticka-organizacija-cuprija-u-nisu-2.jpg\" class=\"attachment-full size-full\" alt=\"\" srcset=\"https:\/\/centralmedia.rs\/wp-content\/uploads\/2019\/04\/turisticka-organizacija-cuprija-u-nisu-2.jpg 720w, https:\/\/centralmedia.rs\/wp-content\/uploads\/2019\/04\/turisticka-organizacija-cuprija-u-nisu-2-225x300.jpg 225w, https:\/\/centralmedia.rs\/wp-content\/uploads\/2019\/04\/turisticka-organizacija-cuprija-u-nisu-2-315x420.jpg 315w, https:\/\/centralmedia.rs\/wp-content\/uploads\/2019\/04\/turisticka-organizacija-cuprija-u-nisu-2-640x853.jpg 640w, https:\/\/centralmedia.rs\/wp-content\/uploads\/2019\/04\/turisticka-organizacija-cuprija-u-nisu-2-681x908.jpg 681w\" sizes=\"(max-width: 720px) 100vw, 720px\" \/><\/a>\n\t\t\t<\/div><\/figure><figure class='gallery-item'>\n\t\t\t<div class='gallery-icon portrait'>\n\t\t\t\t<a href='https:\/\/centralmedia.rs\/index.php\/2019\/04\/20\/opstina-cuprija-predstavila-se-na-sajmu-u-nisu\/turisticka-organizacija-cuprija-u-nisu-3\/'><img loading=\"lazy\" decoding=\"async\" width=\"720\" height=\"960\" src=\"https:\/\/centralmedia.rs\/wp-content\/uploads\/2019\/04\/turisticka-organizacija-cuprija-u-nisu-3.jpg\" class=\"attachment-full size-full\" alt=\"\" srcset=\"https:\/\/centralmedia.rs\/wp-content\/uploads\/2019\/04\/turisticka-organizacija-cuprija-u-nisu-3.jpg 720w, https:\/\/centralmedia.rs\/wp-content\/uploads\/2019\/04\/turisticka-organizacija-cuprija-u-nisu-3-225x300.jpg 225w, https:\/\/centralmedia.rs\/wp-content\/uploads\/2019\/04\/turisticka-organizacija-cuprija-u-nisu-3-315x420.jpg 315w, https:\/\/centralmedia.rs\/wp-content\/uploads\/2019\/04\/turisticka-organizacija-cuprija-u-nisu-3-640x853.jpg 640w, https:\/\/centralmedia.rs\/wp-content\/uploads\/2019\/04\/turisticka-organizacija-cuprija-u-nisu-3-681x908.jpg 681w\" sizes=\"(max-width: 720px) 100vw, 720px\" \/><\/a>\n\t\t\t<\/div><\/figure>\n\t\t<\/div>\n\n<p>Nastavljaju\u0107i i kvalitativni i kvantitativni uzlazni trend nastupa na ovakvim sajmovima, Turisti\u010dka organizacija \u0106uprije jo\u0161 jednom je imala dobro pose\u0107en \u0161tand u ni\u0161kom \u201c\u010cairu\u201d. Prema re\u010dima direktorke TO\u0106 Jelene Petrovi\u0107, ovogodi\u0161nji Sajam turizma i aktivnog odmora, osim prezentacije i promocije \u0107uprijske turisti\u010dke i privredne ponude, za centralnu op\u0161tinu srednjeg Pomoravlja bio je prilika i da se uspostave novi institucionalni kontakti.<\/p>\n<p>-Sajam je uvek dobra prilika da se ostvare novi kontakti i uspostavi poslovna saranja. Sastanci sa kolegama iz Bugarske i Gr\u010dke doprine\u0107e pove\u0107anju broja turista na\u0161oj Op\u0161tini, izjavila je direktorka Petrovi\u0107, istakav\u0161i kako joj je posebno drag kontakt koji je u Ni\u0161u ostvarila sa savetnicom ministra turizma Vesnom Anti\u0107, koja je na otvaranju sajma govorila u ime potpredsednika Vlade i ministra trgovine, turizma i telekomunikacije Rasima Ljaji\u0107a.<\/p>\n<p>Ina\u010de, na \u00a0Sajmu turizma i aktivnog odmora Vesna Anti\u0107 iznela je podatak da je pro\u0161le godine u Srbiji ostvaren rekordan broj turista &#8211; blizu tri i po miliona, \u0161to je porast od 11 odsto u odnosu na 2017. godinu, kao i to da su za taj porast umnogome zaslu\u017eni i doma\u0107i gosti.<\/p>\n<p>Recimo i to da se ove godine na manifestaciji koja, kako je re\u010deno, postaje sve ozbiljnija na mapi turisti\u010dkih doga\u0111aja, predstavilo preko 120 izlaga\u010da iz zemlje i regiona. Pored izlaga\u010da iz Srbije, bili su tu izlaga\u010di iz Republike Srpske, Crne Gore, Bugarske i Gr\u010dke.<\/p>\n","protected":false},"excerpt":{"rendered":"<p>\u0106UPRIJA- U Ni\u0161u je danas zavr\u0161en 20. Sajam turizma i aktivnog odmora. Kako je moglo da se \u010duje od predstavnika Turisti\u010dke organizacije Ni\u0161a, doma\u0107ina i &hellip; <\/p>\n","protected":false},"author":2,"featured_media":17235,"comment_status":"open","ping_status":"open","sticky":false,"template":"","format":"standard","meta":{"footnotes":""},"categories":[1515,1524,2,23,887,3054],"tags":[44,973,3641],"_links":{"self":[{"href":"https:\/\/centralmedia.rs\/index.php\/wp-json\/wp\/v2\/posts\/17234"}],"collection":[{"href":"https:\/\/centralmedia.rs\/index.php\/wp-json\/wp\/v2\/posts"}],"about":[{"href":"https:\/\/centralmedia.rs\/index.php\/wp-json\/wp\/v2\/types\/post"}],"author":[{"embeddable":true,"href":"https:\/\/centralmedia.rs\/index.php\/wp-json\/wp\/v2\/users\/2"}],"replies":[{"embeddable":true,"href":"https:\/\/centralmedia.rs\/index.php\/wp-json\/wp\/v2\/comments?post=17234"}],"version-history":[{"count":1,"href":"https:\/\/centralmedia.rs\/index.php\/wp-json\/wp\/v2\/posts\/17234\/revisions"}],"predecessor-version":[{"id":17239,"href":"https:\/\/centralmedia.rs\/index.php\/wp-json\/wp\/v2\/posts\/17234\/revisions\/17239"}],"wp:featuredmedia":[{"embeddable":true,"href":"https:\/\/centralmedia.rs\/index.php\/wp-json\/wp\/v2\/media\/17235"}],"wp:attachment":[{"href":"https:\/\/centralmedia.rs\/index.php\/wp-json\/wp\/v2\/media?parent=17234"}],"wp:term":[{"taxonomy":"category","embeddable":true,"href":"https:\/\/centralmedia.rs\/index.php\/wp-json\/wp\/v2\/categories?post=17234"},{"taxonomy":"post_tag","embeddable":true,"href":"https:\/\/centralmedia.rs\/index.php\/wp-json\/wp\/v2\/tags?post=17234"}],"curies":[{"name":"wp","href":"https:\/\/api.w.org\/{rel}","templated":true}]}}