{"id":17246,"date":"2019-04-21T12:14:43","date_gmt":"2019-04-21T12:14:43","guid":{"rendered":"http:\/\/centralmedia.rs\/?p=17246"},"modified":"2019-04-24T11:58:22","modified_gmt":"2019-04-24T11:58:22","slug":"skupstina-jagodinskih-lovaca-cetvrtu-godinu-zaredom-bez-povecanja-clanarine","status":"publish","type":"post","link":"https:\/\/centralmedia.rs\/index.php\/2019\/04\/21\/skupstina-jagodinskih-lovaca-cetvrtu-godinu-zaredom-bez-povecanja-clanarine\/","title":{"rendered":"SKUP\u0160TINA JAGODINSKIH LOVACA &#8211; \u010cetvrtu godinu zaredom bez pove\u0107anja \u010dlanarine"},"content":{"rendered":"<p>JAGODINA- Jagodinski lovci podr\u017eali su na redovnoj sednici Skup\u0161ine LU dosada\u0161nje rezultate rada aktuelnog rukovodstva, a posebno su apostrofirali \u010dinjenicu da se cena \u010dlanarine ne\u0107e pove\u0107avati iako su pove\u0107ane dr\u017eavne naknade za divlja\u010d.<\/p>\n<p>&#8211; Ministarstvo poljoprivrede nam je za ovu godinu pove\u0107alo namete za 300.000 dinara, odnosno pove\u0107anje je duplirano u odnosu na predhodnu. Upravni i Nadzorni odbori su imali razne predloge od pove\u0107anja \u010dlanarine do pove\u0107anje cene mesa ili podele \u010dlanstva. Odlu\u010dio sam da ne podi\u017eemo \u010dlanarinu, radili smo dobro i imamo novac na ra\u010dunu da ne pove\u0107avamo \u010dlanarinu. Trenutno na ra\u010dunu imamo 1.470.000 dinara, rekao predsednik LU Aleksandar Miladinovi\u0107. i dodao da je udru\u017eenje lepo gazdovalo i ,,iskoristili smo mogu\u0107nost da pove\u0107amo plan lova na 105 srnda\u0107a ili 10 vi\u0161e nego pro\u0161le godine. Tako\u0111e, pove\u0107an je plan odstrela divljih svinja na 52. Realizovan je ugzoj fazanskih pili\u0107a i prodato 6.000 komada, dok je u lovi\u0161e pu\u0161teno 2.540 komada. Proizvodnja u Fazaneriji je bila 11.480 fazanskih pili\u0107a. Odstrel predatora pla\u0107en je 300.000 dinara. Radi se na rekonstrukciji objekata Fazanerije. Nastavi\u0107emo trend pove\u0107anja broja divlja\u010di i to je nava\u017eniji zadatak.&#8221;<\/p>\n<div id='gallery-1' class='gallery galleryid-17246 gallery-columns-4 gallery-size-full'><figure class='gallery-item'>\n\t\t\t<div class='gallery-icon landscape'>\n\t\t\t\t<a href='https:\/\/centralmedia.rs\/index.php\/2019\/04\/21\/skupstina-jagodinskih-lovaca-cetvrtu-godinu-zaredom-bez-povecanja-clanarine\/lovci2\/'><img loading=\"lazy\" decoding=\"async\" width=\"1280\" height=\"622\" src=\"https:\/\/centralmedia.rs\/wp-content\/uploads\/2019\/04\/lovci2.jpg\" class=\"attachment-full size-full\" alt=\"\" srcset=\"https:\/\/centralmedia.rs\/wp-content\/uploads\/2019\/04\/lovci2.jpg 1280w, https:\/\/centralmedia.rs\/wp-content\/uploads\/2019\/04\/lovci2-300x146.jpg 300w, https:\/\/centralmedia.rs\/wp-content\/uploads\/2019\/04\/lovci2-768x373.jpg 768w, https:\/\/centralmedia.rs\/wp-content\/uploads\/2019\/04\/lovci2-1024x498.jpg 1024w, https:\/\/centralmedia.rs\/wp-content\/uploads\/2019\/04\/lovci2-864x420.jpg 864w, https:\/\/centralmedia.rs\/wp-content\/uploads\/2019\/04\/lovci2-640x311.jpg 640w, https:\/\/centralmedia.rs\/wp-content\/uploads\/2019\/04\/lovci2-681x331.jpg 681w\" sizes=\"(max-width: 1280px) 100vw, 1280px\" \/><\/a>\n\t\t\t<\/div><\/figure><figure class='gallery-item'>\n\t\t\t<div class='gallery-icon landscape'>\n\t\t\t\t<a href='https:\/\/centralmedia.rs\/index.php\/2019\/04\/21\/skupstina-jagodinskih-lovaca-cetvrtu-godinu-zaredom-bez-povecanja-clanarine\/lovci-4\/'><img loading=\"lazy\" decoding=\"async\" width=\"1280\" height=\"622\" src=\"https:\/\/centralmedia.rs\/wp-content\/uploads\/2019\/04\/lovci.jpg\" class=\"attachment-full size-full\" alt=\"\" srcset=\"https:\/\/centralmedia.rs\/wp-content\/uploads\/2019\/04\/lovci.jpg 1280w, https:\/\/centralmedia.rs\/wp-content\/uploads\/2019\/04\/lovci-300x146.jpg 300w, https:\/\/centralmedia.rs\/wp-content\/uploads\/2019\/04\/lovci-768x373.jpg 768w, https:\/\/centralmedia.rs\/wp-content\/uploads\/2019\/04\/lovci-1024x498.jpg 1024w, https:\/\/centralmedia.rs\/wp-content\/uploads\/2019\/04\/lovci-864x420.jpg 864w, https:\/\/centralmedia.rs\/wp-content\/uploads\/2019\/04\/lovci-640x311.jpg 640w, https:\/\/centralmedia.rs\/wp-content\/uploads\/2019\/04\/lovci-681x331.jpg 681w\" sizes=\"(max-width: 1280px) 100vw, 1280px\" \/><\/a>\n\t\t\t<\/div><\/figure><figure class='gallery-item'>\n\t\t\t<div class='gallery-icon landscape'>\n\t\t\t\t<a href='https:\/\/centralmedia.rs\/index.php\/2019\/04\/21\/skupstina-jagodinskih-lovaca-cetvrtu-godinu-zaredom-bez-povecanja-clanarine\/lovci1\/'><img loading=\"lazy\" decoding=\"async\" width=\"1280\" height=\"622\" src=\"https:\/\/centralmedia.rs\/wp-content\/uploads\/2019\/04\/lovci1.jpg\" class=\"attachment-full size-full\" alt=\"\" srcset=\"https:\/\/centralmedia.rs\/wp-content\/uploads\/2019\/04\/lovci1.jpg 1280w, https:\/\/centralmedia.rs\/wp-content\/uploads\/2019\/04\/lovci1-300x146.jpg 300w, https:\/\/centralmedia.rs\/wp-content\/uploads\/2019\/04\/lovci1-768x373.jpg 768w, https:\/\/centralmedia.rs\/wp-content\/uploads\/2019\/04\/lovci1-1024x498.jpg 1024w, https:\/\/centralmedia.rs\/wp-content\/uploads\/2019\/04\/lovci1-864x420.jpg 864w, https:\/\/centralmedia.rs\/wp-content\/uploads\/2019\/04\/lovci1-640x311.jpg 640w, https:\/\/centralmedia.rs\/wp-content\/uploads\/2019\/04\/lovci1-681x331.jpg 681w\" sizes=\"(max-width: 1280px) 100vw, 1280px\" \/><\/a>\n\t\t\t<\/div><\/figure><figure class='gallery-item'>\n\t\t\t<div class='gallery-icon landscape'>\n\t\t\t\t<a href='https:\/\/centralmedia.rs\/index.php\/2019\/04\/21\/skupstina-jagodinskih-lovaca-cetvrtu-godinu-zaredom-bez-povecanja-clanarine\/lovci3\/'><img loading=\"lazy\" decoding=\"async\" width=\"1280\" height=\"622\" src=\"https:\/\/centralmedia.rs\/wp-content\/uploads\/2019\/04\/lovci3.jpg\" class=\"attachment-full size-full\" alt=\"\" srcset=\"https:\/\/centralmedia.rs\/wp-content\/uploads\/2019\/04\/lovci3.jpg 1280w, https:\/\/centralmedia.rs\/wp-content\/uploads\/2019\/04\/lovci3-300x146.jpg 300w, https:\/\/centralmedia.rs\/wp-content\/uploads\/2019\/04\/lovci3-768x373.jpg 768w, https:\/\/centralmedia.rs\/wp-content\/uploads\/2019\/04\/lovci3-1024x498.jpg 1024w, https:\/\/centralmedia.rs\/wp-content\/uploads\/2019\/04\/lovci3-864x420.jpg 864w, https:\/\/centralmedia.rs\/wp-content\/uploads\/2019\/04\/lovci3-640x311.jpg 640w, https:\/\/centralmedia.rs\/wp-content\/uploads\/2019\/04\/lovci3-681x331.jpg 681w\" sizes=\"(max-width: 1280px) 100vw, 1280px\" \/><\/a>\n\t\t\t<\/div><\/figure>\n\t\t<\/div>\n\n","protected":false},"excerpt":{"rendered":"<p>JAGODINA- Jagodinski lovci podr\u017eali su na redovnoj sednici Skup\u0161ine LU dosada\u0161nje rezultate rada aktuelnog rukovodstva, a posebno su apostrofirali \u010dinjenicu da se cena \u010dlanarine ne\u0107e &hellip; <\/p>\n","protected":false},"author":2,"featured_media":17247,"comment_status":"open","ping_status":"open","sticky":false,"template":"","format":"standard","meta":{"footnotes":""},"categories":[1524,2,1514,23,3054],"tags":[58,1786,2059],"_links":{"self":[{"href":"https:\/\/centralmedia.rs\/index.php\/wp-json\/wp\/v2\/posts\/17246"}],"collection":[{"href":"https:\/\/centralmedia.rs\/index.php\/wp-json\/wp\/v2\/posts"}],"about":[{"href":"https:\/\/centralmedia.rs\/index.php\/wp-json\/wp\/v2\/types\/post"}],"author":[{"embeddable":true,"href":"https:\/\/centralmedia.rs\/index.php\/wp-json\/wp\/v2\/users\/2"}],"replies":[{"embeddable":true,"href":"https:\/\/centralmedia.rs\/index.php\/wp-json\/wp\/v2\/comments?post=17246"}],"version-history":[{"count":3,"href":"https:\/\/centralmedia.rs\/index.php\/wp-json\/wp\/v2\/posts\/17246\/revisions"}],"predecessor-version":[{"id":17254,"href":"https:\/\/centralmedia.rs\/index.php\/wp-json\/wp\/v2\/posts\/17246\/revisions\/17254"}],"wp:featuredmedia":[{"embeddable":true,"href":"https:\/\/centralmedia.rs\/index.php\/wp-json\/wp\/v2\/media\/17247"}],"wp:attachment":[{"href":"https:\/\/centralmedia.rs\/index.php\/wp-json\/wp\/v2\/media?parent=17246"}],"wp:term":[{"taxonomy":"category","embeddable":true,"href":"https:\/\/centralmedia.rs\/index.php\/wp-json\/wp\/v2\/categories?post=17246"},{"taxonomy":"post_tag","embeddable":true,"href":"https:\/\/centralmedia.rs\/index.php\/wp-json\/wp\/v2\/tags?post=17246"}],"curies":[{"name":"wp","href":"https:\/\/api.w.org\/{rel}","templated":true}]}}