{"id":17255,"date":"2019-04-22T12:46:18","date_gmt":"2019-04-22T12:46:18","guid":{"rendered":"http:\/\/centralmedia.rs\/?p=17255"},"modified":"2019-04-24T11:58:10","modified_gmt":"2019-04-24T11:58:10","slug":"bivsi-radnici-staklare-zamrzli-strajk-gladu","status":"publish","type":"post","link":"https:\/\/centralmedia.rs\/index.php\/2019\/04\/22\/bivsi-radnici-staklare-zamrzli-strajk-gladu\/","title":{"rendered":"BIV\u0160I RADNICI STAKLARE ZAMRZLI \u0160TRAJK GLA\u0110U"},"content":{"rendered":"<p>PARA\u0106IN- Posle apela predsednika op\u0161tine Para\u0107in\u00a0 Sa\u0161e Paunovi\u0107a da prekinu \u0161trajk gla\u0111u, tridesetak biv\u0161ih radnika Srpske fabrike stakla, koji \u0161trajku gla\u0111u od petka preko puta Komercijalne zgrade SFS, doneli su danas odluku da zamrznu \u0161trajk. Op\u0161tinsko ve\u0107e i Skup\u0161tina op\u0161tine Para\u0107ina done\u0107e zaklju\u010dak da se hitno obrate Vladi Srbije i nadle\u017enim ministarstvima o re\u0161avanju radnog spora koji traje ve\u0107 20 meseci, odnosno od nepravosna\u017ene odluke o ste\u010daju, kada je 230 radnika izgubilo posao. Privredni Apelacioni sud u Beogradu je u decembru pro\u0161le godine odbacio predlog ste\u010daja u SFS, te su posledice koje su protistekle ni\u0161tave. \u0160trajka\u010di \u0107e dobiti jednokratnu finansijsku pomo\u0107, zbog te\u0161ke situacije u kojoj se nalaze.<\/p>\n<p>&#8211; Doneli smo odluku da zamrzavamo do daljeg \u0161tajk gla\u0111u. Predsednik op\u0161tine Paunovi\u0107 je svaki dan dolazi do nas i pozivao da prekinemo \u0161trajk gla\u0111u zbog zdravstvenih posledica. Desetak \u0161trajka\u010da je dobilo temperatru zbog hladnog vremena, dijabeti\u010darima je sko\u010dio \u0161e\u0107er na 24. Na Op\u0161tinskom ve\u0107u je usvojen zaklju\u010dak da se Vladi Srbije i nadle\u017enim ministarstvima uputi hitan apel da se re\u0161i nastali problem i ispo\u0161tuje odluka suda o povratku biv\u0161ih radnika na posao, kazala je Violeta Kosti\u0107.<\/p>\n<p>Biv\u0161im radnicima\u00a0 niko od rukovodstva \u00a0SFS se nije obratio od petka, iako su oni pozivali direktora Neboj\u0161u Bogdanovi\u0107a da im ka\u017ee kada \u0107e ih vratiti na posao. \u00a0O\u010dekuje se da zaklju\u010dke Ve\u0107a usvoje odbornici SO.<\/p>\n","protected":false},"excerpt":{"rendered":"<p>PARA\u0106IN- Posle apela predsednika op\u0161tine Para\u0107in\u00a0 Sa\u0161e Paunovi\u0107a da prekinu \u0161trajk gla\u0111u, tridesetak biv\u0161ih radnika Srpske fabrike stakla, koji \u0161trajku gla\u0111u od petka preko puta &hellip; <\/p>\n","protected":false},"author":2,"featured_media":17256,"comment_status":"open","ping_status":"open","sticky":false,"template":"","format":"standard","meta":{"footnotes":""},"categories":[22,1524,2,1516,887,12],"tags":[3631,156,3642,3643],"_links":{"self":[{"href":"https:\/\/centralmedia.rs\/index.php\/wp-json\/wp\/v2\/posts\/17255"}],"collection":[{"href":"https:\/\/centralmedia.rs\/index.php\/wp-json\/wp\/v2\/posts"}],"about":[{"href":"https:\/\/centralmedia.rs\/index.php\/wp-json\/wp\/v2\/types\/post"}],"author":[{"embeddable":true,"href":"https:\/\/centralmedia.rs\/index.php\/wp-json\/wp\/v2\/users\/2"}],"replies":[{"embeddable":true,"href":"https:\/\/centralmedia.rs\/index.php\/wp-json\/wp\/v2\/comments?post=17255"}],"version-history":[{"count":1,"href":"https:\/\/centralmedia.rs\/index.php\/wp-json\/wp\/v2\/posts\/17255\/revisions"}],"predecessor-version":[{"id":17257,"href":"https:\/\/centralmedia.rs\/index.php\/wp-json\/wp\/v2\/posts\/17255\/revisions\/17257"}],"wp:featuredmedia":[{"embeddable":true,"href":"https:\/\/centralmedia.rs\/index.php\/wp-json\/wp\/v2\/media\/17256"}],"wp:attachment":[{"href":"https:\/\/centralmedia.rs\/index.php\/wp-json\/wp\/v2\/media?parent=17255"}],"wp:term":[{"taxonomy":"category","embeddable":true,"href":"https:\/\/centralmedia.rs\/index.php\/wp-json\/wp\/v2\/categories?post=17255"},{"taxonomy":"post_tag","embeddable":true,"href":"https:\/\/centralmedia.rs\/index.php\/wp-json\/wp\/v2\/tags?post=17255"}],"curies":[{"name":"wp","href":"https:\/\/api.w.org\/{rel}","templated":true}]}}