{"id":17262,"date":"2019-04-22T14:36:30","date_gmt":"2019-04-22T14:36:30","guid":{"rendered":"http:\/\/centralmedia.rs\/?p=17262"},"modified":"2019-04-23T13:57:58","modified_gmt":"2019-04-23T13:57:58","slug":"u-hurgadi-su-se-susreli-palma-i-naser","status":"publish","type":"post","link":"https:\/\/centralmedia.rs\/index.php\/2019\/04\/22\/u-hurgadi-su-se-susreli-palma-i-naser\/","title":{"rendered":"U HURGADI SU SE SUSRELI PALMA I NASER"},"content":{"rendered":"<p>Predsednik Jedinstvene Srbije, narodni poslanik i predsednik Skup\u0161tine Grada Jagodina Dragan Markovi\u0107 Palma susreo se danas u Hurgadi u Egiptu sa gospodinom Tarikom Naserom, najmla\u0111im bratom nekada\u0161njeg predsednika Egipta Gamal Abdela Nasera.<br \/>\nPredsednik Markovi\u0107 je tom prilikom podsetio na period izuzetno dobre saradnje Egipta i biv\u0161e Jugoslavije iz vremena predsednika Josipa Broza Tita i predsednika Abdela Nasera, dva dr\u017eavnika koji su na Brionima, na kojima je on kao gardista slu\u017eio vojsku, i osnovali Pokret nesvrstanih zemalja, u kojem je \u010dlanstvo imalo vi\u0161e od 100 dr\u017eava.<br \/>\n&#8221; \u017delimo da ja\u010da ekonomska saradnja izme\u0111u Egipta i Srbije, \u017eelimo da Egipat u svim me\u0111unarodnim institucijama glasa za me\u0111unarodno pravo i istinu koji su na strani Srbije kada je u pitanju Kosovo i Metohija.<br \/>\nPozvao sam gospodina Tarika Nasera da do\u0111e sa delegacijom privrednika u Srbiju, imaju\u0107i u vidu da je on jedan uspe\u0161an privrednik u Egiptu, \u0161to je rado i prihvatio. Ponudi\u0107u mu hektar zemlji\u0161ta u jagodinskoj industrijskoj zoni gde bi on izgradio fabriku i zaposlio ljude. Zamolio sam ga da iskoristi to \u0161to je poznat \u0161irom arapskog sveta i da pomogne da se jo\u0161 vi\u0161e razvija saradnja Srbije sa drugim brojnim arapskim dr\u017eavama, kako na ekonomskom planu tako, i na planu sve ve\u0107e podr\u0161ke Srbiji u me\u0111unarodnim institucijama od strane tih dr\u017eava. Tarik Naser je moj predlog sa zadovoljstvom prihvatio&#8221; izjavio je predsednik Markovi\u0107.<br \/>\nNajmla\u0111i brat nekada\u0161njeg predsednika Egipta Abdela Nasera, Tarik Naser izjavio je da se rado se\u0107a perioda saradnje Tita i Nasera jer je Tito bio veliki vo\u0111a jugoslovenskih naroda.<br \/>\n&#8220;Mislim da mo\u017eemo saradnju Egipta i Srbije da podignemo na mnogo vi\u0161i nivo, onakav kakav je bio u vreme Tita i mog brata&#8221; izjavio je Tarik Naser.<br \/>\nTarik Naser \u017eivi u Kairu i u Hurgadu je do\u0161ao specijalno da bi se susreo sa predsednikom Draganom Markovi\u0107em Palmom i srpskom delegacijom.<br \/>\nSastanku su prisustvovali sin ministra inostranih poslova Luka Da\u010di\u0107, ambasador Srbije u Egiptu Jugoslav Vukadinovi\u0107 i Goran Milosavljevi\u0107, na\u010delnik Pomoravskog okruga.<\/p>\n<p><img loading=\"lazy\" decoding=\"async\" class=\"alignnone wp-image-17264 size-large\" src=\"http:\/\/centralmedia.rs\/wp-content\/uploads\/2019\/04\/IMG-20190422-WA0006-681x1024.jpg\" alt=\"\" width=\"640\" height=\"962\" srcset=\"https:\/\/centralmedia.rs\/wp-content\/uploads\/2019\/04\/IMG-20190422-WA0006-681x1023.jpg 681w, https:\/\/centralmedia.rs\/wp-content\/uploads\/2019\/04\/IMG-20190422-WA0006-200x300.jpg 200w, https:\/\/centralmedia.rs\/wp-content\/uploads\/2019\/04\/IMG-20190422-WA0006-768x1154.jpg 768w, https:\/\/centralmedia.rs\/wp-content\/uploads\/2019\/04\/IMG-20190422-WA0006-279x420.jpg 279w, https:\/\/centralmedia.rs\/wp-content\/uploads\/2019\/04\/IMG-20190422-WA0006-640x962.jpg 640w, https:\/\/centralmedia.rs\/wp-content\/uploads\/2019\/04\/IMG-20190422-WA0006.jpg 875w\" sizes=\"(max-width: 640px) 100vw, 640px\" \/><\/p>\n","protected":false},"excerpt":{"rendered":"<p>Predsednik Jedinstvene Srbije, narodni poslanik i predsednik Skup\u0161tine Grada Jagodina Dragan Markovi\u0107 Palma susreo se danas u Hurgadi u Egiptu sa gospodinom Tarikom Naserom, najmla\u0111im &hellip; <\/p>\n","protected":false},"author":2,"featured_media":17263,"comment_status":"open","ping_status":"open","sticky":false,"template":"","format":"standard","meta":{"footnotes":""},"categories":[1524,2,1514,13,12],"tags":[3513,3644,120],"_links":{"self":[{"href":"https:\/\/centralmedia.rs\/index.php\/wp-json\/wp\/v2\/posts\/17262"}],"collection":[{"href":"https:\/\/centralmedia.rs\/index.php\/wp-json\/wp\/v2\/posts"}],"about":[{"href":"https:\/\/centralmedia.rs\/index.php\/wp-json\/wp\/v2\/types\/post"}],"author":[{"embeddable":true,"href":"https:\/\/centralmedia.rs\/index.php\/wp-json\/wp\/v2\/users\/2"}],"replies":[{"embeddable":true,"href":"https:\/\/centralmedia.rs\/index.php\/wp-json\/wp\/v2\/comments?post=17262"}],"version-history":[{"count":1,"href":"https:\/\/centralmedia.rs\/index.php\/wp-json\/wp\/v2\/posts\/17262\/revisions"}],"predecessor-version":[{"id":17265,"href":"https:\/\/centralmedia.rs\/index.php\/wp-json\/wp\/v2\/posts\/17262\/revisions\/17265"}],"wp:featuredmedia":[{"embeddable":true,"href":"https:\/\/centralmedia.rs\/index.php\/wp-json\/wp\/v2\/media\/17263"}],"wp:attachment":[{"href":"https:\/\/centralmedia.rs\/index.php\/wp-json\/wp\/v2\/media?parent=17262"}],"wp:term":[{"taxonomy":"category","embeddable":true,"href":"https:\/\/centralmedia.rs\/index.php\/wp-json\/wp\/v2\/categories?post=17262"},{"taxonomy":"post_tag","embeddable":true,"href":"https:\/\/centralmedia.rs\/index.php\/wp-json\/wp\/v2\/tags?post=17262"}],"curies":[{"name":"wp","href":"https:\/\/api.w.org\/{rel}","templated":true}]}}