{"id":17302,"date":"2019-04-24T11:55:46","date_gmt":"2019-04-24T11:55:46","guid":{"rendered":"http:\/\/centralmedia.rs\/?p=17302"},"modified":"2019-04-29T16:05:52","modified_gmt":"2019-04-29T16:05:52","slug":"palma-srbija-od-egipta-samo-trazi-glas-za-pravo-i-pravdu-u-medunarodnim-institucijama","status":"publish","type":"post","link":"https:\/\/centralmedia.rs\/index.php\/2019\/04\/24\/palma-srbija-od-egipta-samo-trazi-glas-za-pravo-i-pravdu-u-medunarodnim-institucijama\/","title":{"rendered":"PALMA : SRBIJA OD EGIPTA SAMO TRA\u017dI GLAS ZA PRAVO I PRAVDU U ME\u0110UNARODNIM INSTITUCIJAMA"},"content":{"rendered":"<p>Na sastanku privrednih delegacija iz Srbije i Egipta, koje su predvodili Dragan Markovi\u0107 Palma i guverner Ahmad Abdalah, predsednik Markovi\u0107 je \u010destitao generalu Abdalahu i predsedniku El Sisiju na uspe\u0161no sprovedenom referendumu na kome su gra\u0111ani podr\u017eali ustavne promene i na taj na\u010din dali veliku podr\u0161ku politici predsednika El Sisija.<br \/>\n&#8221; Srbija je dr\u017eava sa najboljim uslovima na Balkanu za investiranje, u na\u0161oj zemlji postoji politi\u010dka stabilnost, ona danas ima nikad ve\u0107u me\u0111unarodnu popularnost i ekonomsku sigurnost zahvaljuju\u0107i politici predsednika Aleksandra Vu\u010di\u0107a i ministra inostranih poslova Ivice Da\u010di\u0107a. U Srbiji se sedam godina nije menjao kurs dinara. Uz to na\u0161a zemlja ima potpisane ugovore o slobodnoj trgovini sa brojnim dr\u017eavama \u0161to je jo\u0161 jedna povoljnost za investiranje u Srbiju. Dr\u017eava daje subvencije na osnovu vrednosti investicije i broja zaposlenih.<br \/>\nNa\u0161 zadatak je da pobolj\u0161amo ekonomsku saradnju na\u0161ih dr\u017eava, da Egipat da prioritet srpskim proizvodima u svom uvozu, jer su na\u0161i proizvodi kvalitetom i cenom konkurenti sa proizvodima iz drugih zemalja.<br \/>\nMi \u0107emo sa na\u0161e strane u\u010diniti sve da ta saradnja bude na obostranu korist. Jedino \u0161to tra\u017eimo od Egipta jeste da u me\u0111unarodnim institucijama glasa za me\u0111unarodno pravo i pravdu koja je, kada je u pitanju Srbija, na na\u0161oj strani&#8221; rekao je Markovi\u0107.<\/p>\n<blockquote><p>Egipat da bude na strani Srbije<br \/>\nDragan Markovi\u0107 Palma je na sastanku rekao da o\u010dekuje da Egipat, kao zemlja koja trenutno predsedava Afri\u010dkom unijom i koja je najuticajnija dr\u017eava Arapske lige, iskoristi svoju poziciju i uka\u017ee drugim dr\u017eavama, \u010dlanicama ovih organizacija, da je me\u0111unarodno pravo i istina, koje se u kontinuitetu flagrantno kr\u0161i, na strani Srbije kada je u pitanju Kosovo i Metohija.<br \/>\nNa sastanku je dogovoreno da se u narednom periodu poja\u010da privredna saradnja dve dr\u017eave, da se oktobar mesec proglasi mesecom srpske kulture u regiji Crvenog mora, da 30 lekara iz Egipta u junu mesecu poseti Srbiju, kao i da vlasnici hotela koji grade u ovoj regiji nabavljaju name\u0161taj od kompanije Jela iz Jagodine i da kupe avione za poletanje i sletanje po vodi od kompanije Aero East iz Jagodine.<\/p><\/blockquote>\n<p>GUVERNER ABDALAH : OKTOBAR MESEC SRPSKE KULTURE U HURGADI<\/p>\n<p>Guverner Crvenog mora, general Ahmed Abdalah rekao je da \u0107e Poslovni savet Srbija &#8211; Egipat doprineti ja\u010danju sveukupnih odnosa. Rekao je da \u0107e u Hurgadi mesec oktobar, u \u010dast Dragana Markovi\u0107a Palme koji je pro\u0161log oktobra prvi put posetio regiju Crvenog mora, proglasiti mesecom srpske kulture u regiji Crvenog mora , kao i da \u0107e \u0161tampati katalog srpskih proizvoda koje \u0107e deliti privrednicima u Egiptu.<br \/>\nDoma\u0107ini su pokazali veliku zainteresovanost za proizvode koje su nudili \u010dlanovi srpske delegacije, naro\u010dito za name\u0161taj za opremanje hotela i za lake civilne avione za sletanje na vodu koji se proizvode u Jagodini. U me\u0111usobnim kontaktima privrednici su ve\u0107 dogovorili posetu egipatskih biznismena Srbiji i sklapanje prvih poslova.<br \/>\nU politi\u010dko &#8211; privrednoj delegaciji koju predvodi Dragan Markovi\u0107 Palma bili su i ambasador Srbije u Egiptu Jugoslav Vukadinovi\u0107, Luka Da\u010di\u0107, narodni poslanici Vojislav Vuji\u0107 i \u0110or\u0111e Kosani\u0107, Ratko Stevanovi\u0107 gradona\u010delnik Jagodine, Goran Milosavljevi\u0107 na\u010delnik Pomoravskog okruga, \u017divota Stra\u010devi\u0107 portparol Jedinstvene Srbije, zatim vlasnici kompanija kao \u0161to je Miroljub Radovanovi\u0107 vlasnik fabrike name\u0161taja Jela iz Jagodine, Milorad Mati\u0107 vlasnik fabrike aviona Aero East iz Jagodine i brojni drugi.<\/p>\n","protected":false},"excerpt":{"rendered":"<p>Na sastanku privrednih delegacija iz Srbije i Egipta, koje su predvodili Dragan Markovi\u0107 Palma i guverner Ahmad Abdalah, predsednik Markovi\u0107 je \u010destitao generalu Abdalahu i &hellip; <\/p>\n","protected":false},"author":2,"featured_media":17275,"comment_status":"open","ping_status":"open","sticky":false,"template":"","format":"standard","meta":{"footnotes":""},"categories":[1524,2,1514,13,12],"tags":[3513,58,120],"_links":{"self":[{"href":"https:\/\/centralmedia.rs\/index.php\/wp-json\/wp\/v2\/posts\/17302"}],"collection":[{"href":"https:\/\/centralmedia.rs\/index.php\/wp-json\/wp\/v2\/posts"}],"about":[{"href":"https:\/\/centralmedia.rs\/index.php\/wp-json\/wp\/v2\/types\/post"}],"author":[{"embeddable":true,"href":"https:\/\/centralmedia.rs\/index.php\/wp-json\/wp\/v2\/users\/2"}],"replies":[{"embeddable":true,"href":"https:\/\/centralmedia.rs\/index.php\/wp-json\/wp\/v2\/comments?post=17302"}],"version-history":[{"count":1,"href":"https:\/\/centralmedia.rs\/index.php\/wp-json\/wp\/v2\/posts\/17302\/revisions"}],"predecessor-version":[{"id":17303,"href":"https:\/\/centralmedia.rs\/index.php\/wp-json\/wp\/v2\/posts\/17302\/revisions\/17303"}],"wp:featuredmedia":[{"embeddable":true,"href":"https:\/\/centralmedia.rs\/index.php\/wp-json\/wp\/v2\/media\/17275"}],"wp:attachment":[{"href":"https:\/\/centralmedia.rs\/index.php\/wp-json\/wp\/v2\/media?parent=17302"}],"wp:term":[{"taxonomy":"category","embeddable":true,"href":"https:\/\/centralmedia.rs\/index.php\/wp-json\/wp\/v2\/categories?post=17302"},{"taxonomy":"post_tag","embeddable":true,"href":"https:\/\/centralmedia.rs\/index.php\/wp-json\/wp\/v2\/tags?post=17302"}],"curies":[{"name":"wp","href":"https:\/\/api.w.org\/{rel}","templated":true}]}}