{"id":17305,"date":"2019-04-24T12:52:31","date_gmt":"2019-04-24T12:52:31","guid":{"rendered":"http:\/\/centralmedia.rs\/?p=17305"},"modified":"2019-04-25T18:38:51","modified_gmt":"2019-04-25T18:38:51","slug":"neuspeo-cirkus-paracinskog-sns-odbornici-prespavali-u-skupstinskoj-sali-iz-koje-su-mogli-da-izadu-kad-god-pozele","status":"publish","type":"post","link":"https:\/\/centralmedia.rs\/index.php\/2019\/04\/24\/neuspeo-cirkus-paracinskog-sns-odbornici-prespavali-u-skupstinskoj-sali-iz-koje-su-mogli-da-izadu-kad-god-pozele\/","title":{"rendered":"NEUSPEO ,,CIRKUS&#8221; PARA\u0106INSKOG SNS &#8211; ODBORNICI PRESPAVALI U SKUP\u0160TINSKOJ SALI IZ KOJE SU MOGLI DA IZA\u0110U KAD GOD PO\u017dELE"},"content":{"rendered":"<p>PARA\u0106IN- U lo\u0161e osmi\u0161ljenoj re\u017eiji, aktivisti i odbornici para\u0107inskog SNS upali su u op\u0161tinu i bez ikakavih zahteva pre desetak dana ,,okupirali&#8221; su salu ukojoj se odr\u017eavaju sednice skup\u0161tine. To je dovelo\u00a0 do problema u radu op\u0161tinskih slu\u017ebi koje pru\u017eaju gra\u0111anima razne usluge, a zatim je niz doga\u0111aja zloupotrebljen za poku\u0161aj da se na nacionalnom nivou, medijskim spinom, iz svih ,,oru\u017eja&#8221; rukovodstvo op\u0161tine Para\u0107in, potpuno neopravdano predstavi ,,fa\u0161istima&#8221; koji dr\u017ee ,,zaklju\u010dane&#8221; odbornike SNS u zgradi op\u0161tine. Odbornici su dobrovoljno \u017eeleli da prespavaju u skup\u0161tinskoj sali i u svakom trenutku mogli su da iza\u0111u, \u0161to je bilo vidno i kada se odbornik SNS Milan Ili\u0107 slobodno \u0161etao po zgradi op\u0161tine i raspravljao sa predsednikom Sa\u0161om Paunovi\u0107em.<\/p>\n<div id='gallery-1' class='gallery galleryid-17305 gallery-columns-7 gallery-size-thumbnail'><figure class='gallery-item'>\n\t\t\t<div class='gallery-icon landscape'>\n\t\t\t\t<a href='https:\/\/centralmedia.rs\/index.php\/2019\/04\/24\/neuspeo-cirkus-paracinskog-sns-odbornici-prespavali-u-skupstinskoj-sali-iz-koje-su-mogli-da-izadu-kad-god-pozele\/foto6\/'><img loading=\"lazy\" decoding=\"async\" width=\"150\" height=\"150\" src=\"https:\/\/centralmedia.rs\/wp-content\/uploads\/2019\/04\/foto6-150x150.jpg\" class=\"attachment-thumbnail size-thumbnail\" alt=\"\" \/><\/a>\n\t\t\t<\/div><\/figure><figure class='gallery-item'>\n\t\t\t<div class='gallery-icon landscape'>\n\t\t\t\t<a href='https:\/\/centralmedia.rs\/index.php\/2019\/04\/24\/neuspeo-cirkus-paracinskog-sns-odbornici-prespavali-u-skupstinskoj-sali-iz-koje-su-mogli-da-izadu-kad-god-pozele\/foto5\/'><img loading=\"lazy\" decoding=\"async\" width=\"150\" height=\"150\" src=\"https:\/\/centralmedia.rs\/wp-content\/uploads\/2019\/04\/foto5-150x150.jpg\" class=\"attachment-thumbnail size-thumbnail\" alt=\"\" \/><\/a>\n\t\t\t<\/div><\/figure><figure class='gallery-item'>\n\t\t\t<div class='gallery-icon landscape'>\n\t\t\t\t<a href='https:\/\/centralmedia.rs\/index.php\/2019\/04\/24\/neuspeo-cirkus-paracinskog-sns-odbornici-prespavali-u-skupstinskoj-sali-iz-koje-su-mogli-da-izadu-kad-god-pozele\/foto4\/'><img loading=\"lazy\" decoding=\"async\" width=\"150\" height=\"150\" src=\"https:\/\/centralmedia.rs\/wp-content\/uploads\/2019\/04\/foto4-150x150.jpg\" class=\"attachment-thumbnail size-thumbnail\" alt=\"\" \/><\/a>\n\t\t\t<\/div><\/figure><figure class='gallery-item'>\n\t\t\t<div class='gallery-icon landscape'>\n\t\t\t\t<a href='https:\/\/centralmedia.rs\/index.php\/2019\/04\/24\/neuspeo-cirkus-paracinskog-sns-odbornici-prespavali-u-skupstinskoj-sali-iz-koje-su-mogli-da-izadu-kad-god-pozele\/foto3\/'><img loading=\"lazy\" decoding=\"async\" width=\"150\" height=\"150\" src=\"https:\/\/centralmedia.rs\/wp-content\/uploads\/2019\/04\/foto3-150x150.jpg\" class=\"attachment-thumbnail size-thumbnail\" alt=\"\" \/><\/a>\n\t\t\t<\/div><\/figure><figure class='gallery-item'>\n\t\t\t<div class='gallery-icon landscape'>\n\t\t\t\t<a href='https:\/\/centralmedia.rs\/index.php\/2019\/04\/24\/neuspeo-cirkus-paracinskog-sns-odbornici-prespavali-u-skupstinskoj-sali-iz-koje-su-mogli-da-izadu-kad-god-pozele\/foto2\/'><img loading=\"lazy\" decoding=\"async\" width=\"150\" height=\"150\" src=\"https:\/\/centralmedia.rs\/wp-content\/uploads\/2019\/04\/foto2-150x150.jpg\" class=\"attachment-thumbnail size-thumbnail\" alt=\"\" \/><\/a>\n\t\t\t<\/div><\/figure><figure class='gallery-item'>\n\t\t\t<div class='gallery-icon landscape'>\n\t\t\t\t<a href='https:\/\/centralmedia.rs\/index.php\/2019\/04\/24\/neuspeo-cirkus-paracinskog-sns-odbornici-prespavali-u-skupstinskoj-sali-iz-koje-su-mogli-da-izadu-kad-god-pozele\/foto1\/'><img loading=\"lazy\" decoding=\"async\" width=\"150\" height=\"150\" src=\"https:\/\/centralmedia.rs\/wp-content\/uploads\/2019\/04\/foto1-150x150.jpg\" class=\"attachment-thumbnail size-thumbnail\" alt=\"\" \/><\/a>\n\t\t\t<\/div><\/figure><figure class='gallery-item'>\n\t\t\t<div class='gallery-icon landscape'>\n\t\t\t\t<a href='https:\/\/centralmedia.rs\/index.php\/2019\/04\/24\/neuspeo-cirkus-paracinskog-sns-odbornici-prespavali-u-skupstinskoj-sali-iz-koje-su-mogli-da-izadu-kad-god-pozele\/foto-9\/'><img loading=\"lazy\" decoding=\"async\" width=\"150\" height=\"150\" src=\"https:\/\/centralmedia.rs\/wp-content\/uploads\/2019\/04\/foto-1-150x150.jpg\" class=\"attachment-thumbnail size-thumbnail\" alt=\"\" \/><\/a>\n\t\t\t<\/div><\/figure>\n\t\t<\/div>\n\n<p>U petak, 12. Aprila, oko 14 sati, grupa aktivista i odbornika SNS nasilno je u\u0161la je u zgradu op\u0161tine Para\u0107in i uputila se ka Predsedni\u0161tvu, a zatim u\u0161la u skup\u0161tinsku salu. Bez ikakvih zahteva, sa transparentima u rukama na kojima je pisalo \u201e\u017delimo pristojan Para\u0107in\u201c, \u201eLopovi\u201c, \u201ePaune vrati pare narodu\u201c, \u201eIzdajnik dr\u017eave\u201c, oni su okupirali salu za skup\u0161tinske sednice. Poslu\u017eeni su sokom i kafom.<\/p>\n<div id='gallery-2' class='gallery galleryid-17305 gallery-columns-5 gallery-size-thumbnail'><figure class='gallery-item'>\n\t\t\t<div class='gallery-icon landscape'>\n\t\t\t\t<a href='https:\/\/centralmedia.rs\/index.php\/2019\/04\/12\/aktivisti-sns-upali-u-paracinsku-skupstinu-opstine\/sns-upad-u-opstinu-1\/'><img loading=\"lazy\" decoding=\"async\" width=\"150\" height=\"150\" src=\"https:\/\/centralmedia.rs\/wp-content\/uploads\/2019\/04\/sns-upad-u-opstinu-1-150x150.jpg\" class=\"attachment-thumbnail size-thumbnail\" alt=\"\" \/><\/a>\n\t\t\t<\/div><\/figure><figure class='gallery-item'>\n\t\t\t<div class='gallery-icon landscape'>\n\t\t\t\t<a href='https:\/\/centralmedia.rs\/index.php\/2019\/04\/12\/aktivisti-sns-upali-u-paracinsku-skupstinu-opstine\/sns-upad-u-opstinu\/'><img loading=\"lazy\" decoding=\"async\" width=\"150\" height=\"150\" src=\"https:\/\/centralmedia.rs\/wp-content\/uploads\/2019\/04\/sns-upad-u-opstinu-150x150.jpg\" class=\"attachment-thumbnail size-thumbnail\" alt=\"\" \/><\/a>\n\t\t\t<\/div><\/figure><figure class='gallery-item'>\n\t\t\t<div class='gallery-icon landscape'>\n\t\t\t\t<a href='https:\/\/centralmedia.rs\/index.php\/2019\/04\/12\/aktivisti-sns-upali-u-paracinsku-skupstinu-opstine\/sns-upad-u-opstinu2\/'><img loading=\"lazy\" decoding=\"async\" width=\"150\" height=\"150\" src=\"https:\/\/centralmedia.rs\/wp-content\/uploads\/2019\/04\/sns-upad-u-opstinu2-150x150.jpg\" class=\"attachment-thumbnail size-thumbnail\" alt=\"\" \/><\/a>\n\t\t\t<\/div><\/figure><figure class='gallery-item'>\n\t\t\t<div class='gallery-icon landscape'>\n\t\t\t\t<a href='https:\/\/centralmedia.rs\/index.php\/2019\/04\/12\/aktivisti-sns-upali-u-paracinsku-skupstinu-opstine\/sns-upad-u-opstinu3\/'><img loading=\"lazy\" decoding=\"async\" width=\"150\" height=\"150\" src=\"https:\/\/centralmedia.rs\/wp-content\/uploads\/2019\/04\/sns-upad-u-opstinu3-150x150.jpg\" class=\"attachment-thumbnail size-thumbnail\" alt=\"\" \/><\/a>\n\t\t\t<\/div><\/figure><figure class='gallery-item'>\n\t\t\t<div class='gallery-icon landscape'>\n\t\t\t\t<a href='https:\/\/centralmedia.rs\/index.php\/2019\/04\/12\/aktivisti-sns-upali-u-paracinsku-skupstinu-opstine\/sns-upad-u-opstinu4\/'><img loading=\"lazy\" decoding=\"async\" width=\"150\" height=\"150\" src=\"https:\/\/centralmedia.rs\/wp-content\/uploads\/2019\/04\/sns-upad-u-opstinu4--150x150.jpg\" class=\"attachment-thumbnail size-thumbnail\" alt=\"\" \/><\/a>\n\t\t\t<\/div><\/figure>\n\t\t<\/div>\n\n<blockquote><p>\u017dALBE NA TRETMAN<\/p>\n<p>Op\u0161tinski odbor SNS Para\u0107in je u saop\u0161tenju naveo da je ,,predsednik op\u0161tine Sa\u0161a Paunovi\u0107 zaklju\u010dao odbornike te stranke koji su u\u0161li u prostorije op\u0161tine, skinuo ru\u010dke sa vrata od prostorija u kojima se nalaze, zaklju\u010dao toalete i spre\u010dio ih \u010dak i da koriste vodu&#8221;. Paunovi\u0107 je nazvan ,,fa\u0161istom&#8221;.<\/p><\/blockquote>\n<div id='gallery-3' class='gallery galleryid-17305 gallery-columns-4 gallery-size-full'><figure class='gallery-item'>\n\t\t\t<div class='gallery-icon landscape'>\n\t\t\t\t<a href='https:\/\/centralmedia.rs\/index.php\/2019\/04\/12\/povodom-upada-aktivista-sns-u-zgradu-opstine-vanredna-sednica-so-paracin-odbornici-osudili-nasilniciki-upad-i-zatrazili-sankcije\/opstina-pod-opasdom\/'><img loading=\"lazy\" decoding=\"async\" width=\"960\" height=\"720\" src=\"https:\/\/centralmedia.rs\/wp-content\/uploads\/2019\/04\/opstina-pod-opasdom.jpg\" class=\"attachment-full size-full\" alt=\"\" srcset=\"https:\/\/centralmedia.rs\/wp-content\/uploads\/2019\/04\/opstina-pod-opasdom.jpg 960w, https:\/\/centralmedia.rs\/wp-content\/uploads\/2019\/04\/opstina-pod-opasdom-300x225.jpg 300w, https:\/\/centralmedia.rs\/wp-content\/uploads\/2019\/04\/opstina-pod-opasdom-768x576.jpg 768w, https:\/\/centralmedia.rs\/wp-content\/uploads\/2019\/04\/opstina-pod-opasdom-560x420.jpg 560w, https:\/\/centralmedia.rs\/wp-content\/uploads\/2019\/04\/opstina-pod-opasdom-80x60.jpg 80w, https:\/\/centralmedia.rs\/wp-content\/uploads\/2019\/04\/opstina-pod-opasdom-100x75.jpg 100w, https:\/\/centralmedia.rs\/wp-content\/uploads\/2019\/04\/opstina-pod-opasdom-180x135.jpg 180w, https:\/\/centralmedia.rs\/wp-content\/uploads\/2019\/04\/opstina-pod-opasdom-238x178.jpg 238w, https:\/\/centralmedia.rs\/wp-content\/uploads\/2019\/04\/opstina-pod-opasdom-640x480.jpg 640w, https:\/\/centralmedia.rs\/wp-content\/uploads\/2019\/04\/opstina-pod-opasdom-681x511.jpg 681w\" sizes=\"(max-width: 960px) 100vw, 960px\" \/><\/a>\n\t\t\t<\/div><\/figure><figure class='gallery-item'>\n\t\t\t<div class='gallery-icon landscape'>\n\t\t\t\t<a href='https:\/\/centralmedia.rs\/index.php\/2019\/04\/12\/povodom-upada-aktivista-sns-u-zgradu-opstine-vanredna-sednica-so-paracin-odbornici-osudili-nasilniciki-upad-i-zatrazili-sankcije\/upad2\/'><img loading=\"lazy\" decoding=\"async\" width=\"1280\" height=\"960\" src=\"https:\/\/centralmedia.rs\/wp-content\/uploads\/2019\/04\/upad2.jpg\" class=\"attachment-full size-full\" alt=\"\" srcset=\"https:\/\/centralmedia.rs\/wp-content\/uploads\/2019\/04\/upad2.jpg 1280w, https:\/\/centralmedia.rs\/wp-content\/uploads\/2019\/04\/upad2-300x225.jpg 300w, https:\/\/centralmedia.rs\/wp-content\/uploads\/2019\/04\/upad2-768x576.jpg 768w, https:\/\/centralmedia.rs\/wp-content\/uploads\/2019\/04\/upad2-1024x768.jpg 1024w, https:\/\/centralmedia.rs\/wp-content\/uploads\/2019\/04\/upad2-560x420.jpg 560w, https:\/\/centralmedia.rs\/wp-content\/uploads\/2019\/04\/upad2-80x60.jpg 80w, https:\/\/centralmedia.rs\/wp-content\/uploads\/2019\/04\/upad2-100x75.jpg 100w, https:\/\/centralmedia.rs\/wp-content\/uploads\/2019\/04\/upad2-180x135.jpg 180w, https:\/\/centralmedia.rs\/wp-content\/uploads\/2019\/04\/upad2-238x178.jpg 238w, https:\/\/centralmedia.rs\/wp-content\/uploads\/2019\/04\/upad2-640x480.jpg 640w, https:\/\/centralmedia.rs\/wp-content\/uploads\/2019\/04\/upad2-681x511.jpg 681w\" sizes=\"(max-width: 1280px) 100vw, 1280px\" \/><\/a>\n\t\t\t<\/div><\/figure><figure class='gallery-item'>\n\t\t\t<div class='gallery-icon landscape'>\n\t\t\t\t<a href='https:\/\/centralmedia.rs\/index.php\/2019\/04\/12\/povodom-upada-aktivista-sns-u-zgradu-opstine-vanredna-sednica-so-paracin-odbornici-osudili-nasilniciki-upad-i-zatrazili-sankcije\/upad11\/'><img loading=\"lazy\" decoding=\"async\" width=\"1280\" height=\"960\" src=\"https:\/\/centralmedia.rs\/wp-content\/uploads\/2019\/04\/upad11.jpg\" class=\"attachment-full size-full\" alt=\"\" srcset=\"https:\/\/centralmedia.rs\/wp-content\/uploads\/2019\/04\/upad11.jpg 1280w, https:\/\/centralmedia.rs\/wp-content\/uploads\/2019\/04\/upad11-300x225.jpg 300w, https:\/\/centralmedia.rs\/wp-content\/uploads\/2019\/04\/upad11-768x576.jpg 768w, https:\/\/centralmedia.rs\/wp-content\/uploads\/2019\/04\/upad11-1024x768.jpg 1024w, https:\/\/centralmedia.rs\/wp-content\/uploads\/2019\/04\/upad11-560x420.jpg 560w, https:\/\/centralmedia.rs\/wp-content\/uploads\/2019\/04\/upad11-80x60.jpg 80w, https:\/\/centralmedia.rs\/wp-content\/uploads\/2019\/04\/upad11-100x75.jpg 100w, https:\/\/centralmedia.rs\/wp-content\/uploads\/2019\/04\/upad11-180x135.jpg 180w, https:\/\/centralmedia.rs\/wp-content\/uploads\/2019\/04\/upad11-238x178.jpg 238w, https:\/\/centralmedia.rs\/wp-content\/uploads\/2019\/04\/upad11-640x480.jpg 640w, https:\/\/centralmedia.rs\/wp-content\/uploads\/2019\/04\/upad11-681x511.jpg 681w\" sizes=\"(max-width: 1280px) 100vw, 1280px\" \/><\/a>\n\t\t\t<\/div><\/figure><figure class='gallery-item'>\n\t\t\t<div class='gallery-icon landscape'>\n\t\t\t\t<a href='https:\/\/centralmedia.rs\/index.php\/2019\/04\/12\/aktivisti-sns-koji-su-upali-u-so-paracin-nemaju-zahteve-paunovic-mogu-da-sede-spavaju-strajkju-gladu\/sns-4\/'><img loading=\"lazy\" decoding=\"async\" width=\"1312\" height=\"640\" src=\"https:\/\/centralmedia.rs\/wp-content\/uploads\/2019\/04\/sns.jpg\" class=\"attachment-full size-full\" alt=\"\" srcset=\"https:\/\/centralmedia.rs\/wp-content\/uploads\/2019\/04\/sns.jpg 1312w, https:\/\/centralmedia.rs\/wp-content\/uploads\/2019\/04\/sns-300x146.jpg 300w, https:\/\/centralmedia.rs\/wp-content\/uploads\/2019\/04\/sns-768x375.jpg 768w, https:\/\/centralmedia.rs\/wp-content\/uploads\/2019\/04\/sns-1024x500.jpg 1024w, https:\/\/centralmedia.rs\/wp-content\/uploads\/2019\/04\/sns-861x420.jpg 861w, https:\/\/centralmedia.rs\/wp-content\/uploads\/2019\/04\/sns-640x312.jpg 640w, https:\/\/centralmedia.rs\/wp-content\/uploads\/2019\/04\/sns-681x332.jpg 681w\" sizes=\"(max-width: 1312px) 100vw, 1312px\" \/><\/a>\n\t\t\t<\/div><\/figure>\n\t\t<\/div>\n\n<p>Predsednik op\u0161tine Paunovi\u0107 je u izjavi medijima istakao da aktivisti SNS koji su upali u zgradu op\u0161tine nisu kazali ili predali zahteve i da ne razume razloge za upad i zauzimanje skup\u0161tinske sale. Ne\u0161to kasnije, ve\u0107i deo aktivista SNS napustio je salu, neki su se usput ,,poslu\u017eili&#8221; slatkim paketima namenjenim u\u010denicima i sportistima,\u00a0 u sali su ostali odbornici SNS. Predsednik SO Dragan Miti\u0107 izjavio je medijima ,,da je saznao da je re\u010d o nezadovoljnim radnicima preduze\u0107a Eurolin, koje nije dobilo subvencije za prevoz za ovu godinu jer su odbornici smatrali da sredstva treba utro\u0161iti na dugoro\u010dne investicije&#8221;, a potom je sazvao je vanrednu sednicu SO. Odbornici su usvojili zaklju\u010dke o nasilnom upadu aktivista SNS u zgradu Op\u0161tine. Po zavr\u0161etku sednice, i dalje bez ikakvog zahteva, nekoliko odbornika SNS ostaje u sali i odlu\u010duju da tu preno\u0107e. Iz sale su mogli da iza\u0111u u svakom trenutku jer nisu bili zaklju\u010dani, a kamere su snimile odbornika SNS Milana Ili\u0107a kako slobodno \u0161eta zgradom.<\/p>\n<p><img loading=\"lazy\" decoding=\"async\" class=\"alignnone wp-image-17232 size-large\" src=\"http:\/\/centralmedia.rs\/wp-content\/uploads\/2019\/04\/strajk-gladju-1024x498.jpg\" alt=\"\" width=\"640\" height=\"311\" srcset=\"https:\/\/centralmedia.rs\/wp-content\/uploads\/2019\/04\/strajk-gladju-1024x498.jpg 1024w, https:\/\/centralmedia.rs\/wp-content\/uploads\/2019\/04\/strajk-gladju-300x146.jpg 300w, https:\/\/centralmedia.rs\/wp-content\/uploads\/2019\/04\/strajk-gladju-768x373.jpg 768w, https:\/\/centralmedia.rs\/wp-content\/uploads\/2019\/04\/strajk-gladju-864x420.jpg 864w, https:\/\/centralmedia.rs\/wp-content\/uploads\/2019\/04\/strajk-gladju-640x311.jpg 640w, https:\/\/centralmedia.rs\/wp-content\/uploads\/2019\/04\/strajk-gladju-681x331.jpg 681w, https:\/\/centralmedia.rs\/wp-content\/uploads\/2019\/04\/strajk-gladju.jpg 1280w\" sizes=\"(max-width: 640px) 100vw, 640px\" \/><\/p>\n<blockquote><p><strong>Otpu\u0161teni Staklarci ,,oterali&#8221; Jovanova<\/strong><\/p>\n<p>Oko 19 sati 12. aprila ispred zgrade Op\u0161tine biv\u0161i radnici Staklare su se okupili, jer su saznali da \u0107e se lokalnim aktivistima SNS, ispred zgrade Op\u0161tinske uprave, obratiti neko od visokih strana\u010dkih funkcionera, kako bi direktno od predstavnika vode\u0107e politi\u010dke stranke u Srbiji, zatra\u017eili odgovore na pitanja u vezi situacije u kojoj su vi\u0161e od 19 meseci. Me\u0111utim \u201eOtpu\u0161teni preko fejsa\u201c ostali su bez odgovora, jer se te ve\u010deri potpredsednik SNS Milenko Jovanov obratio samo okupljenim aktivistima te stranke ispred Op\u0161tine, ignori\u0161u\u0107i\u00a0 zahteve okupljenih otpu\u0161tenih radnika SFS. Biv\u0161e Staklarce nije udostojio odgovora na njihova pitanja i ubrzo je pre\u0161ao u zgradu preko puta op\u0161tine.<\/p><\/blockquote>\n","protected":false},"excerpt":{"rendered":"<p>PARA\u0106IN- U lo\u0161e osmi\u0161ljenoj re\u017eiji, aktivisti i odbornici para\u0107inskog SNS upali su u op\u0161tinu i bez ikakavih zahteva pre desetak dana ,,okupirali&#8221; su salu ukojoj &hellip; <\/p>\n","protected":false},"author":2,"featured_media":17083,"comment_status":"open","ping_status":"open","sticky":false,"template":"","format":"standard","meta":{"footnotes":""},"categories":[1524,2,1516,13,887,12],"tags":[156,552,136,3658],"_links":{"self":[{"href":"https:\/\/centralmedia.rs\/index.php\/wp-json\/wp\/v2\/posts\/17305"}],"collection":[{"href":"https:\/\/centralmedia.rs\/index.php\/wp-json\/wp\/v2\/posts"}],"about":[{"href":"https:\/\/centralmedia.rs\/index.php\/wp-json\/wp\/v2\/types\/post"}],"author":[{"embeddable":true,"href":"https:\/\/centralmedia.rs\/index.php\/wp-json\/wp\/v2\/users\/2"}],"replies":[{"embeddable":true,"href":"https:\/\/centralmedia.rs\/index.php\/wp-json\/wp\/v2\/comments?post=17305"}],"version-history":[{"count":3,"href":"https:\/\/centralmedia.rs\/index.php\/wp-json\/wp\/v2\/posts\/17305\/revisions"}],"predecessor-version":[{"id":17317,"href":"https:\/\/centralmedia.rs\/index.php\/wp-json\/wp\/v2\/posts\/17305\/revisions\/17317"}],"wp:featuredmedia":[{"embeddable":true,"href":"https:\/\/centralmedia.rs\/index.php\/wp-json\/wp\/v2\/media\/17083"}],"wp:attachment":[{"href":"https:\/\/centralmedia.rs\/index.php\/wp-json\/wp\/v2\/media?parent=17305"}],"wp:term":[{"taxonomy":"category","embeddable":true,"href":"https:\/\/centralmedia.rs\/index.php\/wp-json\/wp\/v2\/categories?post=17305"},{"taxonomy":"post_tag","embeddable":true,"href":"https:\/\/centralmedia.rs\/index.php\/wp-json\/wp\/v2\/tags?post=17305"}],"curies":[{"name":"wp","href":"https:\/\/api.w.org\/{rel}","templated":true}]}}