{"id":17325,"date":"2019-04-25T11:07:24","date_gmt":"2019-04-25T11:07:24","guid":{"rendered":"http:\/\/centralmedia.rs\/?p=17325"},"modified":"2019-04-29T16:06:28","modified_gmt":"2019-04-29T16:06:28","slug":"radost-uskrsa-podeljena-sa-najranjivijima","status":"publish","type":"post","link":"https:\/\/centralmedia.rs\/index.php\/2019\/04\/25\/radost-uskrsa-podeljena-sa-najranjivijima\/","title":{"rendered":"RADOST USKRSA PODELJENA SA NAJRANJIVIJIMA"},"content":{"rendered":"<p>PARA\u0106IN-Povodom predstoje\u0107eg praznika Uskrsa danas je vaskr\u0161nje paketi dobilo 186 deci koja su u stanju socijalne potrebe. Tre\u0107u godinu za redom ovu humanu akciju organizuju Op\u0161tina Para\u0107in i Centar za socijalni rad na inicijativu odborni\u010dke grupe Pokret za selo i grad &#8211; Ekolo\u0161ki pokret. Marko Petrovi\u0107, \u010dlan ve\u0107a za socijalna pitanja je podelio pakete deci i istakao da \u0107e lokalna samouprava nastaviti da brine o svojim sugra\u0111anima kojima je pomo\u0107 potrebna. Pakete je dobilo 170. dece iz osnovnih \u0161kola, kao i 16. korisnika Dnevnog boravka sa smetnjama u razvoju.<\/p>\n<div id='gallery-1' class='gallery galleryid-17325 gallery-columns-3 gallery-size-full'><figure class='gallery-item'>\n\t\t\t<div class='gallery-icon portrait'>\n\t\t\t\t<a href='https:\/\/centralmedia.rs\/index.php\/2019\/04\/25\/radost-uskrsa-podeljena-sa-najranjivijima\/uskrs-2\/'><img loading=\"lazy\" decoding=\"async\" width=\"720\" height=\"960\" src=\"https:\/\/centralmedia.rs\/wp-content\/uploads\/2019\/04\/uskrs.jpg\" class=\"attachment-full size-full\" alt=\"\" srcset=\"https:\/\/centralmedia.rs\/wp-content\/uploads\/2019\/04\/uskrs.jpg 720w, https:\/\/centralmedia.rs\/wp-content\/uploads\/2019\/04\/uskrs-225x300.jpg 225w, https:\/\/centralmedia.rs\/wp-content\/uploads\/2019\/04\/uskrs-315x420.jpg 315w, https:\/\/centralmedia.rs\/wp-content\/uploads\/2019\/04\/uskrs-640x853.jpg 640w, https:\/\/centralmedia.rs\/wp-content\/uploads\/2019\/04\/uskrs-681x908.jpg 681w\" sizes=\"(max-width: 720px) 100vw, 720px\" \/><\/a>\n\t\t\t<\/div><\/figure><figure class='gallery-item'>\n\t\t\t<div class='gallery-icon landscape'>\n\t\t\t\t<a href='https:\/\/centralmedia.rs\/index.php\/2019\/04\/25\/radost-uskrsa-podeljena-sa-najranjivijima\/uskrs1\/'><img loading=\"lazy\" decoding=\"async\" width=\"2048\" height=\"1536\" src=\"https:\/\/centralmedia.rs\/wp-content\/uploads\/2019\/04\/uskrs1.jpg\" class=\"attachment-full size-full\" alt=\"\" srcset=\"https:\/\/centralmedia.rs\/wp-content\/uploads\/2019\/04\/uskrs1.jpg 2048w, https:\/\/centralmedia.rs\/wp-content\/uploads\/2019\/04\/uskrs1-300x225.jpg 300w, https:\/\/centralmedia.rs\/wp-content\/uploads\/2019\/04\/uskrs1-768x576.jpg 768w, https:\/\/centralmedia.rs\/wp-content\/uploads\/2019\/04\/uskrs1-1024x768.jpg 1024w, https:\/\/centralmedia.rs\/wp-content\/uploads\/2019\/04\/uskrs1-560x420.jpg 560w, https:\/\/centralmedia.rs\/wp-content\/uploads\/2019\/04\/uskrs1-80x60.jpg 80w, https:\/\/centralmedia.rs\/wp-content\/uploads\/2019\/04\/uskrs1-100x75.jpg 100w, https:\/\/centralmedia.rs\/wp-content\/uploads\/2019\/04\/uskrs1-180x135.jpg 180w, https:\/\/centralmedia.rs\/wp-content\/uploads\/2019\/04\/uskrs1-238x178.jpg 238w, https:\/\/centralmedia.rs\/wp-content\/uploads\/2019\/04\/uskrs1-640x480.jpg 640w, https:\/\/centralmedia.rs\/wp-content\/uploads\/2019\/04\/uskrs1-681x511.jpg 681w\" sizes=\"(max-width: 2048px) 100vw, 2048px\" \/><\/a>\n\t\t\t<\/div><\/figure><figure class='gallery-item'>\n\t\t\t<div class='gallery-icon landscape'>\n\t\t\t\t<a href='https:\/\/centralmedia.rs\/index.php\/2019\/04\/25\/radost-uskrsa-podeljena-sa-najranjivijima\/uskrs2\/'><img loading=\"lazy\" decoding=\"async\" width=\"2048\" height=\"1536\" src=\"https:\/\/centralmedia.rs\/wp-content\/uploads\/2019\/04\/uskrs2.jpg\" class=\"attachment-full size-full\" alt=\"\" srcset=\"https:\/\/centralmedia.rs\/wp-content\/uploads\/2019\/04\/uskrs2.jpg 2048w, https:\/\/centralmedia.rs\/wp-content\/uploads\/2019\/04\/uskrs2-300x225.jpg 300w, https:\/\/centralmedia.rs\/wp-content\/uploads\/2019\/04\/uskrs2-768x576.jpg 768w, https:\/\/centralmedia.rs\/wp-content\/uploads\/2019\/04\/uskrs2-1024x768.jpg 1024w, https:\/\/centralmedia.rs\/wp-content\/uploads\/2019\/04\/uskrs2-560x420.jpg 560w, https:\/\/centralmedia.rs\/wp-content\/uploads\/2019\/04\/uskrs2-80x60.jpg 80w, https:\/\/centralmedia.rs\/wp-content\/uploads\/2019\/04\/uskrs2-100x75.jpg 100w, https:\/\/centralmedia.rs\/wp-content\/uploads\/2019\/04\/uskrs2-180x135.jpg 180w, https:\/\/centralmedia.rs\/wp-content\/uploads\/2019\/04\/uskrs2-238x178.jpg 238w, https:\/\/centralmedia.rs\/wp-content\/uploads\/2019\/04\/uskrs2-640x480.jpg 640w, https:\/\/centralmedia.rs\/wp-content\/uploads\/2019\/04\/uskrs2-681x511.jpg 681w\" sizes=\"(max-width: 2048px) 100vw, 2048px\" \/><\/a>\n\t\t\t<\/div><\/figure>\n\t\t<\/div>\n\n","protected":false},"excerpt":{"rendered":"<p>PARA\u0106IN-Povodom predstoje\u0107eg praznika Uskrsa danas je vaskr\u0161nje paketi dobilo 186 deci koja su u stanju socijalne potrebe. Tre\u0107u godinu za redom ovu humanu akciju organizuju &hellip; <\/p>\n","protected":false},"author":2,"featured_media":17326,"comment_status":"open","ping_status":"open","sticky":false,"template":"","format":"standard","meta":{"footnotes":""},"categories":[1524,2,23,1516,887,30],"tags":[3659,156,3088,757],"_links":{"self":[{"href":"https:\/\/centralmedia.rs\/index.php\/wp-json\/wp\/v2\/posts\/17325"}],"collection":[{"href":"https:\/\/centralmedia.rs\/index.php\/wp-json\/wp\/v2\/posts"}],"about":[{"href":"https:\/\/centralmedia.rs\/index.php\/wp-json\/wp\/v2\/types\/post"}],"author":[{"embeddable":true,"href":"https:\/\/centralmedia.rs\/index.php\/wp-json\/wp\/v2\/users\/2"}],"replies":[{"embeddable":true,"href":"https:\/\/centralmedia.rs\/index.php\/wp-json\/wp\/v2\/comments?post=17325"}],"version-history":[{"count":1,"href":"https:\/\/centralmedia.rs\/index.php\/wp-json\/wp\/v2\/posts\/17325\/revisions"}],"predecessor-version":[{"id":17330,"href":"https:\/\/centralmedia.rs\/index.php\/wp-json\/wp\/v2\/posts\/17325\/revisions\/17330"}],"wp:featuredmedia":[{"embeddable":true,"href":"https:\/\/centralmedia.rs\/index.php\/wp-json\/wp\/v2\/media\/17326"}],"wp:attachment":[{"href":"https:\/\/centralmedia.rs\/index.php\/wp-json\/wp\/v2\/media?parent=17325"}],"wp:term":[{"taxonomy":"category","embeddable":true,"href":"https:\/\/centralmedia.rs\/index.php\/wp-json\/wp\/v2\/categories?post=17325"},{"taxonomy":"post_tag","embeddable":true,"href":"https:\/\/centralmedia.rs\/index.php\/wp-json\/wp\/v2\/tags?post=17325"}],"curies":[{"name":"wp","href":"https:\/\/api.w.org\/{rel}","templated":true}]}}