{"id":17430,"date":"2019-05-03T08:00:41","date_gmt":"2019-05-03T08:00:41","guid":{"rendered":"http:\/\/centralmedia.rs\/?p=17430"},"modified":"2019-05-07T11:31:10","modified_gmt":"2019-05-07T11:31:10","slug":"nuns-povodom-3-maja-svetskog-dana-slobode-medija-pet-minuta-gromoglasne-tisine","status":"publish","type":"post","link":"https:\/\/centralmedia.rs\/index.php\/2019\/05\/03\/nuns-povodom-3-maja-svetskog-dana-slobode-medija-pet-minuta-gromoglasne-tisine\/","title":{"rendered":"NUNS: Povodom 3. maja \u2013 Svetskog dana slobode medija PET MINUTA GROMOGLASNE TI\u0160INE"},"content":{"rendered":"<p>Nezavisno udru\u017eenje novinara Srbije, Nezavisno dru\u0161tvo novinara Vojvodine i Granski sindikat kulture, umetnosti i medija \u201cNezavisnost\u201d pozivaju sve novinare\/ke i medije da na Svetski dan slobode medija u petak 3. maja, U PET DO DVANAEST isklju\u010de ton, zamra\u010de ekrane i \u0107utke se pridru\u017ee me\u0111unarodnoj simboli\u010dnoj akciji PET MINUTA GROMOGLASNE TI\u0160INE kako bi nadle\u017ene i naj\u0161iru javnost jo\u0161 jednom upozorili na katastrofalan polo\u017eaj novinarske profesije, medija i medijskih radnika u Srbiji.<\/p>\n<p>Koliko su slobode medija i javnog izra\u017eavanja ugro\u017eene pokazuje lista medijskih sloboda Reportera bez granica za 2019. godinu na kojoj se Srbija nalazi na 90.mestu od ukupno 180 zemalja, \u0161to je pad za 14 mesta u odnosu na pro\u0161lu godinu.<\/p>\n<p>Na Me\u0111unarodni dan slobode medija ukazujemo na sve dublje siroma\u0161tvo novinara i drugih medijskih profesionalaca koji svoj te\u017eak i odgovoran posao obavljaju nesigurni za svoju sigurnost i za poni\u017eavaju\u0107e plate koje su na samom dnu lestvice me\u0111u svim profesijama koje podrazumevaju visok nivo znanja iintegriteta. Podse\u0107amo i da su vlast i dr\u017eava du\u017eni da novinarima i medijima u Srbiji obezbede slobodan rad, bez diskriminacije, pritisaka i cenzure, kako bi se stvorilisvi neophodni uslovi za slobodu informisanja, kao i za slobodnu i fer utakmicu na medijskom tr\u017ei\u0161tu.<\/p>\n<p>Povodom dana slobode medija NUNS, NDNV i \u201cNezavisnost\u201d ponavljaju zahtev da se do kraja rasvetle ubistva Dade Vujasinovi\u0107, Slavka \u0106uruvije i Milana Panti\u0107a, te da se nalogodavci i po\u010dinioci zlo\u010dina privedu pravdi. Zahtevamo i da se rasvetle i drugi napadi na medijske radnike, posebno da se unapredi za\u0161tita novinara od sve \u010de\u0161\u0107ih pretnji i pritisaka putem dru\u0161tvenih mre\u017ea.<\/p>\n<p>NEZAVISNO UDRU\u017dENJE NOVINARA SRBIJE<\/p>\n<p>NEZAVISNO DRU\u0160TVO NOVINARA VOJVODINE<\/p>\n<p>GRANSKI SINDIKAT KULTURE, UMETNOSTI I MEDIJA \u201cNEZAVISNOST\u201d<\/p>\n<p>U Beogradu, 02. maja 2019.<\/p>\n<p>&nbsp;<\/p>\n","protected":false},"excerpt":{"rendered":"<p>Nezavisno udru\u017eenje novinara Srbije, Nezavisno dru\u0161tvo novinara Vojvodine i Granski sindikat kulture, umetnosti i medija \u201cNezavisnost\u201d pozivaju sve novinare\/ke i medije da na Svetski dan &hellip; <\/p>\n","protected":false},"author":2,"featured_media":11960,"comment_status":"open","ping_status":"open","sticky":false,"template":"","format":"standard","meta":{"footnotes":""},"categories":[14,2,12],"tags":[137,2840,3675],"_links":{"self":[{"href":"https:\/\/centralmedia.rs\/index.php\/wp-json\/wp\/v2\/posts\/17430"}],"collection":[{"href":"https:\/\/centralmedia.rs\/index.php\/wp-json\/wp\/v2\/posts"}],"about":[{"href":"https:\/\/centralmedia.rs\/index.php\/wp-json\/wp\/v2\/types\/post"}],"author":[{"embeddable":true,"href":"https:\/\/centralmedia.rs\/index.php\/wp-json\/wp\/v2\/users\/2"}],"replies":[{"embeddable":true,"href":"https:\/\/centralmedia.rs\/index.php\/wp-json\/wp\/v2\/comments?post=17430"}],"version-history":[{"count":1,"href":"https:\/\/centralmedia.rs\/index.php\/wp-json\/wp\/v2\/posts\/17430\/revisions"}],"predecessor-version":[{"id":17431,"href":"https:\/\/centralmedia.rs\/index.php\/wp-json\/wp\/v2\/posts\/17430\/revisions\/17431"}],"wp:featuredmedia":[{"embeddable":true,"href":"https:\/\/centralmedia.rs\/index.php\/wp-json\/wp\/v2\/media\/11960"}],"wp:attachment":[{"href":"https:\/\/centralmedia.rs\/index.php\/wp-json\/wp\/v2\/media?parent=17430"}],"wp:term":[{"taxonomy":"category","embeddable":true,"href":"https:\/\/centralmedia.rs\/index.php\/wp-json\/wp\/v2\/categories?post=17430"},{"taxonomy":"post_tag","embeddable":true,"href":"https:\/\/centralmedia.rs\/index.php\/wp-json\/wp\/v2\/tags?post=17430"}],"curies":[{"name":"wp","href":"https:\/\/api.w.org\/{rel}","templated":true}]}}