{"id":17432,"date":"2019-05-03T08:02:03","date_gmt":"2019-05-03T08:02:03","guid":{"rendered":"http:\/\/centralmedia.rs\/?p=17432"},"modified":"2019-05-07T11:31:22","modified_gmt":"2019-05-07T11:31:22","slug":"proglas-udruzenja-novinara-srbije-povodom-3-maja-svetskog-dana-slobode-medija","status":"publish","type":"post","link":"https:\/\/centralmedia.rs\/index.php\/2019\/05\/03\/proglas-udruzenja-novinara-srbije-povodom-3-maja-svetskog-dana-slobode-medija\/","title":{"rendered":"Proglas Udru\u017eenja novinara Srbije povodom 3. maja, Svetskog dana slobode medija"},"content":{"rendered":"<p>Povodom Svetskog dana slobode medija koji se obele\u017eava 3. maja akcijom Pet minuta gromoglasne ti\u0161ine pozivamo novinare i medijske radnike da 3. maja od 11.55 do 12 sati u elektronskim medijima pro\u010ditaju ili prika\u017eu na ekranu, a u onlajn i \u0161tampanim medijima da objave ovaj<\/p>\n<p><strong>P R O G L A S<\/strong><\/p>\n<p>Godinu izme\u0111u dva Svetska dana slobode medija novinari u Srbiji pamti\u0107e po paljenju ku\u0107e novinara portala \u201e\u017dig info\u201c Milana Jovanovi\u0107a, pretnjama zatvorom za novinare zbog kr\u0161enja pretpostavke nevinosti, pritiscima i koncentraciji vlasni\u0161tva u medijima.<\/p>\n<p>Novinari \u0107e godinu pamtiti i po prvostepenoj presudi ubicama vlasnika i novinara \u201eEvropljanina\u201c i \u201eDnevnog telegrafa\u201c Slavka \u0106uruvije koju su \u010dekali dve decenije i brzom podizanju optu\u017enice protiv predsednika op\u0161tine Grocka Dragoljuba Simonovi\u0107a za paljenje ku\u0107e Milana Jovanovi\u0107a.<\/p>\n<p>U godini za nama nastavljen je sunovrat projektnog sufinansiranja medijskog sadr\u017eaja. Osim lokalnih konkursa, i konkurs Ministarstva kulture i informisanja za televizije i produkcije prvi put s razlogom osporila su reprezentativna novinarska udru\u017eenja. Sve vi\u0161e novca, suprotno propisima, dobili su provladini tabloidi koji otvoreno kr\u0161e Kodeks novinara.<\/p>\n<p>Na Svetski dan slobode medija koleginica Maja Pavlovi\u0107, vlasnica Kanala 9 iz Novog Sada, \u00a019. dan \u0161trajkuje gla\u0111u jer Upravni sud u Novom Sadu \u010detiri godine razvla\u010di spor po njenoj tu\u017ebi \u0161to ima lokalnu, a mora da pla\u0107a regionalnu frekvenciju.<\/p>\n<p>Vrhovni kasacioni sud avgusta 2018. presudio je da je novinarka \u201ePolitike\u201c Svetlana Vasovi\u0107 Mekina nezakonito otpu\u0161tena nakon \u0161to je objavila ekskluzivnu informaciju o planu priznavanja Kosova po instrukcijama Stejt departmenta Sloveniji. Direktorka \u201ePolitike\u201c Mira Gli\u0161i\u0107 Simi\u0107 ne po\u0161tuje sudsku odluku i koleginicu Vasovi\u0107 Mekina ne vra\u0107a na posao, a dr\u017eava kao suvlasnik \u201ePolitike\u201c to toleri\u0161e.<\/p>\n<p>UNS zato zahteva:<\/p>\n<ol>\n<li>Da Vlada uspostavi dijalog sa novinarima i medijima, uva\u017eavaju\u0107i standarde novinarske profesije i potrebe gra\u0111ana za pravovremenim, istinitim, nepristrasnim i potpunim informisanjem;<\/li>\n<li>Da Vlada do kraja godine omogu\u0107i izradu medijskih zakona proiza\u0161lih iz Strategije razvoja sistema javnog informisanja (Medijska strategija);<\/li>\n<li>Da Vlada u sprovo\u0111enju Medijske strategije predlo\u017ei zakone kojima \u0107e podsticati po\u0161tovanje profesionalnih i eti\u010dkih standarda u medijima, kao i radna prava novinara i medijskih radnika;<\/li>\n<li>Da se izmenama medijskog zakonodavstva osigura obaveza lokalnih samouprava (osim gradova sa vi\u0161e od 300.000 stanovnika) da izdvajaju najmanje dva odsto bud\u017eeta za projektno sufinansiranje medijskog sadr\u017eaja uklju\u010duju\u0107i i informativne programe;<\/li>\n<li>Da do promene medijskog zakonodavstva Vlada odnosno Ministarstvo za dr\u017eavnu upravu i lokalnu samoupravu i Ministarstvo kulture i informisanja jasno daju na znanje lokalnim samoupravama da ne\u0107e tolerisati zloupotrebe u projektnom sufinansiranju medija;<\/li>\n<li>Da organi na svim nivoima vlasti po\u0161tuju Zakon o slobodnom pristupu informacija od javnog zna\u010daja i odgovaraju na zahteve medija ne dele\u0107i ih na podobne i nepodobne;<\/li>\n<li>Da dr\u017eava dokle god je suvlasnik medija po\u0161tuje radna i profesionalna prava novinara i medijskih radnika;<\/li>\n<li>\u00a0Da Vlada pru\u017ei podr\u0161ku Komisiji za istra\u017eivanje ubistava novinara kako bi \u0161to pre bila podignuta optu\u017enica za ubistvo novinara Milana Panti\u0107a i bile rasvetljene okolnosti smrti Dade Vujasinovi\u0107;<\/li>\n<li>Da Specijalno tu\u017eila\u0161tvo za ratne zlo\u010dine po\u010dne da radi svoj posao i kada su u pitanju sudbine vi\u0161e od 40 novinara i medijskih radnika srpskih redakcija ubijenih u gra\u0111anskom ratu u biv\u0161oj Jugoslaviji, tokom NATO agresije 1999. godine, kao i na Kosovu i Metohiji od 1998. do 2005. godine.<\/li>\n<\/ol>\n<p>&nbsp;<\/p>\n","protected":false},"excerpt":{"rendered":"<p>Povodom Svetskog dana slobode medija koji se obele\u017eava 3. maja akcijom Pet minuta gromoglasne ti\u0161ine pozivamo novinare i medijske radnike da 3. maja od 11.55 &hellip; <\/p>\n","protected":false},"author":2,"featured_media":11401,"comment_status":"open","ping_status":"open","sticky":false,"template":"","format":"standard","meta":{"footnotes":""},"categories":[14,2,12],"tags":[3676,2694],"_links":{"self":[{"href":"https:\/\/centralmedia.rs\/index.php\/wp-json\/wp\/v2\/posts\/17432"}],"collection":[{"href":"https:\/\/centralmedia.rs\/index.php\/wp-json\/wp\/v2\/posts"}],"about":[{"href":"https:\/\/centralmedia.rs\/index.php\/wp-json\/wp\/v2\/types\/post"}],"author":[{"embeddable":true,"href":"https:\/\/centralmedia.rs\/index.php\/wp-json\/wp\/v2\/users\/2"}],"replies":[{"embeddable":true,"href":"https:\/\/centralmedia.rs\/index.php\/wp-json\/wp\/v2\/comments?post=17432"}],"version-history":[{"count":1,"href":"https:\/\/centralmedia.rs\/index.php\/wp-json\/wp\/v2\/posts\/17432\/revisions"}],"predecessor-version":[{"id":17433,"href":"https:\/\/centralmedia.rs\/index.php\/wp-json\/wp\/v2\/posts\/17432\/revisions\/17433"}],"wp:featuredmedia":[{"embeddable":true,"href":"https:\/\/centralmedia.rs\/index.php\/wp-json\/wp\/v2\/media\/11401"}],"wp:attachment":[{"href":"https:\/\/centralmedia.rs\/index.php\/wp-json\/wp\/v2\/media?parent=17432"}],"wp:term":[{"taxonomy":"category","embeddable":true,"href":"https:\/\/centralmedia.rs\/index.php\/wp-json\/wp\/v2\/categories?post=17432"},{"taxonomy":"post_tag","embeddable":true,"href":"https:\/\/centralmedia.rs\/index.php\/wp-json\/wp\/v2\/tags?post=17432"}],"curies":[{"name":"wp","href":"https:\/\/api.w.org\/{rel}","templated":true}]}}