{"id":17434,"date":"2019-05-03T14:50:10","date_gmt":"2019-05-03T14:50:10","guid":{"rendered":"http:\/\/centralmedia.rs\/?p=17434"},"modified":"2019-05-07T11:27:59","modified_gmt":"2019-05-07T11:27:59","slug":"saopstenje-za-javnost-opstinskog-veca-opstine-paracin-povodom-izjava-marka-durica","status":"publish","type":"post","link":"https:\/\/centralmedia.rs\/index.php\/2019\/05\/03\/saopstenje-za-javnost-opstinskog-veca-opstine-paracin-povodom-izjava-marka-durica\/","title":{"rendered":"Saop\u0161tenje za javnost Op\u0161tinskog ve\u0107a Op\u0161tine Para\u0107in povodom izjave Marka \u0110uri\u0107a"},"content":{"rendered":"<p>PARA\u0106IN- Niz neistina koje je izneo visoki dr\u017eavni funkcioner Marko \u0110uri\u0107 Op\u0161tinsko ve\u0107e Op\u0161tine Para\u0107in shvata kao ozbiljnu pretnju i napad na lokalnu samoupravu, stoji u saop\u0161tenju Op\u0161tinskog ve\u0107a Op\u0161tine Para\u0107in.<\/p>\n<p>Op\u0161tinsko ve\u0107e podse\u0107a Marka \u0110uri\u0107a da je Op\u0161tina Para\u0107in izme\u0111u ostalog od strane DRI progla\u0161ena za najbolju op\u0161tinu u kontrolama DRI do 2014.god. i da je sli\u010dno priznanje na osnovu izve\u0161taja DRI dobila i 2018.god. u okviru Programa Ujedinjenih nacija \u00a0za razvoj \u2013 UNDP za primer dobre prakse u upravljanju javnim finansijama. Op\u0161tina Para\u0107in je 2016.god. progla\u0161ena za najtransparentniju op\u0161tinu u Srbiji, a 2012. godine za najbolje preduze\u0107e u Srbiji u oblasti javnih nabavki (po mi\u0161ljenju dr\u017eavne uprave za javne nabavke) progla\u0161ena je JP \u201eDirekcija za izgradnju\u201c Para\u0107in. Op\u0161tina Para\u0107in dobila je 2010.godine i priznanje od strane Poverenika za informacije od javnog zna\u010daja i za\u0161titu podatka o li\u010dnosti za poseban doprinos afirmisanju prava na slobodan pristup informacijama od javnog zna\u010daja i transparentnost u radu, ka\u017ee se u saop\u0161tenju Op\u0161tinskog ve\u0107a op\u0161tine Para\u0107in.<\/p>\n<p>Sa druge strane partiju Marka \u0110uri\u0107a u Para\u0107inu vode neki od najbogatijih Para\u0107inaca, koji su svoje po\u010detno bogatstvo stekli bave\u0107i se trgovinom cementom devedesetih, kupuju\u0107i zatim dru\u0161tvena preduze\u0107a, obavljaju\u0107i i monopolske poslove, uz ozbiljnu sumnju da su u sukobu interesa i uz neoborivu \u010dinjenicu da su me\u0111u njima i lica pravosna\u017eno osu\u0111ivana od strane tu\u017eila\u0161tva za organizovani kriminal, navodi se u saop\u0161tenju Op\u0161tinskog ve\u0107a op\u0161tine Para\u0107in.<\/p>\n<p>Poru\u010dujemo Marku \u0110uri\u0107u da tajkune i osu\u0111ivane kriminalce ne mora da tra\u017ei u tri lokalne samouprave gde SNS nije na vlasti, od ukupno 167 koliko ih ima u Srbiji. Nek se prvo pozabavi onima koji su u redovima SNS-a, uklju\u010duju\u0107i povereni\u0161tvo SNS u Para\u0107inu, poru\u010dili su \u010dlanovi Op\u0161tinskog ve\u0107a op\u0161tine Para\u0107in.<\/p>\n<p>Nasilna priroda dosada\u0161njih akcija SNS-a protiv lokalne samouprave u Para\u0107inu dobro je dokumentovana, ne samo kroz izve\u0161taje medija, nego i kroz podnete prijave za reme\u0107enje javnog reda i mira. Ovim nasilnim akcijama naprednjaka bavile su se i me\u0111unarodne organizacije posve\u0107ene o\u010duvanju lokane demokratije i ljudskih prava, kakva je i Savet Evrope \u010diji je punopravni \u010dlan i Srbija, koja je ratifikuju\u0107i povelje Saveta Evrope preuzela i odgovaraju\u0107e obaveze kako bi dokazala da je deo civilizovanog sveta.<\/p>\n<p>Spremni smo da do\u010dekamo novi juri\u0161 para\u0107inskih naprednjaka, njihovih tajkuna i osu\u0111ivanih kriminalaca u njihovim redovima na lokalnu samoupravu. Kandidovali smo se na izborima izme\u0111u ostalog upravo i zato da bismo od takvih \u0161titili ustavni poredak, slobodu, demokratiju, uklju\u010duju\u0107i i lokalnu demokratiju i pravo na lokalnu samoupravu. To je deo na\u0161e misije od koje ne\u0107emo odustati, stoji na kraju saop\u0161tenja koje je potpisao predsednik Sa\u0161a Paunovi\u0107.<\/p>\n<p>Povod za ovo saop\u0161tenje bila je izjava direktora Kancelarije za KIM i visokog funckionera SNS Marka \u0110uri\u0107a o opoziciji u Srbiji i apostrofiranju lokalnih samouprava u kojima je opozicija na vlasti, te najavio proteste ,,gra\u0111ana&#8221; u tim op\u0161tinama.<\/p>\n<p>-SNS \u0107e nastaviti da raskrinkava &#8220;\u017eute lokalne tajkunske siled\u017eije u \u0160apcu, Para\u0107inu, Starom gradu&#8221;, rekao je \u0110uri\u0107 i dodao\u00a0 koji na najgori mogu\u0107i na\u010din izvrgavaju ruglu institucije skup\u0161tine op\u0161tina i lokalnih samouprava.<\/p>\n<p>-Ucenjuju radnike lokalnih samouprava gubitkom posla da moraju da prisustvuju njihovim mitinzima. Oni su zarobili lokalne samouprave i pretvorili ih u tajkunski servis. Koriste op\u0161tinske resurse da se vrate na vlast. Taj film ne\u0107e gledati, rekao je \u00d0uri\u0107.<\/p>\n<p>Kako ka\u017ee, predsednici lokalnih samouprava u Starom gradu, Para\u0107inu, \u0160apcu ne treba da se iznenade ako gra\u0111ani na njihovo pona\u0161anje odgovore protestima u tim op\u0161tinama i gradovima.<\/p>\n<p>-Njihov pravi motiv je da zgrabe vlast, da do\u0111u do dr\u017eavne kase koja se oporavlja. To je glavni razlog za\u0161to juri\u0161aju na ulicama. To nije juri\u0161 samo na institucije, to je juri\u0161 na dr\u017eavnu kasu, zaklju\u010dio je \u00d0uri\u0107.<\/p>\n<p style=\"background: white; font-variant-ligatures: normal; font-variant-caps: normal; orphans: 2; text-align: start; widows: 2; -webkit-text-stroke-width: 0px; text-decoration-style: initial; text-decoration-color: initial; word-spacing: 0px; margin: 4.2pt 0in 9.6pt 0in;\">Foto:\u00a0\u00a0print screen TV Kanal M<\/p>\n","protected":false},"excerpt":{"rendered":"<p>PARA\u0106IN- Niz neistina koje je izneo visoki dr\u017eavni funkcioner Marko \u0110uri\u0107 Op\u0161tinsko ve\u0107e Op\u0161tine Para\u0107in shvata kao ozbiljnu pretnju i napad na lokalnu samoupravu, stoji &hellip; <\/p>\n","protected":false},"author":2,"featured_media":17435,"comment_status":"open","ping_status":"open","sticky":false,"template":"","format":"standard","meta":{"footnotes":""},"categories":[1524,2,1516,13,887,12],"tags":[655,2181,156,2822,136],"_links":{"self":[{"href":"https:\/\/centralmedia.rs\/index.php\/wp-json\/wp\/v2\/posts\/17434"}],"collection":[{"href":"https:\/\/centralmedia.rs\/index.php\/wp-json\/wp\/v2\/posts"}],"about":[{"href":"https:\/\/centralmedia.rs\/index.php\/wp-json\/wp\/v2\/types\/post"}],"author":[{"embeddable":true,"href":"https:\/\/centralmedia.rs\/index.php\/wp-json\/wp\/v2\/users\/2"}],"replies":[{"embeddable":true,"href":"https:\/\/centralmedia.rs\/index.php\/wp-json\/wp\/v2\/comments?post=17434"}],"version-history":[{"count":3,"href":"https:\/\/centralmedia.rs\/index.php\/wp-json\/wp\/v2\/posts\/17434\/revisions"}],"predecessor-version":[{"id":17438,"href":"https:\/\/centralmedia.rs\/index.php\/wp-json\/wp\/v2\/posts\/17434\/revisions\/17438"}],"wp:featuredmedia":[{"embeddable":true,"href":"https:\/\/centralmedia.rs\/index.php\/wp-json\/wp\/v2\/media\/17435"}],"wp:attachment":[{"href":"https:\/\/centralmedia.rs\/index.php\/wp-json\/wp\/v2\/media?parent=17434"}],"wp:term":[{"taxonomy":"category","embeddable":true,"href":"https:\/\/centralmedia.rs\/index.php\/wp-json\/wp\/v2\/categories?post=17434"},{"taxonomy":"post_tag","embeddable":true,"href":"https:\/\/centralmedia.rs\/index.php\/wp-json\/wp\/v2\/tags?post=17434"}],"curies":[{"name":"wp","href":"https:\/\/api.w.org\/{rel}","templated":true}]}}